{"id":214953,"date":"2025-06-30T05:46:14","date_gmt":"2025-06-30T05:46:14","guid":{"rendered":"https:\/\/www.europesays.com\/fr\/214953\/"},"modified":"2025-06-30T05:46:14","modified_gmt":"2025-06-30T05:46:14","slug":"aldrich-potgieter-sort-vainqueur-dun-play-off-a-trois-a-detroit-week-end-a-oublier-pour-perez-et-rozner","status":"publish","type":"post","link":"https:\/\/www.europesays.com\/fr\/214953\/","title":{"rendered":"Aldrich Potgieter sort vainqueur d&rsquo;un play-off \u00e0 trois \u00e0 D\u00e9troit, week-end \u00e0 oublier pour Perez et Rozner"},"content":{"rendered":"<p>\t\t\t\t\t\t<img width=\"770\" height=\"556\" src=\"https:\/\/www.europesays.com\/fr\/wp-content\/uploads\/2025\/06\/golf-pga-tour-rocket-classic-aldrich-potgieter-770x556.jpg\" class=\"img-responsive wp-post-image\" alt=\"Aldrich Potgieter Photo by Raj Mehta \/ GETTY IMAGES NORTH AMERICA \/ Getty Images via AFP\" decoding=\"async\" fetchpriority=\"high\"  \/>\t\t\t\t\t<\/p>\n<p>\t\t\t\t\t\t Partager cet article <\/p>\n<p class=\"screen-reader-text juiz_sps_maybe_hidden_text\">Partager la publication \u00ab\u00a0Aldrich Potgieter sort vainqueur d\u2019un play-off \u00e0 trois \u00e0 D\u00e9troit, week-end \u00e0 oublier pour Perez et Rozner\u00a0\u00bb<\/p>\n<p><b>Pour la troisi\u00e8me fois en cinq ans, il a fallu avoir recours \u00e0 un play-off pour connaitre l\u2019identit\u00e9 du vainqueur du Rocket Classic. Battu en <\/b><strong>prolongation<\/strong><b> au Mexique en f\u00e9vrier le Sud Africain Aldrich Potgieter a cette fois d\u00e9croch\u00e9 son premier titre sur le PGA Tour en triomphant \u00e0 tout juste 20 ans des deux am\u00e9ricains Chris Kirk et Max Greyserman au bout de cinq trous de barrage.<\/b><\/p>\n<p>\u00a0<\/p>\n<p>Vainqueur \u00e0 17 ans du British Amateur et plus jeune <a href=\"https:\/\/www.golfplanete.com\/actualites\/un-record-de-precocite-sur-le-korn-ferry-tour\/\" rel=\"nofollow noopener\" target=\"_blank\">vainqueur \u00e0 19 ans sur le Korn Ferry Tour<\/a> l\u2019an dernier au Bahamas, <strong>Aldrich Potgieter<\/strong> n\u2019est pas le plus pr\u00e9coce golfeur \u00e0 s\u2019imposer sur le grand circuit am\u00e9ricain.<\/p>\n<p>Mais \u00e0 20 ans 9 mois et 16 jours le Sud Africain entre tout de m\u00eame dans un cercle tr\u00e8s ferm\u00e9 domin\u00e9 par <strong>Jordan Spieth<\/strong> vainqueur du John Deere Classic 2013, \u00e0 15 jours de son vingti\u00e8me anniversaire.<\/p>\n<p>\u00a0<\/p>\n<p>La preuve par cinq\u00a0\u00a0<\/p>\n<p>Pour parvenir \u00e0 ses fins apr\u00e8s <a href=\"https:\/\/www.golfplanete.com\/actualites\/pga-tour-mexico-open-campbell-le-miracule-terasse-potgieter-en-playoff\/\" rel=\"nofollow noopener\" target=\"_blank\">son \u00e9chec face \u00e0 Brian Campbell<\/a> sur le parcours du <strong>Vidanta World<\/strong>, Potgieter, leader apr\u00e8s 54 trous, a \u00e9t\u00e9 pouss\u00e9 dans ses derniers retranchements par deux am\u00e9ricains, auteurs de deux des plus belles cartes du jour.<\/p>\n<p>\t\t\t\t\t<a id=\"175272\" href=\"https:\/\/www.omegaeuropeanmasters.com\/fr\/tickets\/tickets\" target=\"_blank\" rel=\"sponsorised nofollow noopener\"><img decoding=\"async\" src=\"data:image\/svg+xml,%3Csvg%20xmlns=\" http:=\"\" class=\"img-responsive\" alt=\"\" data-lazy-src=\"https:\/\/www.europesays.com\/fr\/wp-content\/uploads\/2025\/06\/omegamasters-e01-billetterie-proam-1170x275-1.jpg\"\/><\/a><\/p>\n<p>Le sextuple vainqueur sur le PGA Tour,<strong> Chris Kirk<\/strong> et <strong>Max<\/strong> <strong>Greyserman<\/strong> pass\u00e9 tout pr\u00e8s de la victoire l\u2019an pass\u00e9 \u00e0 trois reprises.<\/p>\n<p>Les deux hommes ont sign\u00e9 dimanche des cartes de 67 et combl\u00e9 le retard de deux coups qu\u2019ils comptaient sur le natif de Pretoria \u00e0 l\u2019aube du dernier tour.<\/p>\n<p>Pour d\u00e9partager ces trois joueurs, cinq trous de barrage ont ensuite \u00e9t\u00e9 n\u00e9cessaires.<\/p>\n<p>Sur le deuxi\u00e8me, Kirk a c\u00e9d\u00e9 le premier manquant un petit putt pour le par mais il a fallu trois trous suppl\u00e9mentaires \u00e0 Potgieter pour prendre le meilleur sur un Greyserman pas en r\u00e9ussite sur deux tentatives de birdie pr\u00e9c\u00e9dentes.<\/p>\n<p>\t\t\t\t\t<a id=\"178032\" href=\"https:\/\/www.golfy.fr\/landing\/golf-planete-decouvrez-les-golfs-collections-du-reseau-golfy?utm_source=golf_planete&amp;utm_medium=display&amp;utm_campaign=golfs_collection_2025\" target=\"_blank\" rel=\"sponsorised nofollow noopener\"><img decoding=\"async\" src=\"data:image\/svg+xml,%3Csvg%20xmlns=\" http:=\"\" class=\"img-responsive\" alt=\"\" data-lazy-src=\"https:\/\/www.europesays.com\/fr\/wp-content\/uploads\/2025\/06\/golfy-e06-golfs-collection-france-ete-1170x275-1.jpg\"\/><\/a><\/p>\n<p>\u00a0<\/p>\n<blockquote class=\"twitter-tweet\">\n<p dir=\"ltr\" lang=\"en\">A shot at victory \ud83d\udc40<\/p>\n<p>Max Greyserman goes right at it on the second playoff hole <a href=\"https:\/\/twitter.com\/RocketClassic?ref_src=twsrc%5Etfw\" rel=\"nofollow noopener\" target=\"_blank\">@RocketClassic<\/a>. <a href=\"https:\/\/t.co\/KpBEKIWDTa\" rel=\"nofollow\">pic.twitter.com\/KpBEKIWDTa<\/a><\/p>\n<p>\u2014 PGA TOUR (@PGATOUR) <a href=\"https:\/\/twitter.com\/PGATOUR\/status\/1939451759128158502?ref_src=twsrc%5Etfw\" rel=\"nofollow noopener\" target=\"_blank\">June 29, 2025<\/a><\/p>\n<\/blockquote>\n<p>\u00a0<\/p>\n<p>Le 15 juge de paix de moins de 150 m\u00e8tres !<\/p>\n<p>Assez ironiquement, c\u2019est finalement au 15, le plus court par 3 du trac\u00e9 du <strong>Detroit Golf Club<\/strong>, sur lequel le \u201cSpringbok\u201d avait manqu\u00e9 \u00e0 deux reprises le green (en r\u00e9gulation et sur le deuxi\u00e8me trou de play-off), que celui-ci a rentr\u00e9 le putt d\u00e9cisif.<\/p>\n<p>Un tout-droit d\u2019un peu plus de 5,4m synonyme de premier titre sur le PGA Tour !<\/p>\n<p>\u00a0<\/p>\n<blockquote class=\"twitter-tweet\">\n<p dir=\"ltr\" lang=\"en\">FOR THE WIN!<\/p>\n<p>Aldrich Potgieter gets it done on the FIFTH playoff hole <a href=\"https:\/\/twitter.com\/RocketClassic?ref_src=twsrc%5Etfw\" rel=\"nofollow noopener\" target=\"_blank\">@RocketClassic<\/a>. <a href=\"https:\/\/t.co\/ztQ2FtInky\" rel=\"nofollow\">pic.twitter.com\/ztQ2FtInky<\/a><\/p>\n<p>\u2014 PGA TOUR (@PGATOUR) <a href=\"https:\/\/twitter.com\/PGATOUR\/status\/1939463665469579663?ref_src=twsrc%5Etfw\" rel=\"nofollow noopener\" target=\"_blank\">June 29, 2025<\/a><\/p>\n<\/blockquote>\n<p>\u00a0<\/p>\n<p>Perez retrouve des couleurs sur les greens<\/p>\n<p>C\u00f4t\u00e9 tricolore pas grand \u00e0 signaler malheureusement. Si <strong>Victor Perez<\/strong> est parvenu \u00e0 descendre sous les 70 une deuxi\u00e8me fois cette semaine, son 69 du jour ne lui permet pas de r\u00e9int\u00e9grer la premi\u00e8re moiti\u00e9 du classement, <a href=\"https:\/\/www.golfplanete.com\/actualites\/pga-tour-un-victor-perez-clinique-se-place-dans-le-top-10-du-rocket-classic\/\" rel=\"nofollow noopener\" target=\"_blank\">une position qu\u2019il occupait jeudi soir apr\u00e8s un somptueux premier tour.<\/a><\/p>\n<p>Notons tout de m\u00eame que le Tarbais s\u2019est illustr\u00e9 putter en main dimanche avec plus de 30 m\u00e8tres de putt rentr\u00e9s, soit le deuxi\u00e8me total le plus important du dernier tour.<\/p>\n<p>\t\t\t\t\t<a id=\"177181\" href=\"http:\/\/charleskent-golf.com\/andalucia-majors\/\" target=\"_blank\" rel=\"sponsorised nofollow noopener\"><img decoding=\"async\" src=\"data:image\/svg+xml,%3Csvg%20xmlns=\" http:=\"\" class=\"img-responsive\" alt=\"\" data-lazy-src=\"https:\/\/www.europesays.com\/fr\/wp-content\/uploads\/2025\/06\/charleskent-e03-andalucia-majors-1170x275-1.gif\"\/><\/a><\/p>\n<p>\u00a0<\/p>\n<p>Quant \u00e0 <strong>Antoine Rozner,<\/strong> sa carte de 72 du jour est son score le plus \u00e9lev\u00e9 de la semaine.<\/p>\n<p>Elle l\u2019oblige \u00e0 se contenter de la 73e place mais apr\u00e8s avoir franchi son 12e cut en 13 tournois de justesse (<a href=\"https:\/\/www.golfplanete.com\/actualites\/comment-michael-kim-a-sauve-le-week-end-dantoine-rozner-et-de-21-autres-joueurs\/\" rel=\"nofollow noopener\" target=\"_blank\">et avec un petit coup de pouce de Michael Kim<\/a>), nul doute que le Parisien esp\u00e9rait mieux de son week-end.<\/p>\n<p>Il devrait perdre <a href=\"https:\/\/www.pgatour.com\/fedexcup\" target=\"_blank\" rel=\"noopener nofollow\">deux places \u00e0 la FedEx Cup<\/a>.<\/p>\n<p>\u00a0<\/p>\n<p>Le classement\u00a0<\/p>\n<p><img loading=\"lazy\" decoding=\"async\" src=\"data:image\/svg+xml,%3Csvg%20xmlns=\" http:=\"\" class=\"alignnone wp-image-178169 size-image-largeur-770\" alt=\"leaderboard-tour-4-rocket-classic-golf.jpg \" width=\"770\" height=\"916\" data-lazy- data-lazy- data-lazy-src=\"https:\/\/www.europesays.com\/fr\/wp-content\/uploads\/2025\/06\/leaderboard-tour-4-rocket-classic-golf-770x916.jpg\"\/><\/p>\n<p>\u00a0<\/p>\n<p>\u00a9Raj Mehta \/ GETTY IMAGES NORTH AMERICA \/ Getty Images via AFP<\/p>\n<p>\t\t\t<script async src=\"https:\/\/platform.twitter.com\/widgets.js\" charset=\"utf-8\"><\/script><\/p>\n","protected":false},"excerpt":{"rendered":"Partager cet article Partager la publication \u00ab\u00a0Aldrich Potgieter sort vainqueur d\u2019un play-off \u00e0 trois \u00e0 D\u00e9troit, week-end \u00e0&hellip;\n","protected":false},"author":2,"featured_media":214954,"comment_status":"","ping_status":"","sticky":false,"template":"","format":"standard","meta":{"footnotes":""},"categories":[1418],"tags":[1011,27,1472,60],"class_list":{"0":"post-214953","1":"post","2":"type-post","3":"status-publish","4":"format-standard","5":"has-post-thumbnail","7":"category-golf","8":"tag-fr","9":"tag-france","10":"tag-golf","11":"tag-sports"},"share_on_mastodon":{"url":"https:\/\/pubeurope.com\/@fr\/114770738642461378","error":""},"_links":{"self":[{"href":"https:\/\/www.europesays.com\/fr\/wp-json\/wp\/v2\/posts\/214953","targetHints":{"allow":["GET"]}}],"collection":[{"href":"https:\/\/www.europesays.com\/fr\/wp-json\/wp\/v2\/posts"}],"about":[{"href":"https:\/\/www.europesays.com\/fr\/wp-json\/wp\/v2\/types\/post"}],"author":[{"embeddable":true,"href":"https:\/\/www.europesays.com\/fr\/wp-json\/wp\/v2\/users\/2"}],"replies":[{"embeddable":true,"href":"https:\/\/www.europesays.com\/fr\/wp-json\/wp\/v2\/comments?post=214953"}],"version-history":[{"count":0,"href":"https:\/\/www.europesays.com\/fr\/wp-json\/wp\/v2\/posts\/214953\/revisions"}],"wp:featuredmedia":[{"embeddable":true,"href":"https:\/\/www.europesays.com\/fr\/wp-json\/wp\/v2\/media\/214954"}],"wp:attachment":[{"href":"https:\/\/www.europesays.com\/fr\/wp-json\/wp\/v2\/media?parent=214953"}],"wp:term":[{"taxonomy":"category","embeddable":true,"href":"https:\/\/www.europesays.com\/fr\/wp-json\/wp\/v2\/categories?post=214953"},{"taxonomy":"post_tag","embeddable":true,"href":"https:\/\/www.europesays.com\/fr\/wp-json\/wp\/v2\/tags?post=214953"}],"curies":[{"name":"wp","href":"https:\/\/api.w.org\/{rel}","templated":true}]}}