{"id":214961,"date":"2025-06-30T05:52:11","date_gmt":"2025-06-30T05:52:11","guid":{"rendered":"https:\/\/www.europesays.com\/fr\/214961\/"},"modified":"2025-06-30T05:52:11","modified_gmt":"2025-06-30T05:52:11","slug":"gp-dautriche-mclaren-continue-de-dominer-la-formule-1-avec-son-duo-de-feu","status":"publish","type":"post","link":"https:\/\/www.europesays.com\/fr\/214961\/","title":{"rendered":"GP d&rsquo;Autriche\u00a0: McLaren continue de dominer la Formule 1 avec son duo de feu"},"content":{"rendered":"<p><img loading=\"lazy\" decoding=\"async\" class=\"w-full lazyload lazyload--opacity object-contain\" style=\"aspect-ratio:156 \/ 100;opacity:1\" alt=\"William's Spanish driver Carlos Sainz is seen in the pits during the Formula One Austrian Grand Prix at the Red Bull Ring race track in Spielberg, Austria, on June 29, 2025. (Photo by Joe Klamar \/ AFP)\" width=\"768\" height=\"492\" fetchpriority=\"auto\" src=\"https:\/\/www.europesays.com\/fr\/wp-content\/uploads\/2025\/04\/1743819792_235_S5VKD3X55FFF3BW6V4SEHXNP7I.png\"  data- data-optimumx=\"1\"\/>Carlos Sainz n&rsquo;a pas pu prendre le d\u00e9part du grand prix. \u00a9AFP or licensors<a href=\"https:\/\/www.dhnet.be\/sports\/moteurs\/wrc\/2025\/06\/29\/week-end-noir-sur-lacropole-pour-thierry-neuville-on-marque-neanmoins-13-points-JW5OUIW5UVHMREN7ZGES6GTUVQ\/\" target=\"_blank\" rel=\"noopener noreferrer\" class=\"ap-StoryInterstitialLink ap-StoryElement ap-StoryElement--mb\">Week-end noir sur l&rsquo;Acropole pour Thierry Neuville : \u00ab\u00a0On marque n\u00e9anmoins 13 points !\u00a0\u00bb<\/a><\/p>\n<p class=\"ap-StoryElement ap-StoryElement--mb ap-StoryText\">Si les deux voitures orange se sont rapidement isol\u00e9es en t\u00eate, Piastri a tent\u00e9 plusieurs attaques. Une premi\u00e8re concr\u00e9tis\u00e9e au 11e tour, mais aussit\u00f4t contr\u00e9e par Norris. Une seconde, plus muscl\u00e9e, au 20e, qui a vu l&rsquo;Australien bloquer ses roues. Malgr\u00e9 l&rsquo;intensit\u00e9 de l&rsquo;affrontement, les deux pilotes sont rest\u00e9s dans les limites. \u00ab\u00a0C&rsquo;\u00e9tait une tr\u00e8s belle bataille avec Oscar, \u00e0 la fois amusante et aussi stressante, a reconnu Norris apr\u00e8s l&rsquo;arriv\u00e9e. C&rsquo;\u00e9tait compliqu\u00e9 lorsqu&rsquo;il \u00e9tait dans la zone DRS derri\u00e8re moi car c&rsquo;est un gros avantage ici, mais j&rsquo;ai plut\u00f4t bien g\u00e9r\u00e9 la situation.\u00a0\u00bb<\/p>\n<p class=\"ap-StoryElement ap-StoryElement--mb ap-StoryText\">Chez McLaren, la rivalit\u00e9 entre les deux hommes reste pour l&rsquo;instant un moteur de performance. Pas d&rsquo;accrochage cette fois, et une course propre, tendue, mais respectueuse. <a href=\"https:\/\/www.dhnet.be\/sports\/moteurs\/formule-1\/2025\/06\/15\/f1-gp-du-canada-george-russell-remporte-son-premier-succes-de-lannee-accrochage-entre-les-mclaren-V2S7FLRXCZDDHL46Z4QZD7AJGI\/\" target=\"_self\" rel=\"noopener\">Un contraste bienvenu apr\u00e8s le contact du Canada<\/a>, dont Norris a clairement tir\u00e9 les le\u00e7ons. \u00ab\u00a0C&rsquo;est un r\u00e9sultat parfait pour l&rsquo;\u00e9quipe, avec ce doubl\u00e9. C&rsquo;est ce qu&rsquo;on voulait et nous l&rsquo;avons de nouveau obtenu\u00a0\u00bb, a-t-il soulign\u00e9.<\/p>\n<p><a href=\"https:\/\/www.dhnet.be\/sports\/moteurs\/2025\/06\/28\/24h-spa-h6-la-mercedes-n17-prend-la-tete-au-coucher-du-soleil-abandon-pour-maxime-martin-VKO3O532XNE4XOVHHDH7O3LYW4\/\" target=\"_blank\" rel=\"noopener noreferrer\" class=\"ap-StoryInterstitialLink ap-StoryElement ap-StoryElement--mb\">Lamborghini conjure le sort et gagne enfin les 24 Heures de Spa, le Belge Alessio Picariello 2e<\/a><\/p>\n<p class=\"ap-StoryElement ap-StoryElement--mb ap-StoryText\"><b>Un championnat qui se joue \u00e0 deux<\/b><\/p>\n<p class=\"ap-StoryElement ap-StoryElement--mb ap-StoryText\">Avec cette huiti\u00e8me victoire en onze Grands Prix pour McLaren (cinq pour Piastri, trois pour Norris), \u00e9vince petit \u00e0 petit toute menace ext\u00e9rieure. Si Oscar Piastri conserve la t\u00eate du classement avec 216 points, Lando Norris revient \u00e0 15 unit\u00e9s (201). \u00c0 mi-saison, le mano a mano est total.<\/p>\n<p class=\"ap-StoryElement ap-StoryElement--mb ap-StoryText\">Prochaine \u00e9tape, Silverstone. Devant son public, Norris aura l&rsquo;occasion de poursuivre sa remont\u00e9e, dans un contexte o\u00f9 McLaren cherchera avant tout \u00e0 pr\u00e9server l&rsquo;\u00e9quilibre fragile qui fait sa force : deux pilotes au sommet, une voiture au-dessus, et un championnat plus ouvert que jamais, entre co\u00e9quipiers.<\/p>\n","protected":false},"excerpt":{"rendered":"Carlos Sainz n&rsquo;a pas pu prendre le d\u00e9part du grand prix. \u00a9AFP or licensorsWeek-end noir sur l&rsquo;Acropole pour&hellip;\n","protected":false},"author":2,"featured_media":214962,"comment_status":"","ping_status":"","sticky":false,"template":"","format":"standard","meta":{"footnotes":""},"categories":[1412],"tags":[1451,1452,1453,1454,1455,1011,27,1227,60],"class_list":{"0":"post-214961","1":"post","2":"type-post","3":"status-publish","4":"format-standard","5":"has-post-thumbnail","7":"category-f1","8":"tag-f1","9":"tag-formula-1","10":"tag-formula1","11":"tag-formule-1","12":"tag-formule1","13":"tag-fr","14":"tag-france","15":"tag-horizontal","16":"tag-sports"},"share_on_mastodon":{"url":"https:\/\/pubeurope.com\/@fr\/114770761740396787","error":""},"_links":{"self":[{"href":"https:\/\/www.europesays.com\/fr\/wp-json\/wp\/v2\/posts\/214961","targetHints":{"allow":["GET"]}}],"collection":[{"href":"https:\/\/www.europesays.com\/fr\/wp-json\/wp\/v2\/posts"}],"about":[{"href":"https:\/\/www.europesays.com\/fr\/wp-json\/wp\/v2\/types\/post"}],"author":[{"embeddable":true,"href":"https:\/\/www.europesays.com\/fr\/wp-json\/wp\/v2\/users\/2"}],"replies":[{"embeddable":true,"href":"https:\/\/www.europesays.com\/fr\/wp-json\/wp\/v2\/comments?post=214961"}],"version-history":[{"count":0,"href":"https:\/\/www.europesays.com\/fr\/wp-json\/wp\/v2\/posts\/214961\/revisions"}],"wp:featuredmedia":[{"embeddable":true,"href":"https:\/\/www.europesays.com\/fr\/wp-json\/wp\/v2\/media\/214962"}],"wp:attachment":[{"href":"https:\/\/www.europesays.com\/fr\/wp-json\/wp\/v2\/media?parent=214961"}],"wp:term":[{"taxonomy":"category","embeddable":true,"href":"https:\/\/www.europesays.com\/fr\/wp-json\/wp\/v2\/categories?post=214961"},{"taxonomy":"post_tag","embeddable":true,"href":"https:\/\/www.europesays.com\/fr\/wp-json\/wp\/v2\/tags?post=214961"}],"curies":[{"name":"wp","href":"https:\/\/api.w.org\/{rel}","templated":true}]}}