{"id":214983,"date":"2025-06-30T06:04:09","date_gmt":"2025-06-30T06:04:09","guid":{"rendered":"https:\/\/www.europesays.com\/fr\/214983\/"},"modified":"2025-06-30T06:04:09","modified_gmt":"2025-06-30T06:04:09","slug":"faites-vous-vos-courses-a-10-euros-pres-actualites","status":"publish","type":"post","link":"https:\/\/www.europesays.com\/fr\/214983\/","title":{"rendered":"Faites-vous vos courses \u00e0 10 euros pr\u00e8s ? : Actualit\u00e9s"},"content":{"rendered":"<p class=\"lead \"><strong>Le budget courses a toujours \u00e9t\u00e9 un sujet majeur pour les Fran\u00e7ais. \u00c0 l\u2019heure o\u00f9 le pouvoir d\u2019achat est en baisse pour de tr\u00e8s nombreux foyers, on se pose la question : faites-vous vos courses \u00e0 10 euros pr\u00e8s ?<\/strong><\/p>\n<p class=\"lead \">Faire ses courses est un rituel obligatoire pour tous les foyers fran\u00e7ais. Une t\u00e2che qui devient de plus en plus compliqu\u00e9e, surtout en raison de l\u2019augmentation des prix des mati\u00e8res premi\u00e8res et de la baisse du pouvoir d\u2019achat. Si les habitudes changent au fur et \u00e0 mesure des ann\u00e9es, le bilan est presque unanime.<\/p>\n<p>                                                                                                Deux types de personnes<\/p>\n<p class=\"lead \">Une \u00e9tude men\u00e9e par <a href=\"https:\/\/www.tf1info.fr\/conso\/video-reportage-exclu-tf1-combien-de-francais-font-leurs-courses-a-10-euros-pres-leurs-nouvelles-habitudes-detaillees-dans-une-etude-2378937.html\" target=\"_blank\" rel=\"nofollow noopener\">TF1<\/a> explique que 59 % des Fran\u00e7ais sont adeptes des grosses courses une fois dans la semaine. Une habitude qui touche notamment les familles nombreuses, qui privil\u00e9gient donc les grosses quantit\u00e9s et qui, par la suite, s\u2019organisent au fur et \u00e0 mesure des jours pour articuler les menus de la journ\u00e9e.<\/p>\n<p class=\"lead \">S\u00e9v\u00e9rine, m\u00e8re de famille, pr\u00e9cise : \u00ab\u00a0Je fais beaucoup plus attention, je g\u00e8re mes stocks, je g\u00e8re ma fa\u00e7on de cuisiner et du coup, je trouve que je jette moins et je fais des \u00e9conomies.\u00a0\u00bb<\/p>\n<p class=\"lead \">\u00c0 l\u2019inverse, 23 % des Fran\u00e7ais pr\u00e9f\u00e8rent privil\u00e9gier un mode d\u2019achat au compte-gouttes qui varie selon leurs envies culinaires.<\/p>\n<p class=\"lead \">Kadidja, habitante de Malakoff dans les Hauts-de-Seine, explique : \u00ab\u00a0Je pr\u00e9f\u00e8re faire tous les jours un petit peu. Aujourd&rsquo;hui, j&rsquo;ai envie de manger \u00e7a, demain, j&rsquo;aurai envie de manger \u00e7a. Tous les jours, \u00e7a change.\u00a0\u00bb<\/p>\n<p>                                                                                                Un budget contr\u00f4l\u00e9<\/p>\n<p class=\"lead \">L\u2019enqu\u00eate ajoute que 14 % des Fran\u00e7ais font leurs courses du quotidien \u00e0 l&rsquo;euro pr\u00e8s, 20 % \u00e0 5 euros pr\u00e8s et 31 % \u00e0 10 euros pr\u00e8s. Seulement 28 % ne comptent pas vraiment leurs d\u00e9penses.<\/p>\n<p class=\"lead \">En revanche, ces consommateurs ont pour point commun de cibler les promotions afin de b\u00e9n\u00e9ficier d\u2019offres et d\u2019op\u00e9rations avantageuses sur la nourriture.<\/p>\n<p class=\"lead \">Nicolas Benoit, directeur g\u00e9n\u00e9ral France d&rsquo;in-Store Media, r\u00e9v\u00e8le que \u00ab\u00a0la majeure partie des Fran\u00e7ais sont en recherche active de promotions quand ils font leurs courses, avec un budget qui est contr\u00f4l\u00e9, et ce sont des promotions qu&rsquo;on trouve facilement en hyper et en super\u00a0\u00bb.<\/p>\n<p class=\"small font-weight-bold text-gray3 \"> publi\u00e9 le 30 juin \u00e0 07h00, J\u00e9r\u00e9mie Pol, 6Medias<\/p>\n<p>                             Partager<\/p>\n","protected":false},"excerpt":{"rendered":"Le budget courses a toujours \u00e9t\u00e9 un sujet majeur pour les Fran\u00e7ais. \u00c0 l\u2019heure o\u00f9 le pouvoir d\u2019achat&hellip;\n","protected":false},"author":2,"featured_media":214984,"comment_status":"","ping_status":"","sticky":false,"template":"","format":"standard","meta":{"footnotes":""},"categories":[7],"tags":[1011,27,43,40,41,39,42,44],"class_list":{"0":"post-214983","1":"post","2":"type-post","3":"status-publish","4":"format-standard","5":"has-post-thumbnail","7":"category-sciences-et-technologies","8":"tag-fr","9":"tag-france","10":"tag-science","11":"tag-science-and-technology","12":"tag-sciences","13":"tag-sciences-et-technologies","14":"tag-technologies","15":"tag-technology"},"share_on_mastodon":{"url":"https:\/\/pubeurope.com\/@fr\/114770809009048894","error":""},"_links":{"self":[{"href":"https:\/\/www.europesays.com\/fr\/wp-json\/wp\/v2\/posts\/214983","targetHints":{"allow":["GET"]}}],"collection":[{"href":"https:\/\/www.europesays.com\/fr\/wp-json\/wp\/v2\/posts"}],"about":[{"href":"https:\/\/www.europesays.com\/fr\/wp-json\/wp\/v2\/types\/post"}],"author":[{"embeddable":true,"href":"https:\/\/www.europesays.com\/fr\/wp-json\/wp\/v2\/users\/2"}],"replies":[{"embeddable":true,"href":"https:\/\/www.europesays.com\/fr\/wp-json\/wp\/v2\/comments?post=214983"}],"version-history":[{"count":0,"href":"https:\/\/www.europesays.com\/fr\/wp-json\/wp\/v2\/posts\/214983\/revisions"}],"wp:featuredmedia":[{"embeddable":true,"href":"https:\/\/www.europesays.com\/fr\/wp-json\/wp\/v2\/media\/214984"}],"wp:attachment":[{"href":"https:\/\/www.europesays.com\/fr\/wp-json\/wp\/v2\/media?parent=214983"}],"wp:term":[{"taxonomy":"category","embeddable":true,"href":"https:\/\/www.europesays.com\/fr\/wp-json\/wp\/v2\/categories?post=214983"},{"taxonomy":"post_tag","embeddable":true,"href":"https:\/\/www.europesays.com\/fr\/wp-json\/wp\/v2\/tags?post=214983"}],"curies":[{"name":"wp","href":"https:\/\/api.w.org\/{rel}","templated":true}]}}