{"id":214989,"date":"2025-06-30T06:07:10","date_gmt":"2025-06-30T06:07:10","guid":{"rendered":"https:\/\/www.europesays.com\/fr\/214989\/"},"modified":"2025-06-30T06:07:10","modified_gmt":"2025-06-30T06:07:10","slug":"pourquoi-rachida-dati-tient-tant-a-sa-reforme-de-laudiovisuel-public-meme-si-elle-peine-a-convaincre","status":"publish","type":"post","link":"https:\/\/www.europesays.com\/fr\/214989\/","title":{"rendered":"Pourquoi Rachida Dati tient tant \u00e0 sa r\u00e9forme de l\u2019audiovisuel public (m\u00eame si elle peine \u00e0 convaincre)"},"content":{"rendered":"<p>        <img decoding=\"async\" loading=\"lazy\" src=\"https:\/\/www.europesays.com\/fr\/wp-content\/uploads\/2025\/06\/0631d9b_upload-1-dgxbyegr6dkj-000-49tl7jc.jpg\"  width=\"728\" height=\"409\" alt=\"La ministre de la Culture Rachida Dati le 10\u00a0juin \u00e0 l\u2019Assembl\u00e9e nationale (illustration)\"\/>  <\/p>\n<p>GEOFFROY VAN DER HASSELT \/ AFP<\/p>\n<p>La ministre de la Culture Rachida Dati le 10\u00a0juin \u00e0 l\u2019Assembl\u00e9e nationale (illustration)<\/p>\n<p class=\"asset asset-text\">POLITIQUE &#8211; \u00ab\u00a0Audiovisuel public.\u00a0\u00bb Plus vous allez sur la droite de l\u2019\u00e9chiquier politique, plus ces deux termes provoquent des r\u00e9actions fi\u00e9vreuses. La pugnacit\u00e9 avec laquelle Rachida Dati s\u2019accroche \u00e0 la r\u00e9forme de ce secteur en est une nouvelle d\u00e9monstration. La ministre de la Culture, qui a obtenu <a href=\"https:\/\/www.huffingtonpost.fr\/politique\/article\/rachida-dati-est-deja-la-grande-gagnante-des-prolongations-de-juillet-a-l-assemblee_251162.html\" rel=\"nofollow noopener\" target=\"_blank\">la prolongation de la session parlementaire<\/a> pour d\u00e9fendre la r\u00e9forme de l\u2019audiovisuel public, entre dans le dur de la bataille ce lundi 30\u00a0juin, avec l\u2019arriv\u00e9e de ce texte dans l\u2019h\u00e9micycle.<\/p>\n<p class=\"asset asset-text\">Un combat qui d\u00e9bute sur fond de <a href=\"https:\/\/www.huffingtonpost.fr\/medias\/article\/radio-france-entame-sa-greve-illimitee-contre-rachida-dati-et-sa-reforme-de-l-audiovisuel-public_251839.html\" target=\"_blank\" rel=\"noopener nofollow\" title=\"Nouvelle fen\u00eatre\">gr\u00e8ve illimit\u00e9e<\/a> vot\u00e9e \u00e0 Radio France contre ce projet de holding, dont les objectifs apparaissent au mieux flous, au pire mena\u00e7ants pour la qualit\u00e9 des productions du service public. Mais de quoi s\u2019agit-il exactement\u00a0? Surtout d\u2019une restructuration. Le texte, <a href=\"https:\/\/www.vie-publique.fr\/loi\/289882-reforme-audiovisuel-public-holding-fusion-proposition-de-loi-lafon-dati\" target=\"_blank\" rel=\"noopener nofollow\" title=\"Nouvelle fen\u00eatre\">vot\u00e9 par le S\u00e9nat en 2023<\/a>, pr\u00e9voit de r\u00e9unir Radio France, France T\u00e9l\u00e9visions et l\u2019INA au sein d\u2019une holding ex\u00e9cutive baptis\u00e9e France M\u00e9dias.<\/p>\n<p class=\"asset asset-text\">Pour quoi faire\u00a0? Vaste question. Selon Rachida Dati, la r\u00e9forme vise \u00e0 doter l\u2019audiovisuel public d\u2019une structure \u00e0 m\u00eame de concurrencer les g\u00e9ants du num\u00e9rique, comme Netflix et Amazon, et de reconqu\u00e9rir un public plus jeune et plus populaire. Le tout, promet-elle, sans aboutir \u00e0 une fusion, ce qui \u00e9tait pourtant sa position initiale. Ce qui passe, donc, par la mise sous tutelle de ces diff\u00e9rentes entreprises, plac\u00e9es sous l\u2019autorit\u00e9 de France M\u00e9dias, qui d\u00e9finira les strat\u00e9gies et moyens allou\u00e9s \u00e0 ses diff\u00e9rentes filiales.<\/p>\n<p>    Une id\u00e9e qui peine \u00e0 convaincre    <\/p>\n<p class=\"asset asset-text\">L\u2019id\u00e9e n\u2019est pas nouvelle. D\u00e8s 2015, un <a href=\"https:\/\/www.senat.fr\/rap\/r14-709\/r14-709_mono.html\" target=\"_blank\" rel=\"noopener nofollow\" title=\"Nouvelle fen\u00eatre\">rapport s\u00e9natorial <\/a>avan\u00e7ait d\u00e9j\u00e0 cette id\u00e9e de holding, reprise quatre ans plus tard, en 2019, par le ministre de la Culture d\u2019alors Franck Riester. Un projet que ce dernier n\u2019a pas pu mener \u00e0 terme, en raison du Covid. Alors, cela signifie-t-il que cette id\u00e9e fait consensus chez les connaisseurs du secteur\u00a0? Pas du tout. Lors d\u2019une audition en mars\u00a02024, plusieurs anciens ministres de la Culture, de Roselyne Bachelot \u00e0 Fleur Pellerin en passant par Rima Abdul\u00a0Malak, ont litt\u00e9ralement <a href=\"https:\/\/www.telerama.fr\/television\/les-anciens-ministres-de-la-culture-dezinguent-l-idee-d-une-holding-de-l-audiovisuel-public-7019871.php\" target=\"_blank\" rel=\"noopener nofollow\" title=\"Nouvelle fen\u00eatre\">d\u00e9zingu\u00e9<\/a> cette id\u00e9e.<\/p>\n<p class=\"asset asset-text\">\u00ab\u00a0L\u2019adjonction d\u2019un \u00e9tage de gouvernance ne garantit ni un meilleur fonctionnement, ni un meilleur respect du pluralisme et de la diversit\u00e9, ni une meilleure utilisation des deniers publics\u00a0\u00bb, a notamment pr\u00e9venu Fleur Pellerin, quand Rima Abdul\u00a0Malak a estim\u00e9 qu\u2019une telle r\u00e9forme \u00ab\u00a0n\u2019est pas indispensable\u00a0\u00bb au bon fonctionnement du service public. En outre, les arguments mis en avant par Rachida Dati sont facilement contestables.<\/p>\n<p class=\"asset asset-text\">Les chiffres r\u00e9alis\u00e9s par Radio France ne sont pas si d\u00e9sastreux que ce qu\u2019en a dit la ministre <a href=\"https:\/\/www.huffingtonpost.fr\/politique\/article\/quand-rachida-dati-etrille-l-audiovisuel-public-un-club-de-csp-sur-le-service-public_249720.html\" rel=\"nofollow noopener\" target=\"_blank\">au micro de France inter<\/a>. En plus d\u2019un score qui s\u2019am\u00e9liore sur les moins de 35\u00a0ans et les moins de 25\u00a0ans sur un an, selon M\u00e9diam\u00e9trie, France Inter peut se targuer par exemple d\u2019\u00eatre la premi\u00e8re station de radio g\u00e9n\u00e9raliste chez les jeunes. M\u00eame constat sur la cible\u00a0\u00ab\u00a0populaire\u00a0\u00bb\u00a0que la ministre juge n\u00e9glig\u00e9e. L\u2019audience du groupe sur ce segment progresse sur les derni\u00e8res ann\u00e9es, quand la majorit\u00e9 des autres grandes marques reculent<\/p>\n<p class=\"asset asset-text\">Quant \u00e0 la faiblesse pr\u00e9sum\u00e9e de l\u2019audiovisuel public sur le num\u00e9rique, elle est aussi \u00e0 relativiser. Radio France cumule \u00e0 elle seule pr\u00e8s de la moiti\u00e9 (<a href=\"https:\/\/www.radiofrance.fr\/franceculture\/podcasts\/culture-de-l-info\/rachida-dati-face-a-l-audiovisuel-public-5123501\" target=\"_blank\" rel=\"noopener nofollow\" title=\"Nouvelle fen\u00eatre\">47\u00a0%<\/a>) des podcasts t\u00e9l\u00e9charg\u00e9s, tandis que le site de franceinfo (r\u00e9sultant d\u00e9j\u00e0 d\u2019une r\u00e9union entre le web de France T\u00e9l\u00e9visions et celui de Radio France) est <a href=\"https:\/\/fr.statista.com\/statistiques\/1425256\/nombre-visites-sites-journaux-actualites-france\/\" target=\"_blank\" rel=\"noopener nofollow\" title=\"Nouvelle fen\u00eatre\">l\u2019un des sites d\u2019actualit\u00e9s les plus consult\u00e9s du pays<\/a>. Ainsi, difficile \u00e0 ce stade de voir en quoi la seule cr\u00e9ation d\u2019une holding permettra de r\u00e9pondre aux d\u00e9fis expos\u00e9s par la ministre. \u00c0 moins qu\u2019il ne s\u2019agisse, sans le dire clairement, de faire des \u00e9conomies, dans le contexte budg\u00e9taire que l\u2019on conna\u00eet\u00a0?<\/p>\n<p class=\"asset asset-text\">Officiellement, Rachida Dati jure que ce n\u2019est pas l\u2019objet du texte. Et ce, m\u00eame si le rapport qu\u2019elle a command\u00e9 \u00e0 Laurence Bloch (ancienne directrice de France Inter<a href=\"https:\/\/www.liberation.fr\/economie\/medias\/reforme-de-laudiovisuel-public-ce-que-contient-le-rapport-redige-par-laurence-bloch-20250617_P7Y6IFADHZF2LLHEBJP5CLDMFI\/\" target=\"_blank\" rel=\"noopener nofollow\" title=\"Nouvelle fen\u00eatre\"> favorable au projet de holding<\/a>) cite des \u00e9conomies d\u2019\u00e9chelle estim\u00e9es \u00e0 10\u00a0millions d\u2019euros par an, gr\u00e2ce \u00e0 \u00ab\u00a0la mutualisation des fonctions support\u00a0\u00bb. Reste que les premiers concern\u00e9s, \u00e0 savoir les salari\u00e9s de l\u2019audiovisuel public, restent particuli\u00e8rement remont\u00e9s contre ce projet, per\u00e7u comme l\u2019antichambre d\u2019une fusion en bonne et due forme, avec le double objectif de faire des \u00e9conomies et de mettre au pas cette puissance m\u00e9diatique, plac\u00e9e entre les mains d\u2019un unique PDG.<\/p>\n<p>    Affaire personnelle    <\/p>\n<p class=\"asset asset-text\">D\u2019autant que persiste une impression de projet performatif, visant simplement \u00e0 r\u00e9former pour le plaisir de r\u00e9former. \u00ab\u00a0Projet de holding en juin\u00a02024, processus holding-fusion en novembre\u00a02024, holding ex\u00e9cutive en avril\u00a02025. Et maintenant\u00a0? Cela est la preuve d\u2019un bricolage au service d\u2019une seule chose\u00a0: l\u2019ambition personnelle d\u2019une ministre, \u00e0 mille lieues des int\u00e9r\u00eats des entreprises de l\u2019audiovisuel public et de ses salari\u00e9s\u00a0\u00bb, d\u00e9plorent <a href=\"https:\/\/www.cfdt-ftv.fr\/2025\/06\/19\/preavis-de-greve-illimitee-contre-le-projet-de-reforme-de-laudiovisuel-public-30-juin-2025\/\" target=\"_blank\" rel=\"noopener nofollow\" title=\"Nouvelle fen\u00eatre\">dans un communiqu\u00e9 commun<\/a> les syndicats impliqu\u00e9s dans la gr\u00e8ve illimit\u00e9e \u00e0 Radio France. Ces formations mettent le doigt sur l\u2019autre aspect de cette bataille\u00a0: sa dimension purement politicienne.<\/p>\n<p class=\"asset asset-text\">Car Rachida Dati le sait, un bras de fer gagn\u00e9 contre l\u2019audiovisuel public appara\u00eetrait \u00e0 droite comme une formidable victoire politique, tant l\u2019objet vis\u00e9 est symbolique. \u00c0 ce titre, la ministre de la Culture devrait profiter de l\u2019abstention bienveillante du RN, tant le parti lep\u00e9niste (qui pr\u00f4ne pourtant la privatisation d\u2019un audiovisuel public qu\u2019il abhorre) ne rechigne pas \u00e0 l\u2019id\u00e9e d\u2019infliger un coup dur \u00e0 \u00ab\u00a0cet odieux service inique\u00a0\u00bb, pour reprendre les termes de Julien Odoul.<\/p>\n<p class=\"asset asset-text\">Un gain non n\u00e9gligeable dans la perspective de sa (probable) candidature \u00e0 Paris pour les municipales 2026, et qui peut expliquer pourquoi l\u2019int\u00e9ress\u00e9e en fait une affaire personnelle. Qui plus est dans un contexte o\u00f9 la ministre a du mal \u00e0 cacher son hostilit\u00e9 \u00e0 l\u2019\u00e9gard de certaines figures ou programmes du service public, <a href=\"https:\/\/www.huffingtonpost.fr\/politique\/article\/rachida-dati-attaque-patrick-cohen-dans-c-a-vous-la-gauche-denonce-ses-methodes-trumpistes_251546.html\" rel=\"nofollow noopener\" target=\"_blank\">Patrick Cohen en t\u00eate<\/a>. Le texte sera \u00e9tudi\u00e9 \u00e0 l\u2019Assembl\u00e9e nationale jusqu\u2019au 1er\u00a0juillet. En cas de crash (provoqu\u00e9 notamment par l\u2019obstruction attendue de la gauche) la d\u00e9faite sera lourde pour Rachida Dati. Si elle r\u00e9ussit, la l\u00e9gende de cogneuse qu\u2019elle s\u2019efforce de b\u00e2tir s\u2019\u00e9paissira d\u2019un chapitre.<\/p>\n","protected":false},"excerpt":{"rendered":"GEOFFROY VAN DER HASSELT \/ AFP La ministre de la Culture Rachida Dati le 10\u00a0juin \u00e0 l\u2019Assembl\u00e9e nationale&hellip;\n","protected":false},"author":2,"featured_media":214990,"comment_status":"","ping_status":"","sticky":false,"template":"","format":"standard","meta":{"footnotes":""},"categories":[4],"tags":[11,416,6586,1011,27,12,316,417,25],"class_list":{"0":"post-214989","1":"post","2":"type-post","3":"status-publish","4":"format-standard","5":"has-post-thumbnail","7":"category-france","8":"tag-actualites","9":"tag-assemblee-nationale","10":"tag-audiovisuel-public","11":"tag-fr","12":"tag-france","13":"tag-news","14":"tag-politique","15":"tag-rachida-dati","16":"tag-republique-francaise"},"share_on_mastodon":{"url":"https:\/\/pubeurope.com\/@fr\/114770820791640790","error":""},"_links":{"self":[{"href":"https:\/\/www.europesays.com\/fr\/wp-json\/wp\/v2\/posts\/214989","targetHints":{"allow":["GET"]}}],"collection":[{"href":"https:\/\/www.europesays.com\/fr\/wp-json\/wp\/v2\/posts"}],"about":[{"href":"https:\/\/www.europesays.com\/fr\/wp-json\/wp\/v2\/types\/post"}],"author":[{"embeddable":true,"href":"https:\/\/www.europesays.com\/fr\/wp-json\/wp\/v2\/users\/2"}],"replies":[{"embeddable":true,"href":"https:\/\/www.europesays.com\/fr\/wp-json\/wp\/v2\/comments?post=214989"}],"version-history":[{"count":0,"href":"https:\/\/www.europesays.com\/fr\/wp-json\/wp\/v2\/posts\/214989\/revisions"}],"wp:featuredmedia":[{"embeddable":true,"href":"https:\/\/www.europesays.com\/fr\/wp-json\/wp\/v2\/media\/214990"}],"wp:attachment":[{"href":"https:\/\/www.europesays.com\/fr\/wp-json\/wp\/v2\/media?parent=214989"}],"wp:term":[{"taxonomy":"category","embeddable":true,"href":"https:\/\/www.europesays.com\/fr\/wp-json\/wp\/v2\/categories?post=214989"},{"taxonomy":"post_tag","embeddable":true,"href":"https:\/\/www.europesays.com\/fr\/wp-json\/wp\/v2\/tags?post=214989"}],"curies":[{"name":"wp","href":"https:\/\/api.w.org\/{rel}","templated":true}]}}