{"id":215010,"date":"2025-06-30T06:22:09","date_gmt":"2025-06-30T06:22:09","guid":{"rendered":"https:\/\/www.europesays.com\/fr\/215010\/"},"modified":"2025-06-30T06:22:09","modified_gmt":"2025-06-30T06:22:09","slug":"le-premier-jour-en-sixieme-de-benoit-eleve-dans-une-ecole-publique-de-grenoble","status":"publish","type":"post","link":"https:\/\/www.europesays.com\/fr\/215010\/","title":{"rendered":"\u00ab\u00a0Le premier jour en sixi\u00e8me de Beno\u00eet, \u00e9l\u00e8ve dans une \u00e9cole publique de Grenoble\u00a0\u00bb"},"content":{"rendered":"<p><strong>CHRONIQUE <\/strong>&#8211; Chaque semaine, notre chroniqueur pose son regard ironique sur l\u2019actualit\u00e9. Aujourd\u2019hui, il imagine la premi\u00e8re journ\u00e9e d\u2019un jeune \u00e9l\u00e8ve dans une \u00e9cole du futur entre refus d\u2019une p\u00e9dagogie verticale et stage d\u2019autod\u00e9construction.<\/p>\n<p class=\"fig-paragraph\">9\u00a0heures. C\u2019est un grand jour pour Beno\u00eet, il entre en sixi\u00e8me \u00e0 l\u2019\u00e9cole publique de\u00a0<a href=\"http:\/\/www.lefigaro.fr\/voyages\/guides\/que-faire-et-que-visiter-a-grenoble-nos-incontournables-dans-la-capitale-des-alpes-20230309\" data-fig-type=\"Article\" data-gtm-custom-categorie=\"navigation\" data-gtm-custom-action=\"crossclick\" data-gtm-custom-label=\"Contextuel\" data-gtm-event=\"customEventSPE\" data-fig-domain=\"LEFIGARO\" target=\"_blank\" rel=\"noopener\">Grenoble.<\/a>\u00a0Parvenu dans la bulle de d\u00e9centration \u00e9ducative (la salle de classe), il s\u2019installe \u00e0 c\u00f4t\u00e9 d\u2019un apprenant avec lequel il a tiss\u00e9 des liens affectifs horizontaux. La r\u00e9f\u00e9rente de cycle (la professeur principale) fait l\u2019appel. Pour rompre avec l\u2019esth\u00e9tique martiale du rang, de l\u2019ordre, et de l\u2019hitl\u00e9risme, le \u00ab\u00a0pr\u00e9sent\u00a0\u00bb est remplac\u00e9 par un bruit spontan\u00e9 (un hurlement, un soupir ou un cri de crapaud) de sorte \u00e0 laisser s\u2019exprimer l\u2019\u00e9tat de pr\u00e9sence int\u00e9rieur du cognitant. Beno\u00eet choisit d\u2019\u00e9mettre un r\u00e2le r\u00e9serv\u00e9, laissant habiter sa corporalit\u00e9 plurielle. Les \u00e9l\u00e8ves ont l\u2019air d\u2019appr\u00e9cier l\u2019exercice, la r\u00e9f\u00e9rente fait donc l\u2019appel huit ou neuf fois.<\/p>\n<p class=\"fig-paragraph\">10\u00a0heures. Beno\u00eet sort une trousse\u00a0; la professeur le regarde s\u00e9v\u00e8rement. Les stylos et les papiers, associ\u00e9s \u00e0 une p\u00e9dagogie verticale, souvent traumatique, et toujours \u00e9cologiquement irresponsable, n\u2019ont plus leur place, explique-t-elle. \u00c0 terme\u2026<\/p>\n<p class=\"fig-premium-paywall__infos\">\n        Cet article est r\u00e9serv\u00e9 aux abonn\u00e9s.        Il vous reste 80% \u00e0 d\u00e9couvrir.\n    <\/p>\n<p>                <img  data- alt=\"Le Figaro\" class=\"fig-img--complete fig-img\"\/><\/p>\n<p class=\"fig-premium-paywall__title\">Vente Flash : derniers jours<\/p>\n<p class=\"fig-premium-paywall__subtitle\">3,99\u20ac par mois pendant 12 mois. Sans engagement.<\/p>\n<p class=\"fig-premium-paywall__connect\">\n                D\u00e9j\u00e0 abonn\u00e9\u00a0?                <a class=\"fig-premium-paywall__connect-link\" href=\"https:\/\/connect.lefigaro.fr\/login?client=horizon_web&amp;type=main&amp;redirect_uri=https%3A%2F%2Fwww.lefigaro.fr%2Fvox%2Fsociete%2Fsamuel-fitoussi-le-premier-jour-en-sixieme-de-benoit-eleve-dans-une-ecole-publique-de-grenoble-20250630\" data-js-gtm=\"{&quot;customCategorie&quot;: &quot;conversion&quot;, &quot;customAction&quot;: &quot;before_Landing_Connexion_paywall_auto&quot;, &quot;customLabel&quot;: &quot;bGVmaWdhcm8uZnJfXzFmMDUzNzE4LTM4ZjAtNmFmZS1iNDNlLTc3ZTM1MDc0MjA4NV9fQXJ0aWNsZQ==_Samuel Fitoussi\u00a0: \u00ab\u00a0Le premier jour en sixi\u00e8me de Beno\u00eet, \u00e9l\u00e8ve dans une \u00e9cole publique de Grenoble\u00a0\u00bb_246&quot;, &quot;customIDSPE&quot;: &quot;bGVmaWdhcm8uZnJfXzFmMDUzNzE4LTM4ZjAtNmFmZS1iNDNlLTc3ZTM1MDc0MjA4NV9fQXJ0aWNsZQ==&quot;, &quot;event&quot;: &quot;customEventSPE&quot;}\" target=\"_blank\" rel=\"noopener\"><br \/>\n                    Connectez-vous<br \/>\n                <\/a>\n            <\/p>\n","protected":false},"excerpt":{"rendered":"CHRONIQUE &#8211; Chaque semaine, notre chroniqueur pose son regard ironique sur l\u2019actualit\u00e9. Aujourd\u2019hui, il imagine la premi\u00e8re journ\u00e9e&hellip;\n","protected":false},"author":2,"featured_media":215011,"comment_status":"","ping_status":"","sticky":false,"template":"","format":"standard","meta":{"footnotes":""},"categories":[9566],"tags":[1111,11,2430,1428,1292,5361,5360,1122,1777,674,1429,1011,27,2731,12,1427,1426,25,104],"class_list":{"0":"post-215010","1":"post","2":"type-post","3":"status-publish","4":"format-standard","5":"has-post-thumbnail","7":"category-grenoble","8":"tag-actu","9":"tag-actualites","10":"tag-auvergne-rhone-alpes","11":"tag-chroniqueurs","12":"tag-debat","13":"tag-debat-societe","14":"tag-debats-societaux","15":"tag-ecole","16":"tag-eu","17":"tag-europe","18":"tag-figarovox","19":"tag-fr","20":"tag-france","21":"tag-grenoble","22":"tag-news","23":"tag-opinions","24":"tag-questions","25":"tag-republique-francaise","26":"tag-societe"},"share_on_mastodon":{"url":"https:\/\/pubeurope.com\/@fr\/114770879637363953","error":""},"_links":{"self":[{"href":"https:\/\/www.europesays.com\/fr\/wp-json\/wp\/v2\/posts\/215010","targetHints":{"allow":["GET"]}}],"collection":[{"href":"https:\/\/www.europesays.com\/fr\/wp-json\/wp\/v2\/posts"}],"about":[{"href":"https:\/\/www.europesays.com\/fr\/wp-json\/wp\/v2\/types\/post"}],"author":[{"embeddable":true,"href":"https:\/\/www.europesays.com\/fr\/wp-json\/wp\/v2\/users\/2"}],"replies":[{"embeddable":true,"href":"https:\/\/www.europesays.com\/fr\/wp-json\/wp\/v2\/comments?post=215010"}],"version-history":[{"count":0,"href":"https:\/\/www.europesays.com\/fr\/wp-json\/wp\/v2\/posts\/215010\/revisions"}],"wp:featuredmedia":[{"embeddable":true,"href":"https:\/\/www.europesays.com\/fr\/wp-json\/wp\/v2\/media\/215011"}],"wp:attachment":[{"href":"https:\/\/www.europesays.com\/fr\/wp-json\/wp\/v2\/media?parent=215010"}],"wp:term":[{"taxonomy":"category","embeddable":true,"href":"https:\/\/www.europesays.com\/fr\/wp-json\/wp\/v2\/categories?post=215010"},{"taxonomy":"post_tag","embeddable":true,"href":"https:\/\/www.europesays.com\/fr\/wp-json\/wp\/v2\/tags?post=215010"}],"curies":[{"name":"wp","href":"https:\/\/api.w.org\/{rel}","templated":true}]}}