{"id":215012,"date":"2025-06-30T06:23:12","date_gmt":"2025-06-30T06:23:12","guid":{"rendered":"https:\/\/www.europesays.com\/fr\/215012\/"},"modified":"2025-06-30T06:23:12","modified_gmt":"2025-06-30T06:23:12","slug":"thorigne-fouillard-cloture-de-lannee-scolaire-pour-lecole-publique","status":"publish","type":"post","link":"https:\/\/www.europesays.com\/fr\/215012\/","title":{"rendered":"Thorign\u00e9-Fouillard. Cl\u00f4ture de l\u2019ann\u00e9e scolaire pour l\u2019\u00e9cole publique"},"content":{"rendered":"<p>La fin de l\u2019ann\u00e9e scolaire approchant, la commission petite enfance et l\u2019enfance jeunesse ont clos l\u2019ann\u00e9e avec les enseignantes pour remercier l\u2019une d\u2019entre elles qui part \u00e0 la retraite et parler de la rentr\u00e9e prochaine.<\/p>\n<p>Chantal Choquer enseignait en CP depuis 2011. \u00a0Je vais pr\u00e9parer ma retraite dans la baie de Morlaix (Finist\u00e8re) et je vais visiter la Bretagne, plaisante la jeune retrait\u00e9e. Chacune de mes trois filles habite un d\u00e9partement diff\u00e9rent.\u00a0<\/p>\n<p>Les effectifs de l\u2019\u00e9cole \u00e9l\u00e9mentaire baissent de 24\u00a0\u00e9l\u00e8ves ce qui entra\u00eene une fermeture de deux classes.<\/p>\n<p>Aude Mah\u00e9o, adjointe \u00e0 l\u2019enfance explique la baisse \u00e0 cause de 67\u00a0d\u00e9parts de CM2 vers le coll\u00e8ge. \u00a0\u00c0 ce jour les effectifs sont de 286\u00a0\u00e9l\u00e8ves en \u00e9l\u00e9mentaire et de 161\u00a0\u00e9l\u00e8ves en maternelle et il y aura une classe de breton en maternelle et une en \u00e9l\u00e9mentaire\u00a0\u00bb, pr\u00e9cise l\u2019adjointe. \u00a0Le concours d\u2019architecte pour le regroupement de l\u2019\u00e9cole \u00e9l\u00e9mentaire aux Grands-Pr\u00e8s-Verts sera lanc\u00e9 en septembre\u00a0, ajoute Ga\u00ebl Lefeuvre.<\/p>\n<p>Pour cette rentr\u00e9e les classes de CP, CE1 et breton seront aux Pr\u00e9s-Verts. Durant l\u2019\u00e9t\u00e9 les services techniques referont enti\u00e8rement une classe du groupe scolaire des Pr\u00e9s-Verts.<\/p>\n<p>\u00a0<\/p>\n","protected":false},"excerpt":{"rendered":"La fin de l\u2019ann\u00e9e scolaire approchant, la commission petite enfance et l\u2019enfance jeunesse ont clos l\u2019ann\u00e9e avec les&hellip;\n","protected":false},"author":2,"featured_media":215013,"comment_status":"","ping_status":"","sticky":false,"template":"","format":"standard","meta":{"footnotes":""},"categories":[2821],"tags":[1111,11,5648,829,22854,1122,1777,674,1011,27,12,12299,584,25,3728,7423,4182],"class_list":{"0":"post-215012","1":"post","2":"type-post","3":"status-publish","4":"format-standard","5":"has-post-thumbnail","7":"category-rennes","8":"tag-actu","9":"tag-actualites","10":"tag-annee","11":"tag-bretagne","12":"tag-cloture","13":"tag-ecole","14":"tag-eu","15":"tag-europe","16":"tag-fr","17":"tag-france","18":"tag-news","19":"tag-publique","20":"tag-rennes","21":"tag-republique-francaise","22":"tag-saint-malo","23":"tag-scolaire","24":"tag-thorigne-fouillard"},"share_on_mastodon":{"url":"https:\/\/pubeurope.com\/@fr\/114770883584215326","error":""},"_links":{"self":[{"href":"https:\/\/www.europesays.com\/fr\/wp-json\/wp\/v2\/posts\/215012","targetHints":{"allow":["GET"]}}],"collection":[{"href":"https:\/\/www.europesays.com\/fr\/wp-json\/wp\/v2\/posts"}],"about":[{"href":"https:\/\/www.europesays.com\/fr\/wp-json\/wp\/v2\/types\/post"}],"author":[{"embeddable":true,"href":"https:\/\/www.europesays.com\/fr\/wp-json\/wp\/v2\/users\/2"}],"replies":[{"embeddable":true,"href":"https:\/\/www.europesays.com\/fr\/wp-json\/wp\/v2\/comments?post=215012"}],"version-history":[{"count":0,"href":"https:\/\/www.europesays.com\/fr\/wp-json\/wp\/v2\/posts\/215012\/revisions"}],"wp:featuredmedia":[{"embeddable":true,"href":"https:\/\/www.europesays.com\/fr\/wp-json\/wp\/v2\/media\/215013"}],"wp:attachment":[{"href":"https:\/\/www.europesays.com\/fr\/wp-json\/wp\/v2\/media?parent=215012"}],"wp:term":[{"taxonomy":"category","embeddable":true,"href":"https:\/\/www.europesays.com\/fr\/wp-json\/wp\/v2\/categories?post=215012"},{"taxonomy":"post_tag","embeddable":true,"href":"https:\/\/www.europesays.com\/fr\/wp-json\/wp\/v2\/tags?post=215012"}],"curies":[{"name":"wp","href":"https:\/\/api.w.org\/{rel}","templated":true}]}}