{"id":215019,"date":"2025-06-30T06:28:10","date_gmt":"2025-06-30T06:28:10","guid":{"rendered":"https:\/\/www.europesays.com\/fr\/215019\/"},"modified":"2025-06-30T06:28:10","modified_gmt":"2025-06-30T06:28:10","slug":"pour-nous-cest-lenfer-les-riverains-de-lavenue-durandy-fermee-depuis-plus-dun-an-a-nice-ne-supportent-plus-les-vehicules-devies-sous-leurs-fenetres","status":"publish","type":"post","link":"https:\/\/www.europesays.com\/fr\/215019\/","title":{"rendered":"\u00ab\u00a0Pour nous, c\u2019est l\u2019enfer\u00a0\u00bb: les riverains de l\u2019avenue Durandy, ferm\u00e9e depuis plus d\u2019un an \u00e0 Nice, ne supportent plus les v\u00e9hicules d\u00e9vi\u00e9s sous leurs fen\u00eatres"},"content":{"rendered":"<p>L\u2019avenue Durandy, axe structurant \u00e0 l\u2019ouest de Nice, est ferm\u00e9e entre le 104 et le 114 depuis mars 2024, \u00e0 la suite \u00e0 des intemp\u00e9ries ayant provoqu\u00e9 un important \u00e9boulement qui a fragilis\u00e9 le talus en bordure de chauss\u00e9e.<\/p>\n<p>Depuis, la M\u00e9tropole Nice C\u00f4te d\u2019Azur s\u2019efforce de r\u00e9parer la route, tout en accusant certains propri\u00e9taires alentour d\u2019avoir r\u00e9alis\u00e9 des travaux ill\u00e9gaux, fragilisant la route. Ce que ces derniers contestent fermement. L\u2019affaire a depuis \u00e9t\u00e9 port\u00e9e devant la justice.<\/p>\n<p>Une r\u00e9ouverture partielle (avec circulation altern\u00e9e) avait \u00e9t\u00e9 annonc\u00e9e pour fin juin, <a href=\"https:\/\/www.nicematin.com\/vie-locale\/en-avance-ou-en-retard-fermee-depuis-plus-d-un-an-l-avenue-durandy-rouvrira-finalement-juste-avant-la-rentree-scolaire-a-nice-990163\" target=\"_blank\" rel=\"noopener\">mais le calendrier a chang\u00e9: la M\u00e9tropole promet d\u00e9sormais une r\u00e9ouverture totale fin ao\u00fbt.<\/a> Ce qui a le don d\u2019\u00e9nerver les riverains. Car une d\u00e9viation officieuse permet aux automobilistes, et autres conducteurs de deux-roues, de contourner all\u00e8grement la fermeture de la route, en passant par une voie priv\u00e9e. Ce qui cause d\u2019in\u00e9vitables d\u00e9sagr\u00e9ments, sonores comme mat\u00e9riels.<\/p>\n<p>              <img ci-src=\"https:\/\/www.nicematin.com\/vie-locale\/protec\/DATA_ART_15810369-aboGxdbQ.jpg?vh=755be6&amp;ci_seal=40dc726bfa\" alt=\"\"\/><br \/>\n        Les travaux se poursuivent pour remettre d\u2019aplomb l\u2019avenue Durandy. <\/p>\n<p>                                <strong>\u00ab\u00a0Il y a 800 v\u00e9hicules par jour, on n\u2019en peut plus\u00a0\u00bb<\/strong><\/p>\n<p>\u00ab\u00a0Il y a 800 v\u00e9hicules par jour, on n\u2019en peut plus, soupire une voisine qui pr\u00e9f\u00e8re garder l\u2019anonymat. La Ville a essay\u00e9 de faire quelque chose pour nous aider au d\u00e9but, mais apr\u00e8s, elle nous a laiss\u00e9s tomber.\u00a0\u00bb<\/p>\n<p>Un plot en b\u00e9ton a, un temps, \u00e9t\u00e9 install\u00e9 par les r\u00e9sidents du Clos de Lammermoor pour condamner la voie priv\u00e9e, mais les habitants des villas situ\u00e9es un peu plus haut \u2013 moins impact\u00e9es par le bruit et la circulation, mais qui poss\u00e8dent un droit de passage \u2013 avaient obtenu en justice son enl\u00e8vement d\u00e9but novembre 2024. Cela les emp\u00eachait de rejoindre les routes de Bellet et de Canta Galet.<\/p>\n<p>R\u00e9sultat: les voitures se sont remises \u00e0 d\u00e9ferler comme jamais. Au grand dam de Didier Ochs, r\u00e9sident et membre du conseil syndical de la copropri\u00e9t\u00e9 du Clos de Lammermoor. \u00ab\u00a0C\u2019est une catastrophe, \u00e7a prolonge le passage de v\u00e9hicule en continue de trois mois chez nous, se d\u00e9sole-t-il. Et avec l\u2019\u00e9t\u00e9, les vitres sont ouvertes, c\u2019est l\u2019enfer&#8230;\u00a0\u00bb<\/p>\n<p><strong>Une action en justice ?<\/strong><\/p>\n<p>Tr\u00e8s remont\u00e9, Didier Ochs explique que sa voiture a \u00e9t\u00e9 enfonc\u00e9e, et son balcon ab\u00eem\u00e9. \u00ab\u00a0Une de mes jardini\u00e8res a \u00e9t\u00e9 explos\u00e9e par un camion, la ma\u00e7onnerie du mur de mes places de stationnement a \u00e9t\u00e9 d\u00e9truite et on m\u2019a m\u00eame vol\u00e9 du mat\u00e9riel, d\u00e9plore-t-il. Les v\u00e9hicules passent vite, les gens sont agressifs, les insultes fusent, de jour comme de nuit&#8230;\u00a0\u00bb<\/p>\n<p>\u00ab\u00a0Avant que le plot en b\u00e9ton ne soit enlev\u00e9, les services de la M\u00e9tropole nous avaient contact\u00e9s, afin d\u2019ouvrir le matin et le soir notre voie priv\u00e9e pour l\u2019\u00e9cole de l\u2019avenue Durandy, raconte-t-il. En compensation, on avait n\u00e9goci\u00e9 l\u2019installation de deux portails, pour pouvoir fermer le reste du temps, et la r\u00e9fection de notre route, qui s\u2019est ab\u00eem\u00e9e. Mais apr\u00e8s l\u2019action en justice des villas, la route est devenue libre d\u2019acc\u00e8s. Et les discussions avec la M\u00e9tropole se sont arr\u00eat\u00e9es, car ils n\u2019avaient plus besoin de n\u00e9gocier avec nous pour ouvrir la voie.\u00a0\u00bb<\/p>\n<p>Didier Ochs annonce qu\u2019il est pr\u00eat \u00e0 lancer une action judiciaire: \u00ab\u00a0Notre voie priv\u00e9e s\u2019est transform\u00e9e de fait en voie publique, et on subit en \u00e9tant compl\u00e8tement impuissant. La police ne fait rien et les automobilistes pensent qu\u2019ils sont dans leur bon droit. La M\u00e9tropole nous a compl\u00e8tement abandonn\u00e9s. On r\u00e9fl\u00e9chit actuellement \u00e0 aller en justice pour tenter d\u2019obtenir des compensations, pour l\u2019\u00e9tat de notre route et pour toutes les nuisances qu\u2019on a subies.\u00a0\u00bb<\/p>\n","protected":false},"excerpt":{"rendered":"L\u2019avenue Durandy, axe structurant \u00e0 l\u2019ouest de Nice, est ferm\u00e9e entre le 104 et le 114 depuis mars&hellip;\n","protected":false},"author":2,"featured_media":215020,"comment_status":"","ping_status":"","sticky":false,"template":"","format":"standard","meta":{"footnotes":""},"categories":[2819],"tags":[1111,11,1777,674,1011,27,12,2401,882,25,3366],"class_list":{"0":"post-215019","1":"post","2":"type-post","3":"status-publish","4":"format-standard","5":"has-post-thumbnail","7":"category-nice","8":"tag-actu","9":"tag-actualites","10":"tag-eu","11":"tag-europe","12":"tag-fr","13":"tag-france","14":"tag-news","15":"tag-nice","16":"tag-provence-alpes-cote-dazur","17":"tag-republique-francaise","18":"tag-vie-locale"},"share_on_mastodon":{"url":"https:\/\/pubeurope.com\/@fr\/114770903295136448","error":""},"_links":{"self":[{"href":"https:\/\/www.europesays.com\/fr\/wp-json\/wp\/v2\/posts\/215019","targetHints":{"allow":["GET"]}}],"collection":[{"href":"https:\/\/www.europesays.com\/fr\/wp-json\/wp\/v2\/posts"}],"about":[{"href":"https:\/\/www.europesays.com\/fr\/wp-json\/wp\/v2\/types\/post"}],"author":[{"embeddable":true,"href":"https:\/\/www.europesays.com\/fr\/wp-json\/wp\/v2\/users\/2"}],"replies":[{"embeddable":true,"href":"https:\/\/www.europesays.com\/fr\/wp-json\/wp\/v2\/comments?post=215019"}],"version-history":[{"count":0,"href":"https:\/\/www.europesays.com\/fr\/wp-json\/wp\/v2\/posts\/215019\/revisions"}],"wp:featuredmedia":[{"embeddable":true,"href":"https:\/\/www.europesays.com\/fr\/wp-json\/wp\/v2\/media\/215020"}],"wp:attachment":[{"href":"https:\/\/www.europesays.com\/fr\/wp-json\/wp\/v2\/media?parent=215019"}],"wp:term":[{"taxonomy":"category","embeddable":true,"href":"https:\/\/www.europesays.com\/fr\/wp-json\/wp\/v2\/categories?post=215019"},{"taxonomy":"post_tag","embeddable":true,"href":"https:\/\/www.europesays.com\/fr\/wp-json\/wp\/v2\/tags?post=215019"}],"curies":[{"name":"wp","href":"https:\/\/api.w.org\/{rel}","templated":true}]}}