{"id":215021,"date":"2025-06-30T06:29:08","date_gmt":"2025-06-30T06:29:08","guid":{"rendered":"https:\/\/www.europesays.com\/fr\/215021\/"},"modified":"2025-06-30T06:29:08","modified_gmt":"2025-06-30T06:29:08","slug":"lile-de-nantes-entretient-sa-memoire","status":"publish","type":"post","link":"https:\/\/www.europesays.com\/fr\/215021\/","title":{"rendered":"l&rsquo;\u00eele de Nantes entretient sa m\u00e9moire"},"content":{"rendered":"<p>\nAvec l&rsquo;ach\u00e8vement de l&rsquo;\u00eelot mixte Bergeron, un pan du pass\u00e9 industriel de l&rsquo;\u00eele de Nantes (Loire-Atlantique) aurait pu s&rsquo;effacer. Livr\u00e9e par \u00e9tapes en d\u00e9but d&rsquo;ann\u00e9e, cette op\u00e9ration de 12 000 m\u00b2 SP s&rsquo;est d\u00e9velopp\u00e9e sur l&#8217;emprise de la derni\u00e8re halle Alstom du territoire \u00e0 n&rsquo;avoir pas mut\u00e9. Des activit\u00e9s d&rsquo;entretien de turbines y ont perdur\u00e9 jusqu&rsquo;en 2021. Mais, \u00e0 sa mani\u00e8re, le projet con\u00e7u par l&rsquo;architecte et urbaniste <a title=\"\" href=\"https:\/\/www.lemoniteur.fr\/alexandre-chemetoff\/\" rel=\"nofollow noopener\" target=\"\" class=\"lien-contextuel\">Alexandre Chemetoff<\/a> pour le groupe Quartus a pr\u00e9serv\u00e9 l&rsquo;esprit des lieux\u2026<\/p>\n<p>\nDepuis que les <a title=\"\" href=\"https:\/\/www.lemoniteur.fr\/chantiers\/\" rel=\"nofollow noopener\" target=\"\" class=\"lien-contextuel\">chantiers<\/a> navals ont ferm\u00e9 en 1987, apr\u00e8s deux cents ans d&rsquo;existence, Nantes n&rsquo;a jamais rompu avec cette histoire.<\/p>\n<p>\nDans le nouveau morceau de ville en construction depuis vingt-cinq ans, sur la pointe ouest de l&rsquo;\u00eele, d&rsquo;anciens b\u00e2timents d&rsquo;usines ont demeur\u00e9 \u00e7\u00e0 et l\u00e0, convertis \u00e0 de nouveaux usages, surtout en lien avec la cr\u00e9ation ou la tech. La premi\u00e8re d\u00e9monstration de cette possible transformation remonte au d\u00e9but des ann\u00e9es 2000. Le m\u00eame Alexandre Chemetoff, alors premier ma\u00eetre d&rsquo;\u0153uvre du r\u00e9am\u00e9nagement de l&rsquo;\u00eele, avait r\u00e9habilit\u00e9 de hautes halles en nefs culturelles, pour accueillir notamment les Machines de l&rsquo;\u00eele, et cr\u00e9\u00e9 le parc des Chantiers, au paysage marqu\u00e9 par les rampes de lancement de navires.<\/p>\n<p><b>Qualit\u00e9 d&rsquo;insertion urbaine<\/b><\/p>\n<p>\n\u00ab Mais que garder quand il ne reste rien, si ce n&rsquo;est la m\u00e9moire ? \u00bb, interroge aujourd&rsquo;hui l&rsquo;architecte. Car sur la parcelle du projet Bergeron, situ\u00e9e en face des Machines, les \u00e9difices industriels n&rsquo;ont, cette fois, pas pu \u00eatre conserv\u00e9s. \u00ab La question s&rsquo;est pos\u00e9e, mais la faisabilit\u00e9 technique d&rsquo;une restructuration s&rsquo;av\u00e9rait compliqu\u00e9e, explique Yann Pigeard, directeur de territoire Grand Ouest chez Quartus. Nous n&rsquo;aurions pas pu d\u00e9velopper le m\u00eame programme. \u00bb Outre des logements, destin\u00e9s \u00e0 de l&rsquo;accession libre et de l&rsquo;habitat social, ce dernier a int\u00e9gr\u00e9 tr\u00e8s t\u00f4t la cr\u00e9ation d&rsquo;environ 7 800 m\u00b2 SP de bureaux pour la soci\u00e9t\u00e9 Doctolib. S&rsquo;y s&rsquo;ajoutent des ateliers pour de l&rsquo;industrie cr\u00e9ative et culturelle et quelques commerces. \u00ab Nous avons plut\u00f4t ax\u00e9 la r\u00e9flexion sur le r\u00e9emploi. Ainsi, la structure m\u00e9tallique a \u00e9t\u00e9 r\u00e9utilis\u00e9e ailleurs et une ancienne cuve a \u00e9t\u00e9 conserv\u00e9e pour assurer la r\u00e9cup\u00e9ration et le stockage des eaux de pluie \u00bb, poursuit Yann Pigeard.<\/p>\n<p>\nEn 2021, Alexandre Chemetoff remporte le concours de ma\u00eetrise d&rsquo;\u0153uvre, notamment pour la qualit\u00e9 d&rsquo;insertion urbaine de son projet. Pour l&rsquo;architecte, soucieux du respect de l&rsquo;identit\u00e9 des villes, cet ensemble de quatre b\u00e2timents neufs longeant une longue rue int\u00e9rieure devait perp\u00e9tuer l&rsquo;histoire locale. Alors, puisqu&rsquo;alentour s&rsquo;\u00e9tend une \u00ab mer de sheds \u00bb conserv\u00e9s, Alexandre Chemetoff a reproduit ce mouvement en dents de scie sur les corps de b\u00e2timents accol\u00e9s au parking voisin. Construit en 2009 par l&rsquo;agence Barto+Barto, celui-ci conservait de toute fa\u00e7on sur sa face nord l&#8217;empreinte de l&rsquo;usine disparue.<\/p>\n<p>\nL&rsquo;\u00eelot Bergeron adopte un vocabulaire sobre, assez brut, reposant sur l&rsquo;usage d&rsquo;une structure b\u00e9ton, de bois en ossature de fa\u00e7ade ou en structure pour les longues coursives \u00e0 usage de distribution ou de balcons et enfin d&rsquo;\u00e9l\u00e9ments m\u00e9talliques simples. \u00ab Nous avons repris l&rsquo;esth\u00e9tique industrielle mais en lui conf\u00e9rant un aspect domestique \u00bb, explique l&rsquo;architecte. Ainsi, toutes les composantes du programme jouissent d&rsquo;extensions ext\u00e9rieures et d&rsquo;ouvertures g\u00e9n\u00e9reuses.<\/p>\n<p>\nL&rsquo;omnipr\u00e9sence du bois aurait pu donner \u00e0 l&rsquo;op\u00e9ration un caract\u00e8re rustique, ou pire, monotone, mais la r\u00e9alisation se r\u00e9v\u00e8le d&rsquo;une grande sophistication dans les d\u00e9tails, servie par la qualit\u00e9 d&rsquo;ex\u00e9cution des entreprises. La composition du plan-masse, le dessin des fa\u00e7ades et le traitement des circulations permettent enfin d&rsquo;offrir une grande vari\u00e9t\u00e9 de situations. Yann Pigeard s&rsquo;enthousiasme : \u00ab O\u00f9 que vous soyez, vous profitez d&rsquo;un point de vue diff\u00e9rent, \u00e0 travers une faille, depuis un angle\u2026 C&rsquo;est la grande force de cette r\u00e9alisation. \u00bb<\/p>\n<blockquote class=\"editoOutOfText\">\n<p>\n<strong>Informations techniques<\/strong><\/p>\n<p>\n<b>Ma\u00eetrise d&rsquo;ouvrage : <\/b>Quartus.<\/p>\n<p>\n<b>Ma\u00eetrise d&rsquo;\u0153uvre : <\/b>Alexandre Chemetoff &amp; Bureau des paysages (architecte mandataire, paysagiste), Christophe Theilmann (architecte associ\u00e9), Isac (structure), Canop\u00e9e (environnement), Gefi (fluides).<\/p>\n<p>\n<b>S<\/b><b>urfaces <\/b>: 11 970 m\u00b2 SP dont logements : 2 699 m\u00b2 SP ; bureaux : 7 807 m\u00b2 SP ; ateliers ICC : 680 m\u00b2 SP ; commerces : 784 m\u00b2 SP.<\/p>\n<p>\n<b>Principales entreprises :<\/b> L\u00e9on Grosse (gros \u0153uvre), Cruard Charpente (charpente), Andr\u00e9 BTP (bardage bois), Ateliers David (bardage m\u00e9tal et m\u00e9tallerie), Tallot Couverture (couverture).<\/p>\n<p>\n<b>Calendrier <\/b>: concours en 2021, d\u00e9construction en 2022, d\u00e9but de la construction en 2023, livraisons d\u00e9but 2025.<\/p>\n<p>\n<b>Co\u00fbt des travaux :<\/b> 28 M\u20ac HT.<\/p>\n<\/blockquote>\n","protected":false},"excerpt":{"rendered":"Avec l&rsquo;ach\u00e8vement de l&rsquo;\u00eelot mixte Bergeron, un pan du pass\u00e9 industriel de l&rsquo;\u00eele de Nantes (Loire-Atlantique) aurait pu&hellip;\n","protected":false},"author":2,"featured_media":215022,"comment_status":"","ping_status":"","sticky":false,"template":"","format":"standard","meta":{"footnotes":""},"categories":[2818],"tags":[1111,11,35473,1350,1777,674,1011,27,8068,2642,3047,766,12,6534,2636,35474,19469,25],"class_list":{"0":"post-215021","1":"post","2":"type-post","3":"status-publish","4":"format-standard","5":"has-post-thumbnail","7":"category-nantes","8":"tag-actu","9":"tag-actualites","10":"tag-alexandre-chemetoff","11":"tag-architecture","12":"tag-eu","13":"tag-europe","14":"tag-fr","15":"tag-france","16":"tag-halle","17":"tag-ile-de-nantes","18":"tag-loire-atlantique","19":"tag-nantes","20":"tag-news","21":"tag-ouest-et-centre","22":"tag-pays-de-la-loire","23":"tag-quartus","24":"tag-realisations","25":"tag-republique-francaise"},"share_on_mastodon":{"url":"https:\/\/pubeurope.com\/@fr\/114770907240469118","error":""},"_links":{"self":[{"href":"https:\/\/www.europesays.com\/fr\/wp-json\/wp\/v2\/posts\/215021","targetHints":{"allow":["GET"]}}],"collection":[{"href":"https:\/\/www.europesays.com\/fr\/wp-json\/wp\/v2\/posts"}],"about":[{"href":"https:\/\/www.europesays.com\/fr\/wp-json\/wp\/v2\/types\/post"}],"author":[{"embeddable":true,"href":"https:\/\/www.europesays.com\/fr\/wp-json\/wp\/v2\/users\/2"}],"replies":[{"embeddable":true,"href":"https:\/\/www.europesays.com\/fr\/wp-json\/wp\/v2\/comments?post=215021"}],"version-history":[{"count":0,"href":"https:\/\/www.europesays.com\/fr\/wp-json\/wp\/v2\/posts\/215021\/revisions"}],"wp:featuredmedia":[{"embeddable":true,"href":"https:\/\/www.europesays.com\/fr\/wp-json\/wp\/v2\/media\/215022"}],"wp:attachment":[{"href":"https:\/\/www.europesays.com\/fr\/wp-json\/wp\/v2\/media?parent=215021"}],"wp:term":[{"taxonomy":"category","embeddable":true,"href":"https:\/\/www.europesays.com\/fr\/wp-json\/wp\/v2\/categories?post=215021"},{"taxonomy":"post_tag","embeddable":true,"href":"https:\/\/www.europesays.com\/fr\/wp-json\/wp\/v2\/tags?post=215021"}],"curies":[{"name":"wp","href":"https:\/\/api.w.org\/{rel}","templated":true}]}}