{"id":215023,"date":"2025-06-30T06:30:19","date_gmt":"2025-06-30T06:30:19","guid":{"rendered":"https:\/\/www.europesays.com\/fr\/215023\/"},"modified":"2025-06-30T06:30:19","modified_gmt":"2025-06-30T06:30:19","slug":"avant-le-depart-en-vacances-la-police-rappelle-les-bons-gestes","status":"publish","type":"post","link":"https:\/\/www.europesays.com\/fr\/215023\/","title":{"rendered":"avant le d\u00e9part en vacances, la police rappelle les bons gestes"},"content":{"rendered":"<p>            Par<br \/>\n        <strong><br \/>\n            <a href=\"https:\/\/actu.fr\/auteur\/redaction-nantes\" title=\"Consulter tous les articles de R\u00e9daction Nantes\" target=\"_blank\" rel=\"noopener\">R\u00e9daction Nantes<\/a><br \/>\n        <\/strong><\/p>\n<p>        Publi\u00e9 le<\/p>\n<p>            30 juin 2025 \u00e0 7h48        <\/p>\n<p>C\u2019est bient\u00f4t les vacances d\u2019\u00e9t\u00e9. Avant le d\u00e9part de millions de Fran\u00e7ais, la police rappelle les bonnes pratiques pour garantir la s\u00e9curit\u00e9 de son logement pendant son absence. \u00c0 <strong>Nantes<\/strong>, la police souligne l\u2019importance de <strong>l\u2019Op\u00e9ration Tranquillit\u00e9 Vacances<\/strong> (OTV) afin de garantir la s\u00e9curit\u00e9 de votre logement pendant les p\u00e9riodes d\u2019absence.<\/p>\n<p class=\" wall-content\">\u00ab\u2009L\u2019Op\u00e9ration Tranquillit\u00e9 Vacances est une mesure pr\u00e9ventive visant \u00e0 dissuader les cambriolages et \u00e0 renforcer la s\u00e9curit\u00e9 dans les quartiers r\u00e9sidentiels,<strong> gr\u00e2ce \u00e0 un syst\u00e8me de patrouilles r\u00e9guli\u00e8res de jour comme de nuit dans votre quartier\u2009\u00bb<\/strong>, indique la police nationale de Loire-Atlantique dans un communiqu\u00e9 transmis \u00e0 <a href=\"https:\/\/actu.fr\/nantes\/\" target=\"_blank\" rel=\"noopener\">actu Nantes<\/a>.<\/p>\n<p>Bien pr\u00e9parer son d\u00e9part<\/p>\n<p class=\" wall-content\">Il est possible de s\u2019inscrire \u00e0 l\u2019OTV en remplissant le formulaire en ligne sur le site <a href=\"https:\/\/www.masecurite.interieur.gouv.fr\/fr\" target=\"_blank\" rel=\"noopener\">Ma S\u00e9curit\u00e9<\/a>. Avant son d\u00e9part en vacances, <strong>voici quelques conseils donn\u00e9s par la police<\/strong>\u2009:<\/p>\n<ul class=\" wall-content\">\n<li>Installez des \u00e9quipements adapt\u00e9s et agr\u00e9\u00e9s (\u00e9clairage programm\u00e9, d\u00e9tecteur de pr\u00e9sence, syst\u00e8me d\u2019alarme) et pensez \u00e0 les mettre en service avant de partir.<\/li>\n<li>Pr\u00e9venez le voisinage de votre d\u00e9part.<\/li>\n<li>Demandez \u00e0 une personne de confiance de venir relever le courrier \u00e0 votre domicile. Une bo\u00eete aux lettres d\u00e9bordant de plis r\u00e9v\u00e8le une longue absence.<\/li>\n<li>Confiez votre double des cl\u00e9s \u00e0 une personne de confiance. Ne les mettez pas dans une bo\u00eete aux lettres, sous un paillasson, dans un pot de fleurs.<\/li>\n<li>Ne laissez pas d\u2019outils de jardin disponibles (\u00e9chelle, marteau, pioche\u2026) : cadenassez-les.<\/li>\n<li>Prot\u00e9gez vos objets de valeur en les cachant ou en les confiant \u00e0 un proche.<\/li>\n<li>Ne diffusez pas vos dates de vacances sur les r\u00e9seaux sociaux et veillez \u00e0 ce que vos enfants fassent de m\u00eame. Il est \u00e9galement d\u00e9conseill\u00e9 de publier vos photos de vacances.<\/li>\n<\/ul>\n<p class=\" wall-content\">Suivez toute l\u2019actualit\u00e9 de vos villes et m\u00e9dias favoris en vous inscrivant \u00e0 <a href=\"https:\/\/moncompte.actu.fr\" title=\"D\u00e9couvez Mon Actu\" rel=\"nofollow noopener\" data-trk=\"{&quot;cta&quot;:{&quot;action&quot;:&quot;https:\\\/\\\/moncompte.actu.fr&quot;,&quot;category&quot;:&quot;mon compte&quot;,&quot;from&quot;:&quot;article footer&quot;,&quot;name&quot;:&quot;Mon actu&quot;,&quot;type&quot;:&quot;cta&quot;}}\" target=\"_blank\">Mon Actu<\/a>.<\/p>\n","protected":false},"excerpt":{"rendered":"Par R\u00e9daction Nantes Publi\u00e9 le 30 juin 2025 \u00e0 7h48 C\u2019est bient\u00f4t les vacances d\u2019\u00e9t\u00e9. Avant le d\u00e9part&hellip;\n","protected":false},"author":2,"featured_media":215024,"comment_status":"","ping_status":"","sticky":false,"template":"","format":"standard","meta":{"footnotes":""},"categories":[2818],"tags":[1111,11,1174,1777,674,118,1011,27,766,12,2636,1072,25,3176],"class_list":{"0":"post-215023","1":"post","2":"type-post","3":"status-publish","4":"format-standard","5":"has-post-thumbnail","7":"category-nantes","8":"tag-actu","9":"tag-actualites","10":"tag-cambriolage","11":"tag-eu","12":"tag-europe","13":"tag-faits-divers","14":"tag-fr","15":"tag-france","16":"tag-nantes","17":"tag-news","18":"tag-pays-de-la-loire","19":"tag-police","20":"tag-republique-francaise","21":"tag-vacances-scolaires"},"share_on_mastodon":{"url":"https:\/\/pubeurope.com\/@fr\/114770911570518808","error":""},"_links":{"self":[{"href":"https:\/\/www.europesays.com\/fr\/wp-json\/wp\/v2\/posts\/215023","targetHints":{"allow":["GET"]}}],"collection":[{"href":"https:\/\/www.europesays.com\/fr\/wp-json\/wp\/v2\/posts"}],"about":[{"href":"https:\/\/www.europesays.com\/fr\/wp-json\/wp\/v2\/types\/post"}],"author":[{"embeddable":true,"href":"https:\/\/www.europesays.com\/fr\/wp-json\/wp\/v2\/users\/2"}],"replies":[{"embeddable":true,"href":"https:\/\/www.europesays.com\/fr\/wp-json\/wp\/v2\/comments?post=215023"}],"version-history":[{"count":0,"href":"https:\/\/www.europesays.com\/fr\/wp-json\/wp\/v2\/posts\/215023\/revisions"}],"wp:featuredmedia":[{"embeddable":true,"href":"https:\/\/www.europesays.com\/fr\/wp-json\/wp\/v2\/media\/215024"}],"wp:attachment":[{"href":"https:\/\/www.europesays.com\/fr\/wp-json\/wp\/v2\/media?parent=215023"}],"wp:term":[{"taxonomy":"category","embeddable":true,"href":"https:\/\/www.europesays.com\/fr\/wp-json\/wp\/v2\/categories?post=215023"},{"taxonomy":"post_tag","embeddable":true,"href":"https:\/\/www.europesays.com\/fr\/wp-json\/wp\/v2\/tags?post=215023"}],"curies":[{"name":"wp","href":"https:\/\/api.w.org\/{rel}","templated":true}]}}