{"id":215027,"date":"2025-06-30T06:32:10","date_gmt":"2025-06-30T06:32:10","guid":{"rendered":"https:\/\/www.europesays.com\/fr\/215027\/"},"modified":"2025-06-30T06:32:10","modified_gmt":"2025-06-30T06:32:10","slug":"a-bordeaux-lalliance-de-lopposition-scellee-avant-la-mort-de-nicolas-florian-a-vole-en-eclat","status":"publish","type":"post","link":"https:\/\/www.europesays.com\/fr\/215027\/","title":{"rendered":"\u00e0 Bordeaux, l\u2019alliance de l\u2019opposition scell\u00e9e avant la mort de Nicolas Florian a vol\u00e9 en \u00e9clat"},"content":{"rendered":"<p>Cinq mois apr\u00e8s le d\u00e9c\u00e8s de Nicolas Florian, l\u2019id\u00e9e d\u2019une campagne municipale unique et commune de l\u2019opposition bordelaise n\u2019est plus qu\u2019un mirage. Les candidats, nombreux, campent sur leurs positions tout en multipliant les appels \u00e0 l\u2019union.<\/p>\n<p class=\"fig-paragraph\">\u00c0 Bordeaux, les membres de l\u2019opposition municipale, toujours divis\u00e9s, campent sur leurs positions. L\u2019alliance annonc\u00e9e par\u00a0l\u2019ancien chef de file de la droite\u00a0<a href=\"http:\/\/www.lefigaro.fr\/bordeaux\/nous-avons-eu-une-vie-incroyable-les-confidences-au-figaro-de-la-veuve-et-du-fils-de-nicolas-florian-l-ancien-maire-de-bordeaux-20250129\" data-fig-type=\"NewsFlash\" data-gtm-custom-categorie=\"navigation\" data-gtm-custom-action=\"crossclick\" data-gtm-custom-label=\"Contextuel\" data-gtm-event=\"customEventSPE\" data-fig-domain=\"LEFIGARO\" target=\"_blank\" rel=\"noopener\">Nicolas Florian<\/a>\u00a0(LR) dans\u00a0<a href=\"http:\/\/www.lefigaro.fr\/bordeaux\/ce-sera-hurmic-ou-nous-les-principaux-adversaires-politiques-du-maire-de-bordeaux-s-allient-en-vue-des-elections-municipales-2026-20250120\" data-fig-type=\"NewsFlash\" data-gtm-custom-categorie=\"navigation\" data-gtm-custom-action=\"crossclick\" data-gtm-custom-label=\"Contextuel\" data-gtm-event=\"customEventSPE\" data-fig-domain=\"LEFIGARO\" target=\"_blank\" rel=\"noopener\">nos colonnes le 20 janvier dernier<\/a>, s\u2019est \u00e9vanouie depuis\u00a0sa\u00a0<a href=\"http:\/\/www.lefigaro.fr\/bordeaux\/a-bordeaux-une-celebre-place-de-la-ville-rebaptisee-place-nicolas-florian-20250313\" data-fig-type=\"NewsFlash\" data-gtm-custom-categorie=\"navigation\" data-gtm-custom-action=\"crossclick\" data-gtm-custom-label=\"Contextuel\" data-gtm-event=\"customEventSPE\" data-fig-domain=\"LEFIGARO\" target=\"_blank\" rel=\"noopener\">disparition brutale des suites d\u2019un AVC<\/a>. \u00abNicolas avait une mani\u00e8re de faire de la politique et d\u2019\u00eatre aux autres, avec douceur et autorit\u00e9, que ne poss\u00e8dent pas ceux qui veulent lui succ\u00e9der\u00bb, regrette l\u2019un de ses proches. Depuis son d\u00e9c\u00e8s, les candidatures pour affronter le maire \u00e9cologiste sortant, Pierre Hurmic, sont l\u00e9gion. Les appels \u00e0 un \u00abgrand rassemblement\u00bb demeurent sur les l\u00e8vres de Nathalie Delattre (Parti radical), Thomas Cazenave (Renaissance) et Alexandra Siarri (sans \u00e9tiquette). Tous revendiquent pourtant le statut de candidat d\u00e9clar\u00e9. De son c\u00f4t\u00e9, l\u2019ancien adjoint d\u2019Alain Jupp\u00e9, Pierre De Ga\u00e9tan Njikam (Les R\u00e9publicains)\u00a0<a href=\"http:\/\/www.lefigaro.fr\/bordeaux\/apres-la-mort-de-nicolas-florian-le-bal-des-pretendants-pour-incarner-la-droite-bordelaise-fait-rage-20250321\" data-fig-type=\"NewsFlash\" data-gtm-custom-categorie=\"navigation\" data-gtm-custom-action=\"crossclick\" data-gtm-custom-label=\"Contextuel\" data-gtm-event=\"customEventSPE\" data-fig-domain=\"LEFIGARO\" target=\"_blank\" rel=\"noopener\">a annonc\u00e9<\/a>\u00a0d\u00e8s mars qu\u2019il briguerait la mairie. Philippe Dessertine, universitaire, envisage \u00e9galement d\u2019entrer dans la course, comme il l\u2019a confi\u00e9 au Figaro.<\/p>\n<p class=\"fig-paragraph\">\u00abCe qui avait \u00e9t\u00e9 construit autour de l\u2019histoire et de la personnalit\u00e9 de Nicolas Florian a disparu avec lui quand il est d\u00e9c\u00e9d\u00e9. Ce temps permet \u00e0 chacun de r\u00e9fl\u00e9chir et cela ne veut pas dire que toutes possibilit\u00e9s d\u2019alliance n\u2019existent plus\u00bb, nuance Alexandra Siarri, conseill\u00e8re municipale. Pourtant, cinq mois apr\u00e8s la disparition de Nicolas Florian, l\u2019unit\u00e9 esp\u00e9r\u00e9e semble de plus en plus illusoire. Le d\u00e9put\u00e9 et ex-ministre Thomas Cazenave a organis\u00e9 son premier meeting ce mardi. La s\u00e9natrice et ministre Nathalie Delattre s\u2019est adress\u00e9e aux Bordelais via un courrier d\u00e9but juin. Alexandra Siarri organise sa premi\u00e8re conf\u00e9rence de presse, mercredi prochain. L\u2019\u00e9lu municipal Pierre De Ga\u00e9tan Njikam, lui, est pr\u00eat \u00e0 mener \u00abune rude bataille\u00bb pour obtenir l\u2019investiture LR et esp\u00e8re que \u00abBruno Retailleau aura le courage de ne pas \u00e9couter les sir\u00e8nes locales et de voir sa l\u00e9gitimit\u00e9 au sein de leur famille politique\u00bb.<\/p>\n<blockquote class=\"fig-quote&#10;    \">\n<p class=\"fig-quote__text\">Les Bordelais commencent \u00e0 nous dire\u00a0: \u201cQu\u2019est-ce que vous foutez\u00a0? Cazenave ou Delattre, on s\u2019en fout. Unissez-vous pour d\u00e9gager Hurmic\u201d<\/p>\n<p>            Une observateur politique local\n    <\/p><\/blockquote>\n<p class=\"fig-paragraph\">\u00abJe constate que l\u2019alliance est plus difficile que pr\u00e9vu et qu\u2019elle tra\u00eene alors que je plaide pour une d\u00e9marche unitaire avant l\u2019\u00e9t\u00e9, affirme Thomas Cazenave. Je pr\u00eache l\u2019union dans le d\u00e9sert alors que jusqu\u2019\u00e0 preuve du contraire, je suis convaincu d\u2019\u00eatre le meilleur candidat pour battre Pierre Hurmic.\u00bb Nathalie Delattre, qui pr\u00e9side le mouvement Bordeaux Ensemble au sein duquel cohabitent les \u00e9lus Modem et LR, \u00e0 l\u2019instar de Fabien Robert ou G\u00e9raldine Amouroux, riposte\u00a0: \u00abThomas Cazenave est en campagne depuis 2019. Mais l\u2019union nous l\u2019avons d\u00e9j\u00e0 faite et elle se fera \u00e9galement avec Renaissance s\u2019il accepte de la rejoindre.\u00bb\u00a0<\/p>\n<p>Divergence d\u2019id\u00e9es ou guerre d\u2019ego\u00a0?<\/p>\n<p class=\"fig-paragraph\">\u00abJe les crois sinc\u00e8re sur leur volont\u00e9 de s\u2019unir. Mais, comme ils n\u2019arrivent pas \u00e0 d\u00e9terminer leur t\u00eate de liste en raison de leur envergure politique \u00e9quivalente, ils font monter la pression\u00bb, avance un observateur avis\u00e9. Tandis que Pierre De Ga\u00e9tan tacle\u00a0: \u00abDe qui parle-t-on quand on parle de la droite bordelaise\u00a0? Nathalie Delattre et Thomas Cazenave sont tous deux issus du bloc central\u00a0: ils devraient pouvoir se retrouver. Donc soit ils ont de r\u00e9elles divergences de visions, soit leurs positions respectives rel\u00e8vent de l\u2019ordre de l\u2019irrationnel et du narcissisme.\u00bb\u00a0<\/p>\n<p class=\"fig-paragraph\">L\u2019opposition bordelaise parviendra-t-elle \u00e0 s\u2019allier \u00e0 la rentr\u00e9e\u00a0? Lors du dernier scrutin, Pierre Hurmic avait cr\u00e9\u00e9 la surprise en cr\u00e9ant un rassemblement tardif, en janvier, mais il avait \u00abla sociologie de la ville avec lui\u00bb, souligne une personnalit\u00e9 politique locale. En toute hypoth\u00e8se, demeurer d\u00e9sunis trop longtemps pourrait devenir dangereux pour tous les candidats. \u00abJe pense comme tous ceux qui veulent que Pierre Hurmic ne soit plus maire que s\u2019il y a plusieurs candidatures cela ne marchera pas\u00bb, admet Alexandra Siarri.<\/p>\n<p class=\"fig-paragraph\">Un membre de l\u2019opposition, lui, alerte\u00a0: \u00abLes Bordelais commencent \u00e0 nous dire\u00a0: \u201cQu\u2019est-ce que vous foutez\u00a0? Cazenave ou Delattre, on s\u2019en fout. Unissez-vous pour d\u00e9gager Hurmic\u201d.\u00bb Avant d\u2019avouer\u00a0: \u00abLe vrai risque, c\u2019est que certains \u00e9lecteurs se disent que cela ne vaut pas la peine de voter utile et qu\u2019ils se fassent plaisir dans l\u2019urne en votant RN.\u00bb Une \u00e9ventualit\u00e9 d\u2019autant plus probable que Bruno Paluteau, le traditionnel candidat du parti \u00e0 la flamme aux \u00e9lections municipales bordelaises, a c\u00e9d\u00e9 sa place \u00e0 la d\u00e9put\u00e9e europ\u00e9enne\u00a0<a href=\"http:\/\/www.lefigaro.fr\/bordeaux\/il-faut-remettre-bordeaux-en-ordre-la-deputee-europeenne-rn-julie-rechagneux-candidate-aux-municipales-20250502\" data-fig-type=\"NewsFlash\" data-gtm-custom-categorie=\"navigation\" data-gtm-custom-action=\"crossclick\" data-gtm-custom-label=\"Contextuel\" data-gtm-event=\"customEventSPE\" data-fig-domain=\"LEFIGARO\" target=\"_blank\" rel=\"noopener\">Julie Rechagneux<\/a>\u00a0qui dispose d\u2019une plus grande notori\u00e9t\u00e9.<\/p>\n","protected":false},"excerpt":{"rendered":"Cinq mois apr\u00e8s le d\u00e9c\u00e8s de Nicolas Florian, l\u2019id\u00e9e d\u2019une campagne municipale unique et commune de l\u2019opposition bordelaise&hellip;\n","protected":false},"author":2,"featured_media":215028,"comment_status":"","ping_status":"","sticky":false,"template":"","format":"standard","meta":{"footnotes":""},"categories":[2817],"tags":[1111,11,1997,2916,2911,2910,2915,2909,2904,2913,2912,2914,2906,2907,1777,674,1011,27,2905,2908,7372,3554,12,2219,316,25],"class_list":{"0":"post-215027","1":"post","2":"type-post","3":"status-publish","4":"format-standard","5":"has-post-thumbnail","7":"category-bordeaux","8":"tag-actu","9":"tag-actualites","10":"tag-bordeaux","11":"tag-bordeaux-cauderan","12":"tag-bordeaux-centre-ville","13":"tag-bordeaux-chartrons-grand-parc-jardin-public","14":"tag-bordeaux-la-bastide","15":"tag-bordeaux-maritime","16":"tag-bordeaux-metropole","17":"tag-bordeaux-nansouty-st-genes","18":"tag-bordeaux-st-augustin-tauzin-alphonse-dupeux","19":"tag-bordeaux-sud","20":"tag-capitale-de-gaule","21":"tag-cathedrale-gothique-de-saint-andre","22":"tag-eu","23":"tag-europe","24":"tag-fr","25":"tag-france","26":"tag-gironde","27":"tag-girondins-de-bordeaux","28":"tag-mairie-de-bordeaux","29":"tag-municipales","30":"tag-news","31":"tag-nouvelle-aquitaine","32":"tag-politique","33":"tag-republique-francaise"},"share_on_mastodon":{"url":"","error":"Validation failed: Text character limit of 500 exceeded"},"_links":{"self":[{"href":"https:\/\/www.europesays.com\/fr\/wp-json\/wp\/v2\/posts\/215027","targetHints":{"allow":["GET"]}}],"collection":[{"href":"https:\/\/www.europesays.com\/fr\/wp-json\/wp\/v2\/posts"}],"about":[{"href":"https:\/\/www.europesays.com\/fr\/wp-json\/wp\/v2\/types\/post"}],"author":[{"embeddable":true,"href":"https:\/\/www.europesays.com\/fr\/wp-json\/wp\/v2\/users\/2"}],"replies":[{"embeddable":true,"href":"https:\/\/www.europesays.com\/fr\/wp-json\/wp\/v2\/comments?post=215027"}],"version-history":[{"count":0,"href":"https:\/\/www.europesays.com\/fr\/wp-json\/wp\/v2\/posts\/215027\/revisions"}],"wp:featuredmedia":[{"embeddable":true,"href":"https:\/\/www.europesays.com\/fr\/wp-json\/wp\/v2\/media\/215028"}],"wp:attachment":[{"href":"https:\/\/www.europesays.com\/fr\/wp-json\/wp\/v2\/media?parent=215027"}],"wp:term":[{"taxonomy":"category","embeddable":true,"href":"https:\/\/www.europesays.com\/fr\/wp-json\/wp\/v2\/categories?post=215027"},{"taxonomy":"post_tag","embeddable":true,"href":"https:\/\/www.europesays.com\/fr\/wp-json\/wp\/v2\/tags?post=215027"}],"curies":[{"name":"wp","href":"https:\/\/api.w.org\/{rel}","templated":true}]}}