{"id":21503,"date":"2025-04-13T06:01:16","date_gmt":"2025-04-13T06:01:16","guid":{"rendered":"https:\/\/www.europesays.com\/fr\/21503\/"},"modified":"2025-04-13T06:01:16","modified_gmt":"2025-04-13T06:01:16","slug":"vers-une-panne-totale-dinternet-la-russie-accusee-de-vouloir-mettre-le-monde-a-genoux","status":"publish","type":"post","link":"https:\/\/www.europesays.com\/fr\/21503\/","title":{"rendered":"Vers une panne totale d\u2019Internet\u00a0? La Russie accus\u00e9e de vouloir mettre le monde \u00e0 genoux"},"content":{"rendered":"<p>C\u2019est un vrai signal d\u2019alarme que les grandes soci\u00e9t\u00e9s de t\u00e9l\u00e9communication ont lanc\u00e9. Dans un courrier adress\u00e9 \u00e0 l\u2019Union europ\u00e9enne, au Royaume-Uni et \u00e0 l\u2019OTAN, Vodafone, Telefonica, propri\u00e9taire d\u2019O2, et <a href=\"https:\/\/www.presse-citron.net\/orange-annonce-ses-nouvelles-livebox-7-et-livebox-s-wifi-7-et-tres-haut-debit-a-prix-dor-tous-les-tarifs\/\" target=\"_blank\" rel=\"false noopener nofollow\">Orange<\/a> pr\u00e9viennent qu\u2019une hausse des attaques sur <a href=\"https:\/\/www.presse-citron.net\/pourquoi-letat-nationalise-asn-fabricant-de-cables-telecoms-sous-marins\/\" target=\"_blank\" rel=\"false noopener nofollow\">les c\u00e2bles sous-marins<\/a> risque de mettre en p\u00e9ril certains domaines essentiels.<\/p>\n<p> La Russie accus\u00e9e de sabotage <\/p>\n<p>Les entreprises soulignent ainsi\u00a0: \u00ab\u00a0Les r\u00e9percussions des dommages caus\u00e9s aux c\u00e2bles sous-marins s\u2019\u00e9tendent bien au-del\u00e0 de l\u2019Europe, affectant potentiellement les infrastructures Internet et \u00e9lectriques mondiales, les communications internationales, les transactions financi\u00e8res et les services critiques dans le monde entier.\u00a0\u00bb<\/p>\n<p>Les signataires exhortent donc les puissances occidentales \u00e0 collaborer davantage, notamment via le partage de renseignements et des initiatives de surveillance communes\u00a0:<\/p>\n<blockquote>\n<p>Des approches harmonis\u00e9es doivent \u00eatre \u00e9labor\u00e9es pour l\u2019\u00e9cosyst\u00e8me des c\u00e2bles sous-marins, visant \u00e0 aligner les objectifs de s\u00e9curit\u00e9 sur la faisabilit\u00e9 op\u00e9rationnelle ainsi que sur un mod\u00e8le \u00e9conomique viable, et fond\u00e9es sur des pratiques exemplaires proportionn\u00e9es et ax\u00e9es sur les risques, \u00e9labor\u00e9es en \u00e9troite collaboration avec l\u2019industrie.<\/p>\n<\/blockquote>\n<p>D\u2019apr\u00e8s nos confr\u00e8res du Daily Telegraph, ces alertes ne tombent pas par hasard et correspondent \u00e0 une p\u00e9riode critique. Alors que plus de 500 c\u00e2bles transportent environ 95\u00a0% de l\u2019ensemble des donn\u00e9es internationales, 11 d\u2019entre eux ont \u00e9t\u00e9 endommag\u00e9s depuis octobre 2023 en mer Baltique tandis que des incidents similaires ont \u00e9t\u00e9 signal\u00e9s en mer du Nord.<\/p>\n<p>Certains n\u2019h\u00e9sitent d\u2019ailleurs pas \u00e0 accuser directement la Russie, qui, de son c\u00f4t\u00e9, nie vigoureusement. C\u2019est le cas du secr\u00e9taire \u00e0 la D\u00e9fense britannique qui qualifiait ces coupures de \u00ab\u00a0nouvel exemple de l\u2019agression russe croissante\u00a0\u00bb. Il ajoutait\u00a0: \u00ab\u00a0Je souhaite \u00e9galement que le pr\u00e9sident Poutine entende ce message\u00a0: nous vous voyons, nous savons ce que vous faites et nous n\u2019h\u00e9siterons pas \u00e0 prendre des mesures \u00e9nergiques pour prot\u00e9ger ce pays.\u00a0\u00bb<\/p>\n<p> La France se pr\u00e9pare au pire <\/p>\n<p>Pour rappel, nous vous parlions d\u00e9j\u00e0 en 2022 des risques li\u00e9s aux infrastructures sous-marines apr\u00e8s le sabotage des gazoducs Nord Stream. Face \u00e0 cette menace, Emmanuel Macron avait ordonn\u00e9 une inspection des c\u00e2bles fran\u00e7ais et renforc\u00e9 leur surveillance. La Marine nationale et les op\u00e9rateurs priv\u00e9s comme Orange Marine ont particip\u00e9 \u00e0 cette mission via des capteurs de s\u00e9curit\u00e9, des drones sous-marins, et des \u00e9coutes maritimes.<\/p>\n<p>En cas d\u2019urgence av\u00e9r\u00e9e, un plan priorise la circulation des donn\u00e9es critiques (h\u00f4pitaux, banques) et pourrait limiter l\u2019acc\u00e8s \u00e0 des services gourmands comme <a href=\"https:\/\/www.presse-citron.net\/netflix-et-lecologie-cest-pas-ma-faute-a-moi\/\" target=\"_blank\" rel=\"false noopener nofollow\">Netflix<\/a>. Malgr\u00e9 ces mesures, un sabotage total reste peu probable. Il faudrait en effet couper simultan\u00e9ment plusieurs c\u00e2bles majeurs pour perturber significativement le r\u00e9seau. La France dispose par ailleurs de redondances pour d\u00e9router les flux de donn\u00e9es en cas d\u2019incident.<\/p>\n<p>Enfin, la s\u00e9curit\u00e9 de ces infrastructures est aussi une question strat\u00e9gique internationale. Satellites et renseignements permettent de surveiller les zones sensibles, et tout acte hostile pourrait \u00eatre consid\u00e9r\u00e9 comme un casus belli. Plus d\u2019informations \u00e0 ce sujet <a href=\"https:\/\/www.presse-citron.net\/larmee-surveille-les-cables-internet-sous-marins-les-risques-de-sabotage-sont-eleves\/\" target=\"_blank\" rel=\"false noopener nofollow\">dans notre pr\u00e9c\u00e9dent article ici<\/a>.<\/p>\n<blockquote>\n<p class=\"text-base text-neutral-700 dark:text-neutral-300\">\ud83d\udccd Pour ne manquer aucune actualit\u00e9 de Presse-citron, suivez-nous sur <a href=\"https:\/\/news.google.com\/publications\/CAAqBggKMIPiNTC70wU?hl=fr&amp;gl=FR&amp;ceid=FR%3Afr\" target=\"_blank\" rel=\"nofollow noopener\">Google Actualit\u00e9s<\/a> et <a href=\"https:\/\/whatsapp.com\/channel\/0029VaCkGuz4NViitBXbEr0b\" target=\"_blank\" rel=\"nofollow noopener\">WhatsApp<\/a>.<\/p>\n<\/blockquote>\n<p>            <img decoding=\"async\" src=\"https:\/\/www.europesays.com\/fr\/wp-content\/uploads\/2025\/03\/4NZ4LnDsUw9UvFnnxwTz2BKfp8VD92PRD8LTt3Ek.png\" alt=\"Opera One - Navigateur web boost\u00e9 \u00e0 l\u2019IA\" loading=\"lazy\"\/>                                            Opera One &#8211; Navigateur web boost\u00e9 \u00e0 l\u2019IA                 <\/p>\n<p>Par\u00a0: Opera<\/p>\n","protected":false},"excerpt":{"rendered":"C\u2019est un vrai signal d\u2019alarme que les grandes soci\u00e9t\u00e9s de t\u00e9l\u00e9communication ont lanc\u00e9. Dans un courrier adress\u00e9 \u00e0&hellip;\n","protected":false},"author":2,"featured_media":21504,"comment_status":"","ping_status":"","sticky":false,"template":"","format":"standard","meta":{"footnotes":""},"categories":[1591],"tags":[328,11,1887,583,12,1885,1886,132],"class_list":{"0":"post-21503","1":"post","2":"type-post","3":"status-publish","4":"format-standard","5":"has-post-thumbnail","7":"category-russie","8":"tag-a-la-une","9":"tag-actualites","10":"tag-federation-de-russie","11":"tag-fibre","12":"tag-news","13":"tag-russia","14":"tag-russian-federation","15":"tag-russie"},"share_on_mastodon":{"url":"https:\/\/pubeurope.com\/@fr\/114329136884052896","error":""},"_links":{"self":[{"href":"https:\/\/www.europesays.com\/fr\/wp-json\/wp\/v2\/posts\/21503","targetHints":{"allow":["GET"]}}],"collection":[{"href":"https:\/\/www.europesays.com\/fr\/wp-json\/wp\/v2\/posts"}],"about":[{"href":"https:\/\/www.europesays.com\/fr\/wp-json\/wp\/v2\/types\/post"}],"author":[{"embeddable":true,"href":"https:\/\/www.europesays.com\/fr\/wp-json\/wp\/v2\/users\/2"}],"replies":[{"embeddable":true,"href":"https:\/\/www.europesays.com\/fr\/wp-json\/wp\/v2\/comments?post=21503"}],"version-history":[{"count":0,"href":"https:\/\/www.europesays.com\/fr\/wp-json\/wp\/v2\/posts\/21503\/revisions"}],"wp:featuredmedia":[{"embeddable":true,"href":"https:\/\/www.europesays.com\/fr\/wp-json\/wp\/v2\/media\/21504"}],"wp:attachment":[{"href":"https:\/\/www.europesays.com\/fr\/wp-json\/wp\/v2\/media?parent=21503"}],"wp:term":[{"taxonomy":"category","embeddable":true,"href":"https:\/\/www.europesays.com\/fr\/wp-json\/wp\/v2\/categories?post=21503"},{"taxonomy":"post_tag","embeddable":true,"href":"https:\/\/www.europesays.com\/fr\/wp-json\/wp\/v2\/tags?post=21503"}],"curies":[{"name":"wp","href":"https:\/\/api.w.org\/{rel}","templated":true}]}}