{"id":215037,"date":"2025-06-30T06:37:08","date_gmt":"2025-06-30T06:37:08","guid":{"rendered":"https:\/\/www.europesays.com\/fr\/215037\/"},"modified":"2025-06-30T06:37:08","modified_gmt":"2025-06-30T06:37:08","slug":"un-jeune-de-20-ans-meurt-dans-un-accident-sur-la-gineste-deux-autres-personnes-blessees","status":"publish","type":"post","link":"https:\/\/www.europesays.com\/fr\/215037\/","title":{"rendered":"un jeune de 20 ans meurt dans un accident sur la Gineste, deux autres personnes bless\u00e9es"},"content":{"rendered":"<p>Pratiquement \u00e0 l\u2019entr\u00e9e de Marseille, un accident a eu lieu ce matin sur la Gineste (D559). Les marins-pompiers de la cit\u00e9 phoc\u00e9enne sont sur place. Le bilan est tr\u00e8s lourd\u00a0: un jeune homme de 20\u00a0ans, le conducteur, est d\u00e9c\u00e9d\u00e9. Deux autres jeunes du m\u00eame \u00e2ge ont \u00e9t\u00e9 transport\u00e9s \u00e0 l\u2019h\u00f4pital\u00a0: l\u2019un d\u2019entre eux est en urgence absolue, l\u2019autre en urgence relative.<\/p>\n<p>Un seul v\u00e9hicule est concern\u00e9 et il s\u2019agit d\u2019une sortie de route dans l\u2019un des virages de cette voie assez dangereuse quand l\u2019on roule vite. Dans le secteur, la circulation est altern\u00e9e. On compte un bouchon de trois \u00e0 quatre kilom\u00e8tres dans le sens Cassis-Marseille.<\/p>\n","protected":false},"excerpt":{"rendered":"Pratiquement \u00e0 l\u2019entr\u00e9e de Marseille, un accident a eu lieu ce matin sur la Gineste (D559). Les marins-pompiers&hellip;\n","protected":false},"author":2,"featured_media":215038,"comment_status":"","ping_status":"","sticky":false,"template":"","format":"standard","meta":{"footnotes":""},"categories":[2814],"tags":[17,119,1111,11,1764,1446,1777,674,274,1011,27,3913,884,5479,12,882,25,3356],"class_list":{"0":"post-215037","1":"post","2":"type-post","3":"status-publish","4":"format-standard","5":"has-post-thumbnail","7":"category-marseille","8":"tag-17","9":"tag-accident","10":"tag-actu","11":"tag-actualites","12":"tag-ans","13":"tag-dans","14":"tag-eu","15":"tag-europe","16":"tag-faits-divers-justice","17":"tag-fr","18":"tag-france","19":"tag-jeune","20":"tag-marseille","21":"tag-meurt","22":"tag-news","23":"tag-provence-alpes-cote-dazur","24":"tag-republique-francaise","25":"tag-sur"},"share_on_mastodon":{"url":"https:\/\/pubeurope.com\/@fr\/114770938758881524","error":""},"_links":{"self":[{"href":"https:\/\/www.europesays.com\/fr\/wp-json\/wp\/v2\/posts\/215037","targetHints":{"allow":["GET"]}}],"collection":[{"href":"https:\/\/www.europesays.com\/fr\/wp-json\/wp\/v2\/posts"}],"about":[{"href":"https:\/\/www.europesays.com\/fr\/wp-json\/wp\/v2\/types\/post"}],"author":[{"embeddable":true,"href":"https:\/\/www.europesays.com\/fr\/wp-json\/wp\/v2\/users\/2"}],"replies":[{"embeddable":true,"href":"https:\/\/www.europesays.com\/fr\/wp-json\/wp\/v2\/comments?post=215037"}],"version-history":[{"count":0,"href":"https:\/\/www.europesays.com\/fr\/wp-json\/wp\/v2\/posts\/215037\/revisions"}],"wp:featuredmedia":[{"embeddable":true,"href":"https:\/\/www.europesays.com\/fr\/wp-json\/wp\/v2\/media\/215038"}],"wp:attachment":[{"href":"https:\/\/www.europesays.com\/fr\/wp-json\/wp\/v2\/media?parent=215037"}],"wp:term":[{"taxonomy":"category","embeddable":true,"href":"https:\/\/www.europesays.com\/fr\/wp-json\/wp\/v2\/categories?post=215037"},{"taxonomy":"post_tag","embeddable":true,"href":"https:\/\/www.europesays.com\/fr\/wp-json\/wp\/v2\/tags?post=215037"}],"curies":[{"name":"wp","href":"https:\/\/api.w.org\/{rel}","templated":true}]}}