{"id":215047,"date":"2025-06-30T06:42:10","date_gmt":"2025-06-30T06:42:10","guid":{"rendered":"https:\/\/www.europesays.com\/fr\/215047\/"},"modified":"2025-06-30T06:42:10","modified_gmt":"2025-06-30T06:42:10","slug":"26-c-a-paris-a-une-heure-du-matin-rafraichissement-tardif-lile-de-france-a-suffoque-cette-nuit","status":"publish","type":"post","link":"https:\/\/www.europesays.com\/fr\/215047\/","title":{"rendered":"26\u00a0\u00b0C \u00e0 Paris \u00e0 une heure du matin, rafra\u00eechissement tardif\u2026 L\u2019\u00cele-de-France a suffoqu\u00e9 cette nuit"},"content":{"rendered":"<p class=\"paragraph text_align_left lp-f-body-02\">En pleine journ\u00e9e, ces temp\u00e9ratures pourraient presque \u00eatre agr\u00e9ables. Au beau milieu de la nuit, c\u2019est une tout autre histoire. Ces derni\u00e8res heures, et alors que le soleil \u00e9tait couch\u00e9, le mercure est rest\u00e9 tr\u00e8s haut <a href=\"https:\/\/www.leparisien.fr\/info-paris-ile-de-france-oise\/\" target=\"_self\" rel=\"nofollow noopener\">en \u00cele-de-France<\/a>. De quoi \u00e9courter les heures de sommeil, et ce avant <a href=\"https:\/\/www.leparisien.fr\/en-region\/canicule-plusieurs-ecoles-fermees-la-semaine-prochaine-face-aux-fortes-chaleurs-28-06-2025-3D3LCCQPPRDW3PF4UM6JQDNZAU.php\" target=\"_self\" rel=\"nofollow noopener\">deux journ\u00e9es caniculaires<\/a> dans la r\u00e9gion.<\/p>\n<p class=\"paragraph text_align_left lp-f-body-02\">C\u2019est bien simple, \u00e0 <a href=\"https:\/\/www.leparisien.fr\/paris-75\/\" target=\"_self\" rel=\"nofollow noopener\">Paris<\/a> et en petite couronne, il a presque toujours fait plus de 20 \u00b0C, et m\u00eame au milieu de la nuit. D\u2019apr\u00e8s les donn\u00e9es de Meteociel, les temp\u00e9ratures n\u2019ont baiss\u00e9 que tard : comptez encore 28 \u00b0C dans la capitale \u00e0 23 heures, 24 \u00b0C \u00e0 la station d\u2019Orly <a href=\"https:\/\/www.leparisien.fr\/val-de-marne-94\/\" target=\"_self\" rel=\"nofollow noopener\">(Val-de-Marne)<\/a> ou encore 25 au Bourget <a href=\"https:\/\/www.leparisien.fr\/seine-saint-denis-93\/\" target=\"_self\" rel=\"nofollow noopener\">(Seine-Saint-Denis)<\/a>.<\/p>\n<p class=\"paragraph text_align_left lp-f-body-02\">En grande couronne, \u00e0 la m\u00eame heure, il faisait encore 26 \u00b0C \u00e0 Magnanville <a href=\"https:\/\/www.leparisien.fr\/yvelines-78\/\" target=\"_self\" rel=\"nofollow noopener\">(Yvelines)<\/a>, \u00e0 la station de Roissy Charles-de-Gaulle <a href=\"https:\/\/www.leparisien.fr\/val-d-oise-95\/\" target=\"_self\" rel=\"nofollow noopener\">(Val-d\u2019Oise)<\/a> et \u00e0 Courcouronnes <a href=\"https:\/\/www.leparisien.fr\/essonne-91\/\" target=\"_self\" rel=\"nofollow noopener\">(Essonne)<\/a>.<\/p>\n<p>Sous les 20 \u00b0C pas avant une heure du matin<\/p>\n<p class=\"paragraph text_align_left lp-f-body-02\">Pour voir le mercure descendre sous les 20 \u00b0C la premi\u00e8re fois, il aura fallu attendre une heure du matin pour trouver un tout petit peu de \u00ab fra\u00eecheur \u00bb du c\u00f4t\u00e9 de Saclas, dans le sud de l\u2019Essonne. Partout ailleurs, la temp\u00e9rature ne descendait que tr\u00e8s peu.<\/p>\n<p class=\"paragraph text_align_left lp-f-body-02\">Sur une carte de la r\u00e9gion, la d\u00e9limitation entre la petite et la grande couronne para\u00eet nette. Ainsi, \u00e0 3 heures du matin, il faisait encore 25 \u00b0C dans certains quartiers parisiens, essentiellement au nord, mais aussi 23 \u00b0C \u00e0 Saint-Maur-des-Foss\u00e9s (Val-de-Marne) et m\u00eame 24 \u00b0C relev\u00e9s \u00e0 la station de Suresnes <a href=\"https:\/\/www.leparisien.fr\/hauts-de-seine-92\/\" target=\"_self\" rel=\"nofollow noopener\">(Hauts-de-Seine)<\/a>. Ailleurs dans la r\u00e9gion et \u00e0 la m\u00eame heure, on se rapprochait des 20 \u00b0C avec m\u00eame un rafra\u00eechissant 17 \u00b0C dans l\u2019ouest des Yvelines, du c\u00f4t\u00e9 de Mantes-la-Jolie.<\/p>\n<p class=\"paragraph text_align_left lp-f-body-02\">Il aura fallu attendre la toute fin de nuit, voire l\u2019aube, pour trouver les temp\u00e9ratures les plus fra\u00eeches (ou les moins chaudes, c\u2019est selon) en \u00cele-de-France. Aux alentours de 6h30, la plupart de la r\u00e9gion \u00e9tait pass\u00e9e sous les 20 \u00b0C, mais jamais tr\u00e8s loin. Ce fut le cas tr\u00e8s bri\u00e8vement dans l\u2019ouest parisien et du c\u00f4t\u00e9 de Neuilly-sur-Marne (Seine-Saint-Denis), avant que le mercure ne reparte \u00e0 la hausse sit\u00f4t le soleil lev\u00e9.<\/p>\n","protected":false},"excerpt":{"rendered":"En pleine journ\u00e9e, ces temp\u00e9ratures pourraient presque \u00eatre agr\u00e9ables. Au beau milieu de la nuit, c\u2019est une tout&hellip;\n","protected":false},"author":2,"featured_media":215048,"comment_status":"","ping_status":"","sticky":false,"template":"","format":"standard","meta":{"footnotes":""},"categories":[1592],"tags":[1111,11,1777,674,1011,27,662,1944,2487,12,626,25],"class_list":{"0":"post-215047","1":"post","2":"type-post","3":"status-publish","4":"format-standard","5":"has-post-thumbnail","7":"category-ile-de-france","8":"tag-actu","9":"tag-actualites","10":"tag-eu","11":"tag-europe","12":"tag-fr","13":"tag-france","14":"tag-ile-de-france","15":"tag-ma-ville","16":"tag-meteo","17":"tag-news","18":"tag-paris","19":"tag-republique-francaise"},"share_on_mastodon":{"url":"https:\/\/pubeurope.com\/@fr\/114770958519106985","error":""},"_links":{"self":[{"href":"https:\/\/www.europesays.com\/fr\/wp-json\/wp\/v2\/posts\/215047","targetHints":{"allow":["GET"]}}],"collection":[{"href":"https:\/\/www.europesays.com\/fr\/wp-json\/wp\/v2\/posts"}],"about":[{"href":"https:\/\/www.europesays.com\/fr\/wp-json\/wp\/v2\/types\/post"}],"author":[{"embeddable":true,"href":"https:\/\/www.europesays.com\/fr\/wp-json\/wp\/v2\/users\/2"}],"replies":[{"embeddable":true,"href":"https:\/\/www.europesays.com\/fr\/wp-json\/wp\/v2\/comments?post=215047"}],"version-history":[{"count":0,"href":"https:\/\/www.europesays.com\/fr\/wp-json\/wp\/v2\/posts\/215047\/revisions"}],"wp:featuredmedia":[{"embeddable":true,"href":"https:\/\/www.europesays.com\/fr\/wp-json\/wp\/v2\/media\/215048"}],"wp:attachment":[{"href":"https:\/\/www.europesays.com\/fr\/wp-json\/wp\/v2\/media?parent=215047"}],"wp:term":[{"taxonomy":"category","embeddable":true,"href":"https:\/\/www.europesays.com\/fr\/wp-json\/wp\/v2\/categories?post=215047"},{"taxonomy":"post_tag","embeddable":true,"href":"https:\/\/www.europesays.com\/fr\/wp-json\/wp\/v2\/tags?post=215047"}],"curies":[{"name":"wp","href":"https:\/\/api.w.org\/{rel}","templated":true}]}}