{"id":215059,"date":"2025-06-30T06:48:10","date_gmt":"2025-06-30T06:48:10","guid":{"rendered":"https:\/\/www.europesays.com\/fr\/215059\/"},"modified":"2025-06-30T06:48:10","modified_gmt":"2025-06-30T06:48:10","slug":"le-chef-de-la-diplomatie-allemande-assure-que-vladimir-poutine-veut-la-capitulation-de-lukraine-liberation","status":"publish","type":"post","link":"https:\/\/www.europesays.com\/fr\/215059\/","title":{"rendered":"Le chef de la diplomatie allemande assure que Vladimir Poutine \u00abveut la capitulation\u00bb de l\u2019Ukraine \u2013 Lib\u00e9ration"},"content":{"rendered":"<p class=\"sc-ksZaOG ehjQrN text-element\">Le chef de la diplomatie allemande, Johann Wadephul, a accus\u00e9 ce lundi 30 juin le pr\u00e9sident russe Vladimir Poutine de vouloir imposer la \u00abcapitulation\u00bb de l\u2019Ukraine <a href=\"https:\/\/www.liberation.fr\/international\/europe\/guerre-en-ukraine-zelensky-annonce-se-rendre-jeudi-a-istanbul-pour-des-negociations-directes-avec-la-russie-20250511_IH6KT3IPVJEITPURPXPWEIBGWU\/?redirected=1\" target=\"_blank\" rel=\"noreferrer nofollow noopener\" title=\"https:\/\/www.liberation.fr\/international\/europe\/guerre-en-ukraine-zelensky-annonce-se-rendre-jeudi-a-istanbul-pour-des-negociations-directes-avec-la-russie-20250511_IH6KT3IPVJEITPURPXPWEIBGWU\/?redirected=1\">sans aucune v\u00e9ritable volont\u00e9 de n\u00e9gocier<\/a>, apr\u00e8s son arriv\u00e9e \u00e0 Kyiv pour une visite inopin\u00e9e. Si l\u2019Ukraine est pr\u00eate \u00e0 de v\u00e9ritables pourparlers avec Moscou, \u00abPoutine, lui, <a href=\"https:\/\/www.liberation.fr\/international\/europe\/ukraine-poutine-tergiverse-car-il-na-aucune-envie-darreter-la-guerre-20250514_5VVCOAX6BRAQLFNPCVJGKZLHJY\/\" target=\"_blank\" rel=\"noreferrer nofollow noopener\" title=\"https:\/\/www.liberation.fr\/international\/europe\/ukraine-poutine-tergiverse-car-il-na-aucune-envie-darreter-la-guerre-20250514_5VVCOAX6BRAQLFNPCVJGKZLHJY\/\">ne c\u00e8de sur aucune de ses exigences maximalistes <\/a>: il ne veut pas de n\u00e9gociations, mais une capitulation\u00bb, a-t-il assur\u00e9, cit\u00e9 dans un communiqu\u00e9 du minist\u00e8re des Affaires \u00e9trang\u00e8res.<\/p>\n<p class=\"sc-ksZaOG ehjQrN text-element\">Mais <a href=\"https:\/\/www.liberation.fr\/international\/europe\/depuis-kyiv-olaf-scholz-annonce-une-nouvelle-aide-militaire-de-lallemagne-principal-soutien-de-lukraine-en-europe-20241202_GOVPBGMOMBA6FPK7DZ7VS57OZQ\/\" target=\"_blank\" rel=\"noreferrer nofollow noopener\" title=\"https:\/\/www.liberation.fr\/international\/europe\/depuis-kyiv-olaf-scholz-annonce-une-nouvelle-aide-militaire-de-lallemagne-principal-soutien-de-lukraine-en-europe-20241202_GOVPBGMOMBA6FPK7DZ7VS57OZQ\/\">l\u2019Allemagne restera de mani\u00e8re \u00abin\u00e9branlable\u00bb<\/a> aux c\u00f4t\u00e9s de l\u2019Ukraine, notamment via une d\u00e9fense a\u00e9rienne moderne et \u00abd\u2019autres armes\u00bb, en plus des aides humanitaires et \u00e9conomiques, a assur\u00e9 le ministre, affirmant \u00eatre arriv\u00e9 lundi \u00e0 Kyiv porteur de cette \u00abpromesse\u00bb. \u00abLa libert\u00e9 et l\u2019avenir de l\u2019Ukraine sont la t\u00e2che la plus importante de notre politique \u00e9trang\u00e8re et de s\u00e9curit\u00e9\u00bb en Europe, a \u00e9galement affirm\u00e9 le ministre dans le communiqu\u00e9.<\/p>\n<p class=\"sc-ksZaOG ehjQrN text-element\">Sa visite intervient au moment o\u00f9 la Russie <a href=\"https:\/\/www.liberation.fr\/international\/europe\/guerre-en-ukraine-au-moins-14-morts-a-kyiv-apres-lune-des-attaques-russes-les-plus-meurtrieres-sur-la-capitale-20250617_IYXKJ3VFVBBUNOVRABYF7O4BXM\/\" target=\"_blank\" rel=\"noreferrer nofollow noopener\" title=\"https:\/\/www.liberation.fr\/international\/europe\/guerre-en-ukraine-au-moins-14-morts-a-kyiv-apres-lune-des-attaques-russes-les-plus-meurtrieres-sur-la-capitale-20250617_IYXKJ3VFVBBUNOVRABYF7O4BXM\/\">intensifie ses attaques de drones et de missiles<\/a> sur l\u2019Ukraine et alors que <a href=\"https:\/\/www.liberation.fr\/international\/la-russie-et-lukraine-entament-un-deuxieme-round-de-pourparlers-a-istanbul-20250602_CNC7KM22INAH7CSGS7QLLLUKGY\/\" target=\"_blank\" rel=\"noreferrer nofollow noopener\" title=\"https:\/\/www.liberation.fr\/international\/la-russie-et-lukraine-entament-un-deuxieme-round-de-pourparlers-a-istanbul-20250602_CNC7KM22INAH7CSGS7QLLLUKGY\/\">les pourparlers de paix initi\u00e9s par les Etats-Unis<\/a> pour mettre fin au conflit de trois ans sont au point mort. La Russie \u00abparie sur un affaiblissement de notre soutien\u00bb et \u00abveut la conqu\u00eate et la soumission [\u2026] \u2013 m\u00eame au prix de centaines de milliers de vies suppl\u00e9mentaires\u00bb, a d\u00e9clar\u00e9 Johann Wadephul.<\/p>\n<p class=\"sc-ksZaOG ehjQrN text-element\">Tant que la Russie refusera de mener de v\u00e9ritables n\u00e9gociations, \u00abnous continuerons \u00e0 limiter les moyens de Poutine pour financer sa guerre criminelle par le biais de sanctions\u00bb, a-t-il aussi dit avant d\u2019ajouter que Berlin y travaillait \u00abau sein de l\u2019UE et avec [ses] partenaires du G7 avec la plus grande d\u00e9termination\u00bb.<\/p>\n","protected":false},"excerpt":{"rendered":"Le chef de la diplomatie allemande, Johann Wadephul, a accus\u00e9 ce lundi 30 juin le pr\u00e9sident russe Vladimir&hellip;\n","protected":false},"author":2,"featured_media":215060,"comment_status":"","ping_status":"","sticky":false,"template":"","format":"standard","meta":{"footnotes":""},"categories":[1590],"tags":[11,1777,674,12,132,220,297],"class_list":{"0":"post-215059","1":"post","2":"type-post","3":"status-publish","4":"format-standard","5":"has-post-thumbnail","7":"category-ukraine","8":"tag-actualites","9":"tag-eu","10":"tag-europe","11":"tag-news","12":"tag-russie","13":"tag-ukraine","14":"tag-ukraine-la-crise"},"share_on_mastodon":{"url":"https:\/\/pubeurope.com\/@fr\/114770981909801023","error":""},"_links":{"self":[{"href":"https:\/\/www.europesays.com\/fr\/wp-json\/wp\/v2\/posts\/215059","targetHints":{"allow":["GET"]}}],"collection":[{"href":"https:\/\/www.europesays.com\/fr\/wp-json\/wp\/v2\/posts"}],"about":[{"href":"https:\/\/www.europesays.com\/fr\/wp-json\/wp\/v2\/types\/post"}],"author":[{"embeddable":true,"href":"https:\/\/www.europesays.com\/fr\/wp-json\/wp\/v2\/users\/2"}],"replies":[{"embeddable":true,"href":"https:\/\/www.europesays.com\/fr\/wp-json\/wp\/v2\/comments?post=215059"}],"version-history":[{"count":0,"href":"https:\/\/www.europesays.com\/fr\/wp-json\/wp\/v2\/posts\/215059\/revisions"}],"wp:featuredmedia":[{"embeddable":true,"href":"https:\/\/www.europesays.com\/fr\/wp-json\/wp\/v2\/media\/215060"}],"wp:attachment":[{"href":"https:\/\/www.europesays.com\/fr\/wp-json\/wp\/v2\/media?parent=215059"}],"wp:term":[{"taxonomy":"category","embeddable":true,"href":"https:\/\/www.europesays.com\/fr\/wp-json\/wp\/v2\/categories?post=215059"},{"taxonomy":"post_tag","embeddable":true,"href":"https:\/\/www.europesays.com\/fr\/wp-json\/wp\/v2\/tags?post=215059"}],"curies":[{"name":"wp","href":"https:\/\/api.w.org\/{rel}","templated":true}]}}