{"id":215064,"date":"2025-06-30T06:51:37","date_gmt":"2025-06-30T06:51:37","guid":{"rendered":"https:\/\/www.europesays.com\/fr\/215064\/"},"modified":"2025-06-30T06:51:37","modified_gmt":"2025-06-30T06:51:37","slug":"lallemagne-accuse-poutine-de-vouloir-la-capitulation-de-lukraine","status":"publish","type":"post","link":"https:\/\/www.europesays.com\/fr\/215064\/","title":{"rendered":"L\u2019Allemagne accuse Poutine de vouloir \u00ab\u00a0la capitulation\u00a0\u00bb de l\u2019Ukraine\u2026"},"content":{"rendered":"<p>L\u2019Allemagne accuse Poutine de vouloir \u00ab\u00a0la capitulation\u00a0\u00bb de l\u2019Ukraine<\/p>\n<p>Le chef de la diplomatie allemande, Johann Wadephul, a accus\u00e9 lundi le pr\u00e9sident russe Vladimir Poutine de vouloir imposer la \u00ab\u00a0capitulation\u00a0\u00bb de l\u2019Ukraine sans aucune v\u00e9ritable volont\u00e9 de n\u00e9gocier, apr\u00e8s son arriv\u00e9e \u00e0 Kiev pour une visite inopin\u00e9e.<\/p>\n<p>Si l\u2019Ukraine est pr\u00eate \u00e0 de v\u00e9ritables n\u00e9gociations avec Moscou, \u00ab\u00a0Poutine, lui, ne c\u00e8de sur aucune de ses exigences maximalistes\u00a0: il ne veut pas de n\u00e9gociations, mais une capitulation\u00a0\u00bb, selon un communiqu\u00e9 du minist\u00e8re des Affaires \u00e9trang\u00e8res.<\/p>\n<p>Un long processus<\/p>\n<p>Le retrait de la Convention sur les mines antipersonnel est cependant un long processus. Il reste en effet plusieurs \u00e9tapes avant un retrait effectif\u00a0: que le parlement ukrainien, la Rada, vote en faveur d\u2019une telle d\u00e9cision et que Kiev la notifie ensuite \u00e0 l\u2019ONU. Et le retrait prendrait normalement effet un semestre apr\u00e8s cette notification.<\/p>\n<p>Cependant, en vertu de la Convention d&rsquo;Ottawa, si \u00ab\u00a0\u00e0 l\u2019expiration de cette p\u00e9riode de six mois, l\u2019Etat qui se retire est engag\u00e9 dans un conflit arm\u00e9, le retrait ne prendra pas effet avant la fin du conflit arm\u00e9\u00a0\u00bb.<\/p>\n<p>Zelensky signe un d\u00e9cret en vue d\u2019une renonciation par l\u2019Ukraine \u00e0 l\u2019interdiction des mines antipersonnel<\/p>\n<p>Le pr\u00e9sident Volodymyr Zelensky a sign\u00e9 dimanche un d\u00e9cret en vue d\u2019un retrait de l\u2019Ukraine de la Convention d&rsquo;Ottawa interdisant les mines antipersonnel, plus de trois ans apr\u00e8s le d\u00e9but de l\u2019invasion du pays par la Russie, qui utilise, quant \u00e0 elle, ces charges explosives.<\/p>\n<p>Bienvenue dans ce nouveau Live<\/p>\n<p>Bonjour \u00e0 toutes et \u00e0 tous. Comme chaque jour, la r\u00e9daction de 20 Minutes est mobilis\u00e9e pour vous donner l\u2019ensemble des informations sur le conflit entre Kiev et Moscou. Sur le terrain, la Russie poursuit ses bombardements quotidiens des villes et villages ukrainiens, comme tous les jours quasiment depuis le d\u00e9but de son invasion en f\u00e9vrier\u00a02022.<\/p>\n","protected":false},"excerpt":{"rendered":"L\u2019Allemagne accuse Poutine de vouloir \u00ab\u00a0la capitulation\u00a0\u00bb de l\u2019Ukraine Le chef de la diplomatie allemande, Johann Wadephul, a&hellip;\n","protected":false},"author":2,"featured_media":215065,"comment_status":"","ping_status":"","sticky":false,"template":"","format":"standard","meta":{"footnotes":""},"categories":[1587],"tags":[47,11,672,1804,1805,1803,75,73,1777,674,1801,131,74,12,1802,132,133,135,134],"class_list":{"0":"post-215064","1":"post","2":"type-post","3":"status-publish","4":"format-standard","5":"has-post-thumbnail","7":"category-allemagne","8":"tag-actualite","9":"tag-actualites","10":"tag-allemagne","11":"tag-bundesrepublik-deutschland","12":"tag-de","13":"tag-deutschland","14":"tag-donald-trump","15":"tag-etats-unis","16":"tag-eu","17":"tag-europe","18":"tag-germany","19":"tag-guerre-en-ukraine","20":"tag-monde","21":"tag-news","22":"tag-republique-federale-dallemagne","23":"tag-russie","24":"tag-video","25":"tag-vladimir-poutine","26":"tag-volodymyr-zelensky"},"share_on_mastodon":{"url":"https:\/\/pubeurope.com\/@fr\/114770993918506162","error":""},"_links":{"self":[{"href":"https:\/\/www.europesays.com\/fr\/wp-json\/wp\/v2\/posts\/215064","targetHints":{"allow":["GET"]}}],"collection":[{"href":"https:\/\/www.europesays.com\/fr\/wp-json\/wp\/v2\/posts"}],"about":[{"href":"https:\/\/www.europesays.com\/fr\/wp-json\/wp\/v2\/types\/post"}],"author":[{"embeddable":true,"href":"https:\/\/www.europesays.com\/fr\/wp-json\/wp\/v2\/users\/2"}],"replies":[{"embeddable":true,"href":"https:\/\/www.europesays.com\/fr\/wp-json\/wp\/v2\/comments?post=215064"}],"version-history":[{"count":0,"href":"https:\/\/www.europesays.com\/fr\/wp-json\/wp\/v2\/posts\/215064\/revisions"}],"wp:featuredmedia":[{"embeddable":true,"href":"https:\/\/www.europesays.com\/fr\/wp-json\/wp\/v2\/media\/215065"}],"wp:attachment":[{"href":"https:\/\/www.europesays.com\/fr\/wp-json\/wp\/v2\/media?parent=215064"}],"wp:term":[{"taxonomy":"category","embeddable":true,"href":"https:\/\/www.europesays.com\/fr\/wp-json\/wp\/v2\/categories?post=215064"},{"taxonomy":"post_tag","embeddable":true,"href":"https:\/\/www.europesays.com\/fr\/wp-json\/wp\/v2\/tags?post=215064"}],"curies":[{"name":"wp","href":"https:\/\/api.w.org\/{rel}","templated":true}]}}