{"id":215066,"date":"2025-06-30T06:52:20","date_gmt":"2025-06-30T06:52:20","guid":{"rendered":"https:\/\/www.europesays.com\/fr\/215066\/"},"modified":"2025-06-30T06:52:20","modified_gmt":"2025-06-30T06:52:20","slug":"leurope-au-pied-du-mur-face-aux-geants-americains-lexpress","status":"publish","type":"post","link":"https:\/\/www.europesays.com\/fr\/215066\/","title":{"rendered":"l&rsquo;Europe au pied du mur face aux g\u00e9ants am\u00e9ricains \u2013 L&rsquo;Express"},"content":{"rendered":"<p class=\"paragraph article-body-paragraph article__item   article-body-paragraph--first \">Il est parfois troublant de voir comme la r\u00e9alit\u00e9 peut flirter avec la fiction. Dans un billet publi\u00e9 sur LinkedIn en janvier dernier, Henri d\u2019Agrain imagine un sc\u00e9nario o\u00f9 les Etats-Unis couperaient au Danemark ses acc\u00e8s aux services num\u00e9riques am\u00e9ricains, sur fond de <a href=\"https:\/\/www.lexpress.fr\/monde\/europe\/groenland-le-nouveau-signe-dinteret-de-donald-trump-pour-le-territoire-autonome-danois-2LFD7LTPNFFPVFMKA3XHAWA4CM\/\" target=\"_self\" rel=\"nofollow noopener\" title=\"https:\/\/www.lexpress.fr\/monde\/europe\/groenland-le-nouveau-signe-dinteret-de-donald-trump-pour-le-territoire-autonome-danois-2LFD7LTPNFFPVFMKA3XHAWA4CM\/\">tensions diplomatiques li\u00e9es au Groenland<\/a>. Il y a quelques jours, le d\u00e9l\u00e9gu\u00e9 g\u00e9n\u00e9ral du Cigref, un organisme de r\u00e9flexion de grandes entreprises, d\u00e9couvre que son r\u00e9cit d\u2019anticipation n\u2019avait rien de saugrenu. Le quotidien Politiken rapporte que Copenhague et Aarhus ont d\u00e9cid\u00e9 de se passer de Microsoft. Les deux plus grandes villes danoises prennent les devants dans l\u2019hypoth\u00e8se o\u00f9 une d\u00e9gradation des relations avec l\u2019<a href=\"https:\/\/www.lexpress.fr\/economie\/droits-douane-et-si-lue-ciblait-les-geants-de-wall-street-GQCVVCT3ONBDXGWYKPU77RBABE\/\" target=\"_self\" rel=\"nofollow noopener\" title=\"https:\/\/www.lexpress.fr\/economie\/droits-douane-et-si-lue-ciblait-les-geants-de-wall-street-GQCVVCT3ONBDXGWYKPU77RBABE\/\">administration Trump<\/a> conduirait le g\u00e9ant am\u00e9ricain \u00e0 couper les ponts.<\/p>\n<p class=\"paragraph article-body-paragraph article__item   \">Dans un monde o\u00f9 le milliardaire de la Maison-Blanche joue sa partition America First, la souverainet\u00e9 num\u00e9rique europ\u00e9enne s\u2019est refait une place en haut de la pile des dossiers. Signe d\u2019une prise de conscience en France, le sujet est remont\u00e9 jusqu\u2019en Conseil des ministres, le 12 juin dernier, port\u00e9 par Clara Chappaz, charg\u00e9e de l\u2019intelligence artificielle et du num\u00e9rique, et par le patron de Bercy, <a href=\"https:\/\/www.lexpress.fr\/economie\/eric-lombard-et-le-budget-2026-la-methode-comme-seul-horizon-3NJQ6LF3HVEI5OU5RNNBZSFFYU\/\" target=\"_self\" rel=\"nofollow noopener\" title=\"https:\/\/www.lexpress.fr\/economie\/eric-lombard-et-le-budget-2026-la-methode-comme-seul-horizon-3NJQ6LF3HVEI5OU5RNNBZSFFYU\/\">Eric Lombard<\/a>. Avec ce constat implacable, chiffres \u00e0 l\u2019appui : \u00ab\u00a0L\u2019Europe d\u00e9pend massivement de solutions technologiques extra-europ\u00e9ennes. Dans le domaine strat\u00e9gique du cloud qui h\u00e9berge les donn\u00e9es, les logiciels et les technologies comme l\u2019intelligence artificielle, 83 % des d\u00e9penses num\u00e9riques europ\u00e9ennes vont vers des acteurs \u00e9trangers, pour un montant estim\u00e9 de 264 milliards d\u2019euros chaque ann\u00e9e\u00a0\u00bb. Le calcul est issu d\u2019une \u00e9tude r\u00e9alis\u00e9e en avril par le cabinet Aster\u00e8s pour le compte du Cigref.<\/p>\n<p>Impact \u00e9conomique et s\u00e9curit\u00e9 des donn\u00e9es, un double enjeu<\/p>\n<p class=\"paragraph article-body-paragraph article__item   \">A la man\u0153uvre, le trio \u00e9crasant constitu\u00e9 d\u2019<a href=\"https:\/\/www.lexpress.fr\/economie\/entreprises\/amazon-embleme-de-la-generation-j-1-les-cles-du-succes-analysees-par-jerome-fourquet-UEJPSNCPXFFUTAL3H5BAZJKT3Q\/\" target=\"_self\" rel=\"nofollow noopener\" title=\"https:\/\/www.lexpress.fr\/economie\/entreprises\/amazon-embleme-de-la-generation-j-1-les-cles-du-succes-analysees-par-jerome-fourquet-UEJPSNCPXFFUTAL3H5BAZJKT3Q\/\">Amazon<\/a>, Microsoft et Google, cumule entre 65 et 80 % de parts de march\u00e9. Aux Europ\u00e9ens, les miettes. Les implications \u00e9conomiques sont consid\u00e9rables. Si l\u2019Union europ\u00e9enne produisait, en 2035, 15 % seulement des services de cloud-logiciel qu\u2019elle ach\u00e8te aujourd\u2019hui aux Etats-Unis, elle b\u00e9n\u00e9ficierait de 463 000 emplois suppl\u00e9mentaires, \u00e9value Aster\u00e8s.<\/p>\n<p><strong class=\"article-body-link-list__item text-gray-800 article-body-link-list__item--one-item\">LIRE AUSSI : <a class=\"article-body-link-list__item-link\" href=\"https:\/\/www.lexpress.fr\/economie\/high-tech\/ia-le-champion-europeen-mistral-face-au-defi-de-la-monetisation-CV25K7NFCFBTTC6I4FXNVAMEYI\/\" target=\"_blank\" rel=\"noreferrer nofollow noopener\">IA : le champion europ\u00e9en Mistral face au d\u00e9fi de la mon\u00e9tisation<\/a><\/strong><\/p>\n<p class=\"paragraph article-body-paragraph article__item   \">Deuxi\u00e8me enjeu, et non des moindres : la s\u00e9curit\u00e9 des donn\u00e9es. En pr\u00e9sentant son \u00e9tude annuelle d\u00e9di\u00e9e \u00e0 la souverainet\u00e9 \u00e9conomique du Cac 40, Pierre-Marie de Berny, le fondateur du cabinet de conseil Velite, s\u2019est alarm\u00e9 de cette \u00ab\u00a0colonisation num\u00e9rique\u00a0\u00bb. \u00ab\u00a0Nous sommes au pied du mur : 80 % des donn\u00e9es g\u00e9n\u00e9r\u00e9es par des internautes fran\u00e7ais sont h\u00e9berg\u00e9es aux Etats-Unis, 92 % au niveau europ\u00e9en. Migrez au moins les plus sensibles vers des op\u00e9rateurs europ\u00e9ens !\u00a0\u00bb, plaide-t-il aupr\u00e8s des grandes entreprises. <\/p>\n<p class=\"paragraph article-body-paragraph article__item   \">Trois mois plus t\u00f4t, <a href=\"https:\/\/www.lexpress.fr\/economie\/entreprises\/patrick-pouyanne-croire-au-grand-soir-en-arretant-les-fossiles-cest-dangereux-Y6SVQN5EZVH7LP6EABWORUVCYI\/\" target=\"_self\" rel=\"nofollow noopener\" title=\"https:\/\/www.lexpress.fr\/economie\/entreprises\/patrick-pouyanne-croire-au-grand-soir-en-arretant-les-fossiles-cest-dangereux-Y6SVQN5EZVH7LP6EABWORUVCYI\/\">Patrick Pouyann\u00e9<\/a> avait exprim\u00e9 le m\u00eame embarras, lors du forum InCyber : \u00ab\u00a0Quand je dois faire des choix de cloud et que j\u2019ai le choix entre Amazon, Microsoft ou Google, je ne suis pas tr\u00e8s \u00e0 l\u2019aise.\u00a0\u00bb Le PDG de TotalEnergies d\u00e9bourse pr\u00e8s de 1 milliard de dollars par an pour acqu\u00e9rir des donn\u00e9es sismiques et g\u00e9ophysiques et ne se r\u00e9sout pas \u00e0 les confier aux nuages d\u2019outre-Atlantique. Le risque fondamental r\u00e9side dans l\u2019extraterritorialit\u00e9 de la loi am\u00e9ricaine. \u00ab\u00a0A n\u2019importe quel moment, Washington peut r\u00e9cup\u00e9rer les donn\u00e9es et les consulter, au nom de la s\u00e9curit\u00e9 nationale\u00a0\u00bb, explique <a href=\"https:\/\/www.lexpress.fr\/economie\/politique-economique\/choose-france-et-si-on-choisissait-aussi-les-entreprises-francaises-par-audrey-louail-5WOPKXNCNBBDJHMKSHO4HIQ5MA\/\" target=\"_self\" rel=\"nofollow noopener\" title=\"https:\/\/www.lexpress.fr\/economie\/politique-economique\/choose-france-et-si-on-choisissait-aussi-les-entreprises-francaises-par-audrey-louail-5WOPKXNCNBBDJHMKSHO4HIQ5MA\/\">Audrey Louail<\/a>, \u00e0 la t\u00eate du groupe de services informatiques Ecritel et ancienne pr\u00e9sidente du r\u00e9seau d\u2019entrepreneurs CroissancePlus.<\/p>\n<p>\u00ab\u00a0Une d\u00e9cision inadmissible\u00a0\u00bb<\/p>\n<p class=\"paragraph article-body-paragraph article__item   \">Une perspective qui, malheureusement, ne refroidit pas les propres services de l\u2019Etat fran\u00e7ais. Audrey Louail a plus d\u2019une histoire \u00e0 raconter sur ces contrats publics pass\u00e9s sous le nez des acteurs europ\u00e9ens. Comme ce march\u00e9 accord\u00e9 \u00e0 Cloudflare, install\u00e9 \u00e0 San Francisco, pour s\u00e9curiser les sites Web des minist\u00e8res de l\u2019Education, de l\u2019Int\u00e9rieur et de la gendarmerie, au d\u00e9triment d\u2019Imperva, propri\u00e9t\u00e9 de Thales depuis 2023. Et gare \u00e0 ces offres \u00e0 premi\u00e8re vue made in France, qui dissimulent des partenariats nou\u00e9s avec <a href=\"https:\/\/www.lexpress.fr\/economie\/high-tech\/google-l-ogre-du-net_935764.html\" target=\"_self\" rel=\"nofollow noopener\" title=\"https:\/\/www.lexpress.fr\/economie\/high-tech\/google-l-ogre-du-net_935764.html\">Google<\/a> ou Microsoft. La profession d\u00e9plore des choix na\u00effs et une prime syst\u00e9matique au mieux-disant &#8211; souvent synonyme de dumping sur les prix -, sur fond de lobbying des g\u00e9ants du num\u00e9rique.<\/p>\n<p><strong class=\"article-body-link-list__item text-gray-800 article-body-link-list__item--one-item\">LIRE AUSSI : <a class=\"article-body-link-list__item-link\" href=\"https:\/\/www.lexpress.fr\/economie\/high-tech\/francesca-bria-leurope-sautomutile-en-investissant-dans-la-technologie-americaine-4AW4KVRMBZFBVBGJ27U2XUSPWQ\/\" target=\"_blank\" rel=\"noreferrer nofollow noopener\">Francesca Bria : \u00ab\u00a0L\u2019Europe s\u2019automutile en investissant dans la technologie am\u00e9ricaine\u00a0\u00bb<\/a><\/strong><\/p>\n<p class=\"paragraph article-body-paragraph article__item    article__text__endpicto\">Le 25 juin, Clara Chappaz elle-m\u00eame a tap\u00e9 du poing sur la table. Ce jour-l\u00e0, la s\u00e9natrice Vanina Paoli-Gagin l\u2019interpelle sur le choix par le service d\u2019information du gouvernement d\u2019\u00e9carter le sp\u00e9cialiste fran\u00e7ais Visibrain au profit du canadien Talkwalker pour assurer la veille des r\u00e9seaux sociaux. Or \u00ab\u00a0un tel outil est cl\u00e9 dans l\u2019analyse de l\u2019opinion publique [\u2026]<b> <\/b>Les prochaines \u00e9lections en France feront l\u2019objet de tentatives d\u2019ing\u00e9rence via les r\u00e9seaux sociaux, arme de d\u00e9stabilisation massive de nos d\u00e9mocraties\u00a0\u00bb, alerte l\u2019\u00e9lue. Qui pr\u00eache une convaincue. \u00ab\u00a0Ce type de d\u00e9cision est inadmissible !\u00a0\u00bb, convient Clara Chappaz. Un front commun se dessine. Encore faudra-t-il le tenir \u00e0 l\u2019\u00e9chelle europ\u00e9enne. Et surtout, \u00ab\u00a0que l\u2019on passe de la parole aux actes\u00a0\u00bb, r\u00e9clame Audrey Louail.<\/p>\n<p>.<\/p>\n","protected":false},"excerpt":{"rendered":"Il est parfois troublant de voir comme la r\u00e9alit\u00e9 peut flirter avec la fiction. Dans un billet publi\u00e9&hellip;\n","protected":false},"author":2,"featured_media":215067,"comment_status":"","ping_status":"","sticky":false,"template":"","format":"standard","meta":{"footnotes":""},"categories":[1586],"tags":[11,33,313,1777,674,1011,27,12,9130,25,11140],"class_list":{"0":"post-215066","1":"post","2":"type-post","3":"status-publish","4":"format-standard","5":"has-post-thumbnail","7":"category-europe","8":"tag-actualites","9":"tag-economie","10":"tag-entreprises","11":"tag-eu","12":"tag-europe","13":"tag-fr","14":"tag-france","15":"tag-news","16":"tag-politique-economique","17":"tag-republique-francaise","18":"tag-tech-et-transformations"},"share_on_mastodon":{"url":"https:\/\/pubeurope.com\/@fr\/114770997628602177","error":""},"_links":{"self":[{"href":"https:\/\/www.europesays.com\/fr\/wp-json\/wp\/v2\/posts\/215066","targetHints":{"allow":["GET"]}}],"collection":[{"href":"https:\/\/www.europesays.com\/fr\/wp-json\/wp\/v2\/posts"}],"about":[{"href":"https:\/\/www.europesays.com\/fr\/wp-json\/wp\/v2\/types\/post"}],"author":[{"embeddable":true,"href":"https:\/\/www.europesays.com\/fr\/wp-json\/wp\/v2\/users\/2"}],"replies":[{"embeddable":true,"href":"https:\/\/www.europesays.com\/fr\/wp-json\/wp\/v2\/comments?post=215066"}],"version-history":[{"count":0,"href":"https:\/\/www.europesays.com\/fr\/wp-json\/wp\/v2\/posts\/215066\/revisions"}],"wp:featuredmedia":[{"embeddable":true,"href":"https:\/\/www.europesays.com\/fr\/wp-json\/wp\/v2\/media\/215067"}],"wp:attachment":[{"href":"https:\/\/www.europesays.com\/fr\/wp-json\/wp\/v2\/media?parent=215066"}],"wp:term":[{"taxonomy":"category","embeddable":true,"href":"https:\/\/www.europesays.com\/fr\/wp-json\/wp\/v2\/categories?post=215066"},{"taxonomy":"post_tag","embeddable":true,"href":"https:\/\/www.europesays.com\/fr\/wp-json\/wp\/v2\/tags?post=215066"}],"curies":[{"name":"wp","href":"https:\/\/api.w.org\/{rel}","templated":true}]}}