{"id":215068,"date":"2025-06-30T06:53:09","date_gmt":"2025-06-30T06:53:09","guid":{"rendered":"https:\/\/www.europesays.com\/fr\/215068\/"},"modified":"2025-06-30T06:53:09","modified_gmt":"2025-06-30T06:53:09","slug":"corruption-entrisme-et-opacite-decisionnelle-letrange-inertie-de-lue-face-aux-denonciations-de-son-talon-dachille","status":"publish","type":"post","link":"https:\/\/www.europesays.com\/fr\/215068\/","title":{"rendered":"Corruption, entrisme et opacit\u00e9 d\u00e9cisionnelle : l\u2019\u00e9trange inertie de l\u2019UE face aux d\u00e9nonciations de son talon d\u2019Achille"},"content":{"rendered":"<p>Union Europ\u00e9enne opaque<\/p>\n<p>Pfizergate, Qatargate, Selmayrgate\u2026 Les scandales \u00e9claboussant les institutions europ\u00e9ennes se multiplient, mettant en lumi\u00e8re un syst\u00e8me rong\u00e9 par les conflits d\u2019int\u00e9r\u00eats, le favoritisme et une inqui\u00e9tante r\u00e9sistance \u00e0 la transparence. Pourtant, Bruxelles dispose d\u2019un millefeuille de contr\u00f4les cens\u00e9s garantir l\u2019int\u00e9grit\u00e9 des \u00e9lus et des hauts fonctionnaires. Alors pourquoi si peu de sanctions ? Pourquoi tant d\u2019inertie face aux abus ? De la promotion douteuse de Martin Selmayr \u00e0 l\u2019ombre des SMS d\u2019Ursula von der Leyen, en passant par les affaires touchant Eva Kaili ou Rachida Dati, cette m\u00e9canique de l\u2019impunit\u00e9 alimente une d\u00e9fiance croissante\u2026 que les institutions redoutent d\u2019alimenter davantage. Quitte \u00e0 sacrifier la v\u00e9rit\u00e9 sur l\u2019autel de la stabilit\u00e9.<\/p>\n","protected":false},"excerpt":{"rendered":"Union Europ\u00e9enne opaque Pfizergate, Qatargate, Selmayrgate\u2026 Les scandales \u00e9claboussant les institutions europ\u00e9ennes se multiplient, mettant en lumi\u00e8re un&hellip;\n","protected":false},"author":2,"featured_media":215069,"comment_status":"","ping_status":"","sticky":false,"template":"","format":"standard","meta":{"footnotes":""},"categories":[1586],"tags":[11,1770,28517,1777,674,1779,1011,27,12,29259,25,1778,364,2544],"class_list":{"0":"post-215068","1":"post","2":"type-post","3":"status-publish","4":"format-standard","5":"has-post-thumbnail","7":"category-europe","8":"tag-actualites","9":"tag-corruption","10":"tag-entrisme","11":"tag-eu","12":"tag-europe","13":"tag-european-union","14":"tag-fr","15":"tag-france","16":"tag-news","17":"tag-populisme","18":"tag-republique-francaise","19":"tag-ue","20":"tag-union-europeenne","21":"tag-ursula-von-der-leyen"},"share_on_mastodon":{"url":"https:\/\/pubeurope.com\/@fr\/114771001650096804","error":""},"_links":{"self":[{"href":"https:\/\/www.europesays.com\/fr\/wp-json\/wp\/v2\/posts\/215068","targetHints":{"allow":["GET"]}}],"collection":[{"href":"https:\/\/www.europesays.com\/fr\/wp-json\/wp\/v2\/posts"}],"about":[{"href":"https:\/\/www.europesays.com\/fr\/wp-json\/wp\/v2\/types\/post"}],"author":[{"embeddable":true,"href":"https:\/\/www.europesays.com\/fr\/wp-json\/wp\/v2\/users\/2"}],"replies":[{"embeddable":true,"href":"https:\/\/www.europesays.com\/fr\/wp-json\/wp\/v2\/comments?post=215068"}],"version-history":[{"count":0,"href":"https:\/\/www.europesays.com\/fr\/wp-json\/wp\/v2\/posts\/215068\/revisions"}],"wp:featuredmedia":[{"embeddable":true,"href":"https:\/\/www.europesays.com\/fr\/wp-json\/wp\/v2\/media\/215069"}],"wp:attachment":[{"href":"https:\/\/www.europesays.com\/fr\/wp-json\/wp\/v2\/media?parent=215068"}],"wp:term":[{"taxonomy":"category","embeddable":true,"href":"https:\/\/www.europesays.com\/fr\/wp-json\/wp\/v2\/categories?post=215068"},{"taxonomy":"post_tag","embeddable":true,"href":"https:\/\/www.europesays.com\/fr\/wp-json\/wp\/v2\/tags?post=215068"}],"curies":[{"name":"wp","href":"https:\/\/api.w.org\/{rel}","templated":true}]}}