{"id":21507,"date":"2025-04-13T06:03:13","date_gmt":"2025-04-13T06:03:13","guid":{"rendered":"https:\/\/www.europesays.com\/fr\/21507\/"},"modified":"2025-04-13T06:03:13","modified_gmt":"2025-04-13T06:03:13","slug":"israel-redoute-un-accord-au-rabais","status":"publish","type":"post","link":"https:\/\/www.europesays.com\/fr\/21507\/","title":{"rendered":"Isra\u00ebl redoute un accord au rabais"},"content":{"rendered":"<p>En Isra\u00ebl, les \u00c9tats-Unis et l&rsquo;Iran entament ce samedi 12 avril \u00e0 Oman des discussions. Avec l&rsquo;arriv\u00e9e de Donald Trump au pouvoir, Tel Aviv nourrissait l&rsquo;espoir de pouvoir frapper militairement les sites d&rsquo;enrichissement de l&rsquo;uranium du r\u00e9gime iranien. Cette perspective s&rsquo;est r\u00e9duite au fil des mois, semant le doute sur la suite des \u00e9v\u00e8nements.<\/p>\n<p>avec notre envoy\u00e9e sp\u00e9ciale \u00e0 J\u00e9rusalem, <strong>Aabla Jouna\u00efdi<\/strong><\/p>\n<p>Ces derniers mois, plusieurs responsables isra\u00e9liens ont exprim\u00e9 leurs doutes dans la presse locale. Selon eux, la fen\u00eatre d\u2019opportunit\u00e9 pour une attaque contre l\u2019<strong><a href=\"https:\/\/www.rfi.fr\/fr\/tag\/iran\/\" rel=\"nofollow noopener\" target=\"_blank\" data-ylk=\"slk:Iran;elm:context_link;itc:0;sec:content-canvas\" class=\"link \">Iran<\/a><\/strong> est bien pr\u00e9sente : le <strong><a href=\"https:\/\/www.rfi.fr\/fr\/tag\/hezbollah\/\" rel=\"nofollow noopener\" target=\"_blank\" data-ylk=\"slk:Hezbollah;elm:context_link;itc:0;sec:content-canvas\" class=\"link \">Hezbollah<\/a><\/strong> et le Hamas, alli\u00e9s r\u00e9gionaux de T\u00e9h\u00e9ran, sont affaiblis ; et le syst\u00e8me anti-missiles S-300 de l\u2019Iran a \u00e9t\u00e9 d\u00e9truit par Isra\u00ebl en novembre dernier. Pourtant, les mois passent et <strong><a href=\"https:\/\/www.rfi.fr\/fr\/tag\/donald-trump\/\" rel=\"nofollow noopener\" target=\"_blank\" data-ylk=\"slk:Donald Trump;elm:context_link;itc:0;sec:content-canvas\" class=\"link \">Donald Trump<\/a><\/strong> tarde \u00e0 donner son feu vert \u00e0 une intervention militaire.<\/p>\n<p>\u00c0 lire aussi<a href=\"https:\/\/www.rfi.fr\/fr\/moyen-orient\/20250408-donald-trump-assure-que-les-etats-unis-et-l-iran-sont-en-discussion-directe-dans-le-dossier-nucl\u00e9aire\" class=\"link \" rel=\"nofollow noopener\" target=\"_blank\" data-ylk=\"slk:Donald Trump assure que les \u00c9tats-Unis et l&#039;Iran sont en discussion \u00abdirecte\u00bb dans le dossier nucl\u00e9aire;elm:context_link;itc:0;sec:content-canvas\">Donald Trump assure que les \u00c9tats-Unis et l&rsquo;Iran sont en discussion \u00abdirecte\u00bb dans le dossier nucl\u00e9aire<\/a><\/p>\n<p>Une ambigu\u00eft\u00e9 c\u00f4t\u00e9 am\u00e9ricain<\/p>\n<p><a href=\"https:\/\/www.rfi.fr\/fr\/moyen-orient\/20250412-n%C3%A9gociations-sur-le-nucl%C3%A9aire-entre-iran%E2%80%93usa-isra%C3%ABl-redoute-un-accord-au-rabais\" rel=\"nofollow noopener\" target=\"_blank\" data-ylk=\"slk:Lire la suite sur RFI;elm:context_link;itc:0;sec:content-canvas\" class=\"link \">Lire la suite sur RFI<\/a><\/p>\n<p>Lire aussi:<br \/><a href=\"https:\/\/www.rfi.fr\/fr\/moyen-orient\/20250411-nucl%C3%A9aire-pour-la-premi%C3%A8re-fois-l-administration-trump-entame-des-n%C3%A9gociations-avec-l-iran\" rel=\"nofollow noopener\" target=\"_blank\" data-ylk=\"slk:Nucl\u00e9aire: pour la premi\u00e8re fois, l\u2019administration Trump entame des n\u00e9gociations avec l\u2019Iran;elm:context_link;itc:0;sec:content-canvas\" class=\"link \">Nucl\u00e9aire: pour la premi\u00e8re fois, l\u2019administration Trump entame des n\u00e9gociations avec l\u2019Iran<\/a><\/p>\n","protected":false},"excerpt":{"rendered":"En Isra\u00ebl, les \u00c9tats-Unis et l&rsquo;Iran entament ce samedi 12 avril \u00e0 Oman des discussions. Avec l&rsquo;arriv\u00e9e de&hellip;\n","protected":false},"author":2,"featured_media":21508,"comment_status":"","ping_status":"","sticky":false,"template":"","format":"standard","meta":{"footnotes":""},"categories":[1589],"tags":[11,75,73,1866,664,12,8039,8038,1864,1865,1863,308],"class_list":{"0":"post-21507","1":"post","2":"type-post","3":"status-publish","4":"format-standard","5":"has-post-thumbnail","7":"category-etats-unis","8":"tag-actualites","9":"tag-donald-trump","10":"tag-etats-unis","11":"tag-etats-unis-damerique","12":"tag-israel","13":"tag-news","14":"tag-oman","15":"tag-suite-des-evenements","16":"tag-united-states","17":"tag-united-states-of-america","18":"tag-us","19":"tag-usa"},"share_on_mastodon":{"url":"https:\/\/pubeurope.com\/@fr\/114329144770222162","error":""},"_links":{"self":[{"href":"https:\/\/www.europesays.com\/fr\/wp-json\/wp\/v2\/posts\/21507","targetHints":{"allow":["GET"]}}],"collection":[{"href":"https:\/\/www.europesays.com\/fr\/wp-json\/wp\/v2\/posts"}],"about":[{"href":"https:\/\/www.europesays.com\/fr\/wp-json\/wp\/v2\/types\/post"}],"author":[{"embeddable":true,"href":"https:\/\/www.europesays.com\/fr\/wp-json\/wp\/v2\/users\/2"}],"replies":[{"embeddable":true,"href":"https:\/\/www.europesays.com\/fr\/wp-json\/wp\/v2\/comments?post=21507"}],"version-history":[{"count":0,"href":"https:\/\/www.europesays.com\/fr\/wp-json\/wp\/v2\/posts\/21507\/revisions"}],"wp:featuredmedia":[{"embeddable":true,"href":"https:\/\/www.europesays.com\/fr\/wp-json\/wp\/v2\/media\/21508"}],"wp:attachment":[{"href":"https:\/\/www.europesays.com\/fr\/wp-json\/wp\/v2\/media?parent=21507"}],"wp:term":[{"taxonomy":"category","embeddable":true,"href":"https:\/\/www.europesays.com\/fr\/wp-json\/wp\/v2\/categories?post=21507"},{"taxonomy":"post_tag","embeddable":true,"href":"https:\/\/www.europesays.com\/fr\/wp-json\/wp\/v2\/tags?post=21507"}],"curies":[{"name":"wp","href":"https:\/\/api.w.org\/{rel}","templated":true}]}}