{"id":215076,"date":"2025-06-30T06:57:15","date_gmt":"2025-06-30T06:57:15","guid":{"rendered":"https:\/\/www.europesays.com\/fr\/215076\/"},"modified":"2025-06-30T06:57:15","modified_gmt":"2025-06-30T06:57:15","slug":"quatorze-bleus-a-munich-au-programme-de-la-semaine","status":"publish","type":"post","link":"https:\/\/www.europesays.com\/fr\/215076\/","title":{"rendered":"Quatorze Bleus \u00e0 Munich au programme de la semaine"},"content":{"rendered":"<p>\t\t\t\t\t\t<img width=\"770\" height=\"556\" src=\"https:\/\/www.europesays.com\/fr\/wp-content\/uploads\/2025\/06\/clement-sordert-pga-tour-barbasol-770x556.jpg\" class=\"img-responsive wp-post-image\" alt=\"Clement Sordet Rob Carr\/Getty Images\/AFP\" decoding=\"async\" fetchpriority=\"high\"  \/>\t\t\t\t\t<\/p>\n<p>\t\t\t\t\t\t Partager cet article <\/p>\n<p class=\"screen-reader-text juiz_sps_maybe_hidden_text\">Partager la publication \u00ab\u00a0Quatorze Bleus \u00e0 Munich au programme de la semaine\u00a0\u00bb<\/p>\n<p><strong>Cette 27e semaine de l\u2019ann\u00e9e propose un nouveau beau programme de golf. Les membres du PGA Tour s\u2019envolent pour l\u2019Illinois tandis que l\u2019Allemagne accueille le DP World Tour \u00e0 Munich. Plusieurs Fran\u00e7ais sont \u00e9galement \u00e0 suivre au Maroc sur l\u2019Asian Tour.<\/strong><\/p>\n<p>\u00a0<\/p>\n<p>PGA Tour : John Deere Classic, TPC Deere Run, Silvis, Illinois<\/p>\n<p><strong>Du 3 au 6 juillet<\/strong><\/p>\n<p>Avant que le <strong>PGA Tour<\/strong> ne d\u00e9barque en Europe pour le <strong>Genesis Scottish Open<\/strong>, le circuit am\u00e9ricain a rendez-vous pour le mythique<strong> John Deere Classic<\/strong>.<strong> Victor Perez<\/strong> est le seul Fran\u00e7ais \u00e0 y participer. Aucun membre du top 15 mondial n\u2019est pr\u00e9sent.<\/p>\n<p>\u00a0<\/p>\n<p>DP World Tour : BMW International Open, Golfclub M\u00fcnchen Eichenried, Munich, Allemagne<\/p>\n<p><strong>Du 3 au 6 juillet<\/strong><\/p>\n<p>\t\t\t\t\t<a id=\"177170\" href=\"https:\/\/www.golfplanete.com\/actualites\/quatorze-bleus-a-munich-au-programme-de-la-semaine\/mailto:h6660@accor.com\" target=\"_blank\" rel=\"sponsorised nofollow noopener\"><img decoding=\"async\" src=\"data:image\/svg+xml,%3Csvg%20xmlns=\" http:=\"\" class=\"img-responsive\" alt=\"\" data-lazy-src=\"https:\/\/www.europesays.com\/fr\/wp-content\/uploads\/2025\/06\/cabot-e03-offre-speciale-ete-1170x275-1.gif\"\/><\/a><\/p>\n<p>Quelques jours apr\u00e8s le feu d\u2019artifice tricolore en Italie, quatorze Tricolores sont au d\u00e9part, dont <strong>Martin Couvra<\/strong>,<strong> Adrien Saddier <\/strong>et<strong> Cl\u00e9ment Sordet <\/strong>(photo), tous en grande forme la semaine derni\u00e8re. Le <strong>Golfclub M\u00fcnchen Eichenried<\/strong> accueille \u00e9galement plusieurs membres du <strong>LIV Golf<\/strong>, comme <strong>Sergio Garcia, Patrick Reed<\/strong> et <a href=\"https:\/\/www.golfplanete.com\/actualites\/jose-luis-ballester-rejoint-le-liv-golf-avec-effet-immediat\/\" rel=\"nofollow noopener\" target=\"_blank\">la derni\u00e8re recrue de la ligue saoudienne, Jos\u00e9 Luis Ballester.<\/a><\/p>\n<p>\u00a0<\/p>\n<p>Asian Tour : International Series Morocco, Royal Golf Dar Es Salam, Rabat, Maroc<\/p>\n<p><strong>Du 3 au 6 juillet<\/strong><\/p>\n<p>L\u2019<strong>Asian Tour<\/strong> retrouve les fairways apr\u00e8s plus d\u2019un mois et demi de pause. Il s\u2019arr\u00eate sur le magnifique parcours Rouge du <strong>Royal Golf Dar Es Salam<\/strong>, situ\u00e9 dans la capitale marocaine. Quatre Fran\u00e7ais sont au d\u00e9part : <strong>Julien Sale, Gary Stal <\/strong>et<strong> Jo\u00ebl Stalter<\/strong>, ainsi que <strong>Julien Quesne<\/strong>, invit\u00e9 cette semaine.<\/p>\n<p>\u00a0<\/p>\n<p>LET : KPMG Women\u2019s Irish Open, Carton House, Maynooth, Irlande<\/p>\n<p><strong>Du 3 au 6 juillet<\/strong><\/p>\n<p>\t\t\t\t\t<a id=\"177253\" href=\"https:\/\/www.noyangolf.com\/fr\/\" target=\"_blank\" rel=\"sponsorised nofollow noopener\"><img decoding=\"async\" src=\"data:image\/svg+xml,%3Csvg%20xmlns=\" http:=\"\" class=\"img-responsive\" alt=\"\" data-lazy-src=\"https:\/\/www.europesays.com\/fr\/wp-content\/uploads\/2025\/06\/noyan-e01-where-golf-meets-excellence-1170x275-1.jpg\"\/><\/a><\/p>\n<p>De nombreuses joueuses du <strong>LPGA Tour<\/strong> sont pr\u00e9sentes dans l\u2019est de l\u2019Irlande pour s\u2019acclimater une semaine avant l\u2019<strong>Amundi Evian Championship<\/strong>. Outre la star locale <strong>Leona Maguire<\/strong>,<strong> Charley Hull<\/strong>,<strong> Georgia Hall<\/strong>,<strong> Madelene Sagstrom<\/strong> ou encore<strong> Anna Nordqvist<\/strong> sont de la partie. Dix Fran\u00e7aises sont \u00e9galement annonc\u00e9es au d\u00e9part.<\/p>\n<p>\u00a0<\/p>\n<p>HotelPlanner Tour (Challenge Tour) : Interwetten Open, Schladming-Dachstein Golf Club, Oberhaus, Autriche<\/p>\n<p><strong>Du 3 au 6 juillet<\/strong><\/p>\n<p>Apr\u00e8s deux semaines en France, l\u2019<strong>HotelPlanner Tour<\/strong> reprend les routes de l\u2019Europe avec une \u00e9preuve en Autriche. Fort de sa belle performance au Vaudreuil, <strong>Cl\u00e9ment Charmasson<\/strong> peut consolider sa place dans le top 10 de la <strong>Road to Mallorca<\/strong>. Six autres Fran\u00e7ais sont du voyage : <strong>F\u00e9lix Mory<\/strong>,<strong> Benjamin Kedochim<\/strong>,<strong> Bastien Amat<\/strong>,<strong> Oihan Guillamoundeguy<\/strong>,<strong> Maxence Giboudot <\/strong>et<strong> Nathan Legendre<\/strong>.<\/p>\n<p>\u00a0<\/p>\n<p>LETAS : Swedish Strokeplay Championship by Dormy Future Stars, Golf Uppsala Soderby, Uppsala, Su\u00e8de<\/p>\n<p><strong>Du 2 au 4 juillet<\/strong><\/p>\n<p>\t\t\t\t\t<a id=\"174669\" href=\"https:\/\/site.arkea-banque-ei.com\/\" target=\"_blank\" rel=\"sponsorised nofollow noopener\"><img decoding=\"async\" src=\"data:image\/svg+xml,%3Csvg%20xmlns=\" http:=\"\" class=\"img-responsive\" alt=\"\" data-lazy-src=\"https:\/\/www.europesays.com\/fr\/wp-content\/uploads\/2025\/06\/arkea-e02-objectif-strategie-v2-1170x275-1.png\"\/><\/a><\/p>\n<p>Le Swedish Swing du <strong>LETAS<\/strong> se poursuit \u00e0 Uppsala, sur un par 73 de 5 903 m\u00e8tres. Forte de son top 15, <strong>Chlo\u00e9 Salort<\/strong> veut faire encore mieux. Six autres Fran\u00e7aises sont au d\u00e9part de ce tournoi dot\u00e9 de 45\u202f000 \u20ac.<\/p>\n<p>\u00a0<\/p>\n<p>Alps Tour : 2025 Fred Olsen Alps de La Gomera, Tecina Golf La Gomera, La Gomera, Espagne<\/p>\n<p><strong>Du 3 au 5 juillet<\/strong><\/p>\n<p>Absent du calendrier l\u2019an dernier pour cause de travaux, le <strong>Fred Olsen Alps<\/strong> est de retour sur un magnifique trac\u00e9 aux vues sur la mer sur la petite \u00eele de La Gomera, en face de celle de Tenerife. Dix-huit Fran\u00e7ais font le d\u00e9placement aux Canaries.<\/p>\n<p>\u00a0<\/p>\n<p>Pro Golf Tour\u00a0: Gradi Polish Open by Emeralld 2025, Gradi Golf Club, Prusice, Pologne<\/p>\n<p><strong>Du 2 au 4 juillet<\/strong><\/p>\n<p>C\u2019est en Pologne que les membres du <strong>Pro Golf Tour<\/strong> retrouvent la comp\u00e9tition. 25 Fran\u00e7ais, dont <strong>Mathieu Decottignies Lafon<\/strong>, sont attendus sur ce par 71.<\/p>\n<p>\u00a0<\/p>\n<p>\u00a0<\/p>\n<p>LPGA : Pause<\/p>\n<p>Prochain tournoi\u00a0: The Amundi Evian Championship, Evian Resort Golf Club, Evian-les-Bains, Haute-Savoie<\/p>\n<p><strong>Du 10 au 13 juillet<\/strong><\/p>\n<p>\u00a0<\/p>\n<p>Korn Ferry Tour : Pause<\/p>\n<p>Prochain tournoi\u00a0: The Ascendant presented by Blue, TPC Colorado, Berthoud Colorado<\/p>\n<p><strong>Du 10 au 13 juillet<\/strong><\/p>\n<p>\u00a0<\/p>\n<p>Epson Tour : Pause<\/p>\n<p>Prochain tournoi\u00a0: Hartford HealthCare Women\u2019s Championship presented by Munich Re, Great River Golf Club, Milford Connecticut<\/p>\n<p><strong>Du 10 au 13 juillet<\/strong><\/p>\n<p>\u00a0<\/p>\n<p>TGL : Saison termin\u00e9e<\/p>\n<p>\u00a0<\/p>\n<p>\u00a9Rob Carr\/Getty Images\/AFP<\/p>\n","protected":false},"excerpt":{"rendered":"Partager cet article Partager la publication \u00ab\u00a0Quatorze Bleus \u00e0 Munich au programme de la semaine\u00a0\u00bb Cette 27e semaine&hellip;\n","protected":false},"author":2,"featured_media":215077,"comment_status":"","ping_status":"","sticky":false,"template":"","format":"standard","meta":{"footnotes":""},"categories":[1418],"tags":[1011,27,1472,60],"class_list":{"0":"post-215076","1":"post","2":"type-post","3":"status-publish","4":"format-standard","5":"has-post-thumbnail","7":"category-golf","8":"tag-fr","9":"tag-france","10":"tag-golf","11":"tag-sports"},"share_on_mastodon":{"url":"https:\/\/pubeurope.com\/@fr\/114771017352461059","error":""},"_links":{"self":[{"href":"https:\/\/www.europesays.com\/fr\/wp-json\/wp\/v2\/posts\/215076","targetHints":{"allow":["GET"]}}],"collection":[{"href":"https:\/\/www.europesays.com\/fr\/wp-json\/wp\/v2\/posts"}],"about":[{"href":"https:\/\/www.europesays.com\/fr\/wp-json\/wp\/v2\/types\/post"}],"author":[{"embeddable":true,"href":"https:\/\/www.europesays.com\/fr\/wp-json\/wp\/v2\/users\/2"}],"replies":[{"embeddable":true,"href":"https:\/\/www.europesays.com\/fr\/wp-json\/wp\/v2\/comments?post=215076"}],"version-history":[{"count":0,"href":"https:\/\/www.europesays.com\/fr\/wp-json\/wp\/v2\/posts\/215076\/revisions"}],"wp:featuredmedia":[{"embeddable":true,"href":"https:\/\/www.europesays.com\/fr\/wp-json\/wp\/v2\/media\/215077"}],"wp:attachment":[{"href":"https:\/\/www.europesays.com\/fr\/wp-json\/wp\/v2\/media?parent=215076"}],"wp:term":[{"taxonomy":"category","embeddable":true,"href":"https:\/\/www.europesays.com\/fr\/wp-json\/wp\/v2\/categories?post=215076"},{"taxonomy":"post_tag","embeddable":true,"href":"https:\/\/www.europesays.com\/fr\/wp-json\/wp\/v2\/tags?post=215076"}],"curies":[{"name":"wp","href":"https:\/\/api.w.org\/{rel}","templated":true}]}}