{"id":215078,"date":"2025-06-30T06:59:09","date_gmt":"2025-06-30T06:59:09","guid":{"rendered":"https:\/\/www.europesays.com\/fr\/215078\/"},"modified":"2025-06-30T06:59:09","modified_gmt":"2025-06-30T06:59:09","slug":"xv-de-france-killian-tixeront-au-centre-ca-fait-partie-des-options-revele-laurent-sempere","status":"publish","type":"post","link":"https:\/\/www.europesays.com\/fr\/215078\/","title":{"rendered":"XV de France &#8211; Killian Tixeront au centre ? \u00ab\u00a0\u00c7a fait partie des options\u00a0\u00bb, r\u00e9v\u00e8le Laurent Semp\u00e9r\u00e9"},"content":{"rendered":"<p>\n                En conf\u00e9rence de presse, l\u2019entra\u00eeneur des avants tricolores Laurent Semp\u00e9r\u00e9 s\u2019est projet\u00e9 sur la tourn\u00e9e de tous les dangers\u2026\n            <\/p>\n<p><strong>Avez-vous des nouvelles de Cheikh Tiberghien et Gabin Villi\u00e8re, qui n\u2019ont pu terminer l\u2019entra\u00eenement de mardi matin ? <\/strong><\/p>\n<p>Il y a des joueurs qui n\u2019ont pas particip\u00e9 \u00e0 la s\u00e9ance (Tom Spring, par exemple, N.DL.R.) parce qu\u2019on g\u00e8re des bobos physiques et il y a eu, pendant l\u2019entra\u00eenement, des alertes. Je ne peux pas en dire plus, on attend l\u2019avis m\u00e9dical.<\/p>\n<p><strong>Le flanker Killian Tixeront s\u2019est ensuite entra\u00een\u00e9 au centre. Est-il une option cr\u00e9dible ? <\/strong><\/p>\n<p>On l\u2019a v\u00e9cu la semaine derni\u00e8re \u00e0 Twickenham. \u00c7a fait partie des options. On l\u2019avait aussi vu avec Oscar Jegou pendant le Tournoi des 6 Nations.<\/p>\n<p><strong>Comment pr\u00e9parer au mieux les joueurs \u00e0 cette tourn\u00e9e ? <\/strong><\/p>\n<p>On est attentif au changement de climat et au d\u00e9calage horaire. Il faut pr\u00e9venir les risques que \u00e7a suscite. Nous sommes en fin de saison et les joueurs viennent d\u2019encha\u00eener dix mois de comp\u00e9tition. On a donc adapt\u00e9 nos semaines d\u2019entra\u00eenement \u00e0 toutes ces donn\u00e9es-l\u00e0.<\/p>\n<p><strong>Nombreux sont ceux qui vous promettent l\u2019enfer, au cours de cette tourn\u00e9e. Est-ce un surplus de motivation, pour vous ? <\/strong><\/p>\n<p>On sait o\u00f9 met les pieds. On est conscient de d\u00e9fier les All Blacks chez eux et c\u2019est pour nous tous un moment important. Quoi qu\u2019il en soit, on n\u2019a pas besoin de la fa\u00e7on dont eux nous per\u00e7oivent pour se motiver.<\/p>\n<p><strong>Y a-t-il une vigilance accrue, apr\u00e8s la tourn\u00e9e en Argentine ? <\/strong><\/p>\n<p>A la suite de Mendoza, on a adapt\u00e9 notre cadre de performance. Depuis, on a tellement l\u2019habitude de vivre avec qu\u2019on est dans une forme de continuit\u00e9. L\u2019accompagnement des policiers du Raid, par exemple, \u00e9tait d\u00e9j\u00e0 pr\u00e9sent pendant le Tournoi des 6 Nations.<\/p>\n<p><strong>Profitez-vous du p\u00e9riple pour faire quelques activit\u00e9s, hors rugby ?<\/strong><\/p>\n<p>On est all\u00e9 sur une \u00eele (Waiheke Island) visiter un domaine viticole. C\u2019\u00e9tait int\u00e9ressant parce que le retentissement fran\u00e7ais y \u00e9tait important. On a en quelque sorte trouv\u00e9 un morceau de France au bout du monde. C\u2019est important de s\u2019immiscer dans cette culture. Chaque opportunit\u00e9 de pouvoir go\u00fbter aux m\u0153urs locales est int\u00e9ressante.<\/p>\n<p><strong>Scott Robertson, l\u2019entra\u00eeneur des All Blacks, disait que la finale de Super Rugby, disput\u00e9e sur un rythme assez lent, ne serait pas le cr\u00e9neau utilis\u00e9 par les All Blacks. A quoi vous attendez-vous samedi, \u00e0 Dunedin ? <\/strong><\/p>\n<p>On s\u2019attend \u00e0 un rugby tr\u00e8s rapide, avec beaucoup d\u2019intensit\u00e9. C\u2019est d\u2019ailleurs ce qu\u2019on a v\u00e9cu lors de la tourn\u00e9e d\u2019automne. En finale de Super Rugby, ils ont pratiqu\u00e9 un rugby plus europ\u00e9en mais tr\u00e8s performant. C\u2019ets la force n\u00e9o-z\u00e9landaise : ils sont capable de jouer dans tous les tempos. On a mis beaucoup d\u2019intensit\u00e9 dans l\u2019entra\u00eenement pour pr\u00e9parer les joueurs \u00e0 ce niveau-l\u00e0. On a un gros enjeu sur le niveau physique. Les entra\u00eenements tr\u00e8s engag\u00e9s sont une option importante, en ce sens.<\/p>\n<p><strong>Que pouvez-vous nous dire au sujet de Micka\u00ebl Guillard, r\u00e9cemment repositionn\u00e9 en num\u00e9ro 8 ? <\/strong><\/p>\n<p>On l\u2019a d\u00e9couvert en Argentine l\u2019ann\u00e9e derni\u00e8re. Il s\u2019y est r\u00e9v\u00e9l\u00e9. On a vu ce qu\u2019il a fait au poste de num\u00e9ro 5 pendant le Tournoi mais sa polyvalence est incroyable, c\u2019est vrai. Il nous emm\u00e8ne un rendement tr\u00e8s int\u00e9ressant. Ce fut d\u2019ailleurs le cas \u00e0 Twickenham, la semaine derni\u00e8re. C\u2019est un num\u00e9ro 8 de formation et se d\u00e9place beaucoup, malgr\u00e9 sa densit\u00e9 physique.<\/p>\n","protected":false},"excerpt":{"rendered":"En conf\u00e9rence de presse, l\u2019entra\u00eeneur des avants tricolores Laurent Semp\u00e9r\u00e9 s\u2019est projet\u00e9 sur la tourn\u00e9e de tous les&hellip;\n","protected":false},"author":2,"featured_media":215079,"comment_status":"","ping_status":"","sticky":false,"template":"","format":"standard","meta":{"footnotes":""},"categories":[1416],"tags":[1011,27,479,1468,60],"class_list":{"0":"post-215078","1":"post","2":"type-post","3":"status-publish","4":"format-standard","5":"has-post-thumbnail","7":"category-rugby","8":"tag-fr","9":"tag-france","10":"tag-rugby","11":"tag-rugby-football","12":"tag-sports"},"share_on_mastodon":{"url":"https:\/\/pubeurope.com\/@fr\/114771025582562087","error":""},"_links":{"self":[{"href":"https:\/\/www.europesays.com\/fr\/wp-json\/wp\/v2\/posts\/215078","targetHints":{"allow":["GET"]}}],"collection":[{"href":"https:\/\/www.europesays.com\/fr\/wp-json\/wp\/v2\/posts"}],"about":[{"href":"https:\/\/www.europesays.com\/fr\/wp-json\/wp\/v2\/types\/post"}],"author":[{"embeddable":true,"href":"https:\/\/www.europesays.com\/fr\/wp-json\/wp\/v2\/users\/2"}],"replies":[{"embeddable":true,"href":"https:\/\/www.europesays.com\/fr\/wp-json\/wp\/v2\/comments?post=215078"}],"version-history":[{"count":0,"href":"https:\/\/www.europesays.com\/fr\/wp-json\/wp\/v2\/posts\/215078\/revisions"}],"wp:featuredmedia":[{"embeddable":true,"href":"https:\/\/www.europesays.com\/fr\/wp-json\/wp\/v2\/media\/215079"}],"wp:attachment":[{"href":"https:\/\/www.europesays.com\/fr\/wp-json\/wp\/v2\/media?parent=215078"}],"wp:term":[{"taxonomy":"category","embeddable":true,"href":"https:\/\/www.europesays.com\/fr\/wp-json\/wp\/v2\/categories?post=215078"},{"taxonomy":"post_tag","embeddable":true,"href":"https:\/\/www.europesays.com\/fr\/wp-json\/wp\/v2\/tags?post=215078"}],"curies":[{"name":"wp","href":"https:\/\/api.w.org\/{rel}","templated":true}]}}