{"id":21509,"date":"2025-04-13T06:04:13","date_gmt":"2025-04-13T06:04:13","guid":{"rendered":"https:\/\/www.europesays.com\/fr\/21509\/"},"modified":"2025-04-13T06:04:13","modified_gmt":"2025-04-13T06:04:13","slug":"plus-de-30-pays-participeront-a-la-coalition-des-volontaires-pour-discuter-de-lukraine-annonce-le-royaume-uni","status":"publish","type":"post","link":"https:\/\/www.europesays.com\/fr\/21509\/","title":{"rendered":"Plus de 30 pays participeront \u00e0 la \u00ab\u00a0coalition des volontaires\u00a0\u00bb pour discuter de l&rsquo;Ukraine, annonce le Royaume-Uni"},"content":{"rendered":"<p style=\"text-align:justify;\">AA \/ Londres \/ Burak Bir<\/p>\n<p style=\"text-align:justify;\">La Grande-Bretagne a r\u00e9v\u00e9l\u00e9, lundi, que plus de 30 pays participeraient \u00e0 la \u00ab\u00a0coalition des volontaires\u00a0\u00bb pour aider \u00e0 mettre fin \u00e0 la guerre en Ukraine, selon les m\u00e9dias.<\/p>\n<p style=\"text-align:justify;\">\u00ab\u00a0Le Royaume-Uni s&rsquo;attend \u00e0 la participation de plus de 30 pays \u00e0 la coalition des volontaires\u00a0\u00bb, a d\u00e9clar\u00e9 le porte-parole du Premier ministre Keir Starmer, cit\u00e9 par Sky News.<\/p>\n<p style=\"text-align:justify;\">Samedi, les dirigeants de 26 pays se sont r\u00e9unis pour une r\u00e9union virtuelle organis\u00e9e par le Premier ministre britannique apr\u00e8s que l&rsquo;Ukraine a accept\u00e9 un accord de cessez-le-feu de 30 jours.<\/p>\n<p style=\"text-align:justify;\">La pr\u00e9sidente de la Commission europ\u00e9enne, Ursula von der Leyen, le pr\u00e9sident du Conseil de l&rsquo;UE, Antonio Costa, et le secr\u00e9taire g\u00e9n\u00e9ral de l&rsquo;OTAN, Mark Rutte, figuraient parmi les participants.<\/p>\n<p style=\"text-align:justify;\">Le porte-parole de Keir Starmer n&rsquo;a toutefois pas r\u00e9v\u00e9l\u00e9 quels pays suppl\u00e9mentaires avaient rejoint la coalition depuis la r\u00e9union par vid\u00e9oconf\u00e9rence de samedi.<\/p>\n<p style=\"text-align:justify;\">\u00ab\u00a0Il ne s&rsquo;agit pas seulement d&rsquo;envoyer des troupes, mais aussi de contribuer par d&rsquo;autres moyens. Les pays auront des r\u00f4les diff\u00e9rents\u00a0\u00bb, a ajout\u00e9 le porte-parole.<\/p>\n<p style=\"text-align:justify;\">Jeudi, les chefs militaires se r\u00e9uniront pour discuter de la prochaine \u00ab\u00a0phase op\u00e9rationnelle\u00a0\u00bb visant \u00e0 prot\u00e9ger l&rsquo;Ukraine dans le cadre d&rsquo;une force de maintien de la paix si un accord de paix peut \u00eatre conclu avec la Russie.<\/p>\n<p style=\"text-align:justify;\">La r\u00e9union de samedi a connu la participation des dirigeants de l&rsquo;Allemagne, de l&rsquo;Australie, de la Belgique, de la Bulgarie, du Canada, du Danemark, de l&rsquo;Espagne, de la Finlande, de la France, de la Gr\u00e8ce, de l&rsquo;Islande, de l&rsquo;Italie, de la Lettonie, de la Lituanie, du Luxembourg, de la Norv\u00e8ge, de la Nouvelle-Z\u00e9lande, des Pays-Bas, de la Pologne, du Portugal, de la R\u00e9publique tch\u00e8que, de la Roumanie, de la Su\u00e8de, de la T\u00fcrkiye, de l&rsquo;Ukraine et du Royaume-Uni.<\/p>\n<p style=\"text-align:justify;\">* Traduit de l\u2019anglais par Alex Sinhan Bogmis<\/p>\n<p>                            &#13;<br \/>\n                                <a href=\"https:\/\/www.aa.com.tr\/fr\/p\/abonnement\/1001\" target=\"_blank\" style=\"font-size:12px; color:#444; text-decoration:none;\" rel=\"nofollow noopener\">&#13;<br \/>\n                                    Seulement une partie des d\u00e9p\u00eaches, que l&rsquo;Agence Anadolu diffuse \u00e0 ses abonn\u00e9s via le Syst\u00e8me de Diffusion interne (HAS), est diffus\u00e9e sur le site de l&rsquo;AA, de mani\u00e8re r\u00e9sum\u00e9e. <b style=\"color:#1897F7\">Contactez-nous s&rsquo;il vous pla\u00eet pour vous abonner.<\/b>&#13;<br \/>\n                                <\/a>&#13;<\/p>\n","protected":false},"excerpt":{"rendered":"AA \/ Londres \/ Burak Bir La Grande-Bretagne a r\u00e9v\u00e9l\u00e9, lundi, que plus de 30 pays participeraient \u00e0&hellip;\n","protected":false},"author":2,"featured_media":21510,"comment_status":"","ping_status":"","sticky":false,"template":"","format":"standard","meta":{"footnotes":""},"categories":[1588],"tags":[8040,11,1785,8041,1777,674,12,473,1853,1851,220,1850,1852],"class_list":{"0":"post-21509","1":"post","2":"type-post","3":"status-publish","4":"format-standard","5":"has-post-thumbnail","7":"category-royaume-uni","8":"tag-30-pays","9":"tag-actualites","10":"tag-anadolu-ajansi","11":"tag-coalition-des-volontaires","12":"tag-eu","13":"tag-europe","14":"tag-news","15":"tag-royaume-uni","16":"tag-royaume-uni-de-grande-bretagne-et-dirlande-du-nord","17":"tag-uk","18":"tag-ukraine","19":"tag-united-kingdom","20":"tag-united-kingdom-of-great-britain-and-northern-ireland"},"share_on_mastodon":{"url":"https:\/\/pubeurope.com\/@fr\/114329148697726818","error":""},"_links":{"self":[{"href":"https:\/\/www.europesays.com\/fr\/wp-json\/wp\/v2\/posts\/21509","targetHints":{"allow":["GET"]}}],"collection":[{"href":"https:\/\/www.europesays.com\/fr\/wp-json\/wp\/v2\/posts"}],"about":[{"href":"https:\/\/www.europesays.com\/fr\/wp-json\/wp\/v2\/types\/post"}],"author":[{"embeddable":true,"href":"https:\/\/www.europesays.com\/fr\/wp-json\/wp\/v2\/users\/2"}],"replies":[{"embeddable":true,"href":"https:\/\/www.europesays.com\/fr\/wp-json\/wp\/v2\/comments?post=21509"}],"version-history":[{"count":0,"href":"https:\/\/www.europesays.com\/fr\/wp-json\/wp\/v2\/posts\/21509\/revisions"}],"wp:featuredmedia":[{"embeddable":true,"href":"https:\/\/www.europesays.com\/fr\/wp-json\/wp\/v2\/media\/21510"}],"wp:attachment":[{"href":"https:\/\/www.europesays.com\/fr\/wp-json\/wp\/v2\/media?parent=21509"}],"wp:term":[{"taxonomy":"category","embeddable":true,"href":"https:\/\/www.europesays.com\/fr\/wp-json\/wp\/v2\/categories?post=21509"},{"taxonomy":"post_tag","embeddable":true,"href":"https:\/\/www.europesays.com\/fr\/wp-json\/wp\/v2\/tags?post=21509"}],"curies":[{"name":"wp","href":"https:\/\/api.w.org\/{rel}","templated":true}]}}