{"id":215094,"date":"2025-06-30T07:09:11","date_gmt":"2025-06-30T07:09:11","guid":{"rendered":"https:\/\/www.europesays.com\/fr\/215094\/"},"modified":"2025-06-30T07:09:11","modified_gmt":"2025-06-30T07:09:11","slug":"interdiction-de-fumer-consultations-medicales-arrets-de-travail-ce-qui-change-en-juillet","status":"publish","type":"post","link":"https:\/\/www.europesays.com\/fr\/215094\/","title":{"rendered":"Interdiction de fumer, consultations m\u00e9dicales, arr\u00eats de travail\u2026 ce qui change en juillet"},"content":{"rendered":"<ul class=\"jsx-862013697 ArticleChapo__List\">\n<li class=\"jsx-862013697 ArticleChapo__List_Item flex\">Tous les premiers du mois, de nouveaux d\u00e9crets et lois entrent en vigueur.<\/li>\n<li class=\"jsx-862013697 ArticleChapo__List_Item flex\">Juillet 2025 ne fait pas exception.<\/li>\n<li class=\"jsx-862013697 ArticleChapo__List_Item flex\">Travail, consommation, sant\u00e9\u2026 Floril\u00e8ge de quelques d\u00e9cisions qui peuvent impacter votre quotidien.<\/li>\n<\/ul>\n<p data-module=\"article-paragraph\" class=\"jsx-3046738180 Paragraph Paragraph__End\">Les vacances scolaires pointent le d\u00e9but de leur nez. Les gares, les a\u00e9roports et les autoroutes vont faire le plein. C\u00f4t\u00e9 finances, les m\u00e9decins vous co\u00fbteront plus cher, les arr\u00eats-maladie adoptent un nouveau formulaire et fumer dans l\u2019espace public devient de plus en plus difficile. Tour d\u2019horizon de quelques d\u00e9cisions administratives qui pourraient impacter votre quotidien.<\/p>\n<p>Extension de l\u2019interdiction de fumer dans les lieux publics<\/p>\n<p data-module=\"article-paragraph\" class=\"jsx-3046738180 Paragraph Paragraph__End\">Depuis 2007, impossible de fumer dans les lieux publics ferm\u00e9s pour des raisons de sant\u00e9 publique. <a href=\"https:\/\/www.tf1info.fr\/sante\/parcs-plages-abords-des-ecoles-des-le-1er-juillet-il-sera-interdit-de-fumer-dans-ces-lieux-frequentes-par-les-enfants-2373847.html\" target=\"_blank\" rel=\"noopener\">\u00c0 partir de ce 1er juillet<\/a>, au nom de la protection des plus jeunes et de<a href=\"https:\/\/www.tf1info.fr\/sante\/video-bientot-une-france-sans-tabac-cigarette-lci-vous-repond-2373993.html\" target=\"_blank\" rel=\"noopener\"> la lutte contre le tabagisme<\/a>, vous ne pourrez plus fumer non plus en ext\u00e9rieur dans les parcs et jardins publics, sur les plages ou lieux de baignade, dans les lieux de zone d\u2019attente de voyageurs comme les abribus, aux abords des \u00e9tablissements scolaires, biblioth\u00e8ques, piscines, stades ou installations sportives. Si vous ne respectez pas cette r\u00e8gle, vous vous exposez \u00e0 une amende de 135\u20ac.<\/p>\n<p>Augmentation du prix des consultations m\u00e9dicales<\/p>\n<p data-module=\"article-paragraph\" class=\"jsx-3046738180 Paragraph Paragraph__End\">Apr\u00e8s une premi\u00e8re revalorisation des tarifs en d\u00e9cembre, les consultations m\u00e9dicales continuent de grimper. Objectif : reconna\u00eetre l\u2019engagement et renforcer l\u2019attractivit\u00e9 du m\u00e9tier de m\u00e9decin. Les consultations de p\u00e9diatrie pour les enfants de moins de deux ans progressent de 1 euro pour atteindre 40\u20ac, tandis que les gyn\u00e9cologues r\u00e9clament d\u00e9sormais le m\u00eame tarif. De leur c\u00f4t\u00e9, les psychiatres, neuropsychiatres ou neurologues vous co\u00fbtent d\u00e9sormais 57\u20ac. Le remboursement des consultations reste le m\u00eame : environ 70%.<\/p>\n<p>Arr\u00eats de travail : nouveau formulaire pour lutter contre la fraude<\/p>\n<p data-module=\"article-paragraph\" class=\"jsx-3046738180 Paragraph Paragraph__End\">L\u2019Assurance-maladie estime que les faux arr\u00eats maladie lui ont caus\u00e9 un pr\u00e9judice financier de 30 millions d\u2019euros pour 2024. R\u00e9sultat : \u00e0 partir du 1er juillet, vous devrez remplir <a href=\"https:\/\/www.tf1info.fr\/economie\/ehpad-affection-de-longue-duree-les-pistes-choc-de-l-assurance-maladie-pour-reduire-les-depenses-de-sante-2379142.html\" target=\"_blank\" rel=\"noopener\">un formulaire Cerfa pour valider votre arr\u00eat-maladie<\/a>. Notez que les scans ou photocopies deviennent interdits. Son encre magn\u00e9tique, l\u2019\u00e9tiquette holographique ou encore le papier sp\u00e9cial le rendent de moins en moins falsifiable.<\/p>\n<p>Vagues de chaleur : de nouvelles r\u00e8gles pour les employeurs<\/p>\n<p data-module=\"article-paragraph\" class=\"jsx-3046738180 Paragraph Paragraph__End\">Les entreprises doivent s\u2019adapter aux vagues de chaleur de plus en plus nombreuses et intenses. Les employeurs doivent <a href=\"https:\/\/www.tf1info.fr\/vie-pro\/video-reportage-nouvelles-regles-changements-d-horaires-points-d-eau-les-obligations-des-employeurs-renforcees-en-cas-d-episode-de-chaleur-2376373.html\" target=\"_blank\" rel=\"noopener\">adapter l\u2019organisation du travail<\/a> pour prot\u00e9ger la sant\u00e9 et la s\u00e9curit\u00e9 de leurs salari\u00e9s. Il faut d\u00e9sormais am\u00e9nager les horaires, renforcer les pauses, suspendre les t\u00e2ches p\u00e9nibles pendant les heures les plus chaudes, prot\u00e9ger du soleil les postes expos\u00e9s et mettre \u00e0 disposition au moins trois litres d\u2019eau par jour et par personne en l\u2019absence d\u2019eau courante.<\/p>\n<p><a href=\"https:\/\/www.tf1info.fr\/vie-pro\/visite-medicale-temps-partiel-therapeutique-quelles-sont-mes-obligations-et-mes-droits-apres-un-arret-de-travail-2364273.html\" rel=\"noopener\" class=\"jsx-3308031228 Link flex\" target=\"_blank\"><img decoding=\"async\" src=\"https:\/\/www.europesays.com\/fr\/wp-content\/uploads\/2025\/06\/reprise-du-travail-apres-un-arret-maladie-comment-cela-se-deroule-32305b-0@1x.jpeg\" alt=\"Getty Images\" loading=\"lazy\" importance=\"low\" fetchpriority=\"low\" class=\"\"\/><\/p>\n<p class=\"jsx-3657663356 ReadMoreArticle__Title\">Lire aussi<\/p>\n<p class=\"jsx-3657663356\">Visite m\u00e9dicale, temps partiel th\u00e9rapeutique\u2026 Quels sont mes obligations et mes droits apr\u00e8s un arr\u00eat de travail ?<\/p>\n<p><\/a>Et aussi&#8230;<\/p>\n<ul data-module=\"article-paragraph\" class=\"jsx-3046738180 Paragraph Paragraph__End\">\n<li>Nouvelles modalit\u00e9s de financement de l\u2019apprentissage : les employeurs doivent s\u2019acquitter d\u2019une participation obligatoire de 750 euros pour tout contrat d\u2019apprentissage \u00e0 partir de Bac+3.<\/li>\n<li>1 juillet : suspension momentan\u00e9e du dispositif <a href=\"https:\/\/www.tf1info.fr\/immobilier\/maprimerenov-seule-la-renovation-globale-est-finalement-suspendue-les-travaux-chauffage-isolation-restent-possibles-cet-ete-2377348.html\" target=\"_blank\" rel=\"noopener\">MaPrimeR\u00e9nov&rsquo;<\/a> pour les travaux d\u2019ampleur.<\/li>\n<li>4 juillet : annonce des r\u00e9sultats du baccalaur\u00e9at.<\/li>\n<li>7 juillet : annonce des r\u00e9sultats du brevet des coll\u00e8ges.<\/li>\n<\/ul>\n<p>Geoffrey LOPES<\/p>\n","protected":false},"excerpt":{"rendered":"Tous les premiers du mois, de nouveaux d\u00e9crets et lois entrent en vigueur. Juillet 2025 ne fait pas&hellip;\n","protected":false},"author":2,"featured_media":215095,"comment_status":"","ping_status":"","sticky":false,"template":"","format":"standard","meta":{"footnotes":""},"categories":[1356],"tags":[1111,11,1921,6698,58,59,5641,1011,27,1922,224,71,5699,252,1364,133,5010,13988],"class_list":{"0":"post-215094","1":"post","2":"type-post","3":"status-publish","4":"format-standard","5":"has-post-thumbnail","7":"category-television","8":"tag-actu","9":"tag-actualites","10":"tag-article-video","11":"tag-canicule","12":"tag-divertissement","13":"tag-entertainment","14":"tag-finance-et-macro-economie","15":"tag-fr","16":"tag-france","17":"tag-info","18":"tag-medecine","19":"tag-sante","20":"tag-sante-publique","21":"tag-television","22":"tag-tv","23":"tag-video","24":"tag-video-sujets-de-societe","25":"tag-vie-au-travail"},"share_on_mastodon":{"url":"https:\/\/pubeurope.com\/@fr\/114771064557233552","error":""},"_links":{"self":[{"href":"https:\/\/www.europesays.com\/fr\/wp-json\/wp\/v2\/posts\/215094","targetHints":{"allow":["GET"]}}],"collection":[{"href":"https:\/\/www.europesays.com\/fr\/wp-json\/wp\/v2\/posts"}],"about":[{"href":"https:\/\/www.europesays.com\/fr\/wp-json\/wp\/v2\/types\/post"}],"author":[{"embeddable":true,"href":"https:\/\/www.europesays.com\/fr\/wp-json\/wp\/v2\/users\/2"}],"replies":[{"embeddable":true,"href":"https:\/\/www.europesays.com\/fr\/wp-json\/wp\/v2\/comments?post=215094"}],"version-history":[{"count":0,"href":"https:\/\/www.europesays.com\/fr\/wp-json\/wp\/v2\/posts\/215094\/revisions"}],"wp:featuredmedia":[{"embeddable":true,"href":"https:\/\/www.europesays.com\/fr\/wp-json\/wp\/v2\/media\/215095"}],"wp:attachment":[{"href":"https:\/\/www.europesays.com\/fr\/wp-json\/wp\/v2\/media?parent=215094"}],"wp:term":[{"taxonomy":"category","embeddable":true,"href":"https:\/\/www.europesays.com\/fr\/wp-json\/wp\/v2\/categories?post=215094"},{"taxonomy":"post_tag","embeddable":true,"href":"https:\/\/www.europesays.com\/fr\/wp-json\/wp\/v2\/tags?post=215094"}],"curies":[{"name":"wp","href":"https:\/\/api.w.org\/{rel}","templated":true}]}}