{"id":215096,"date":"2025-06-30T07:10:13","date_gmt":"2025-06-30T07:10:13","guid":{"rendered":"https:\/\/www.europesays.com\/fr\/215096\/"},"modified":"2025-06-30T07:10:13","modified_gmt":"2025-06-30T07:10:13","slug":"au-dela-doasis-un-come-back-de-la-britpop-et-des-annees-1990-porte-par-la-nostalgie-actualites","status":"publish","type":"post","link":"https:\/\/www.europesays.com\/fr\/215096\/","title":{"rendered":"Au-del\u00e0 d&rsquo;Oasis, un come back de la Britpop et des ann\u00e9es 1990, port\u00e9 par la nostalgie : Actualit\u00e9s"},"content":{"rendered":"<p class=\"lead \">Un air des ann\u00e9es 1990 flotte cet \u00e9t\u00e9 sur le Royaume-Uni: Oasis et Pulp, groupes embl\u00e9matiques de la Britpop, reviennent en t\u00eate des charts et remplissent les salles de concert, sur fond de nostalgie d&rsquo;une p\u00e9riode plus \u00ab\u00a0cool\u00a0\u00bb. <\/p>\n<p class=\"lead \">Les rayons des magasins Marks and Spencer donnent l&rsquo;impression d&rsquo;avoir fait un bond 30 ans en arri\u00e8re: les tee-shirts avec le logo d&rsquo;Oasis sont de retour. Ils le sont aussi chez Urban Outfitter, enseigne pris\u00e9e des ados et jeunes adultes. \u00ab\u00a0Oasis, Live forever\u00a0\u00bb (\u00ab\u00a0Vivre pour toujours\u00a0\u00bb), est-il \u00e9crit sur un crop top, en hommage \u00e0 une chanson du groupe. <\/p>\n<p class=\"lead \">Sur Instagram et TikTok, des jeunes se filment en train de se coiffer ou s&rsquo;habiller fa\u00e7on Liam et Noel Gallagher. <\/p>\n<p class=\"lead \">La reformation du groupe, 16 ans apr\u00e8s le divorce retentissant des fr\u00e8res Gallagher, suscite un immense enthousiasme des fans. <\/p>\n<p class=\"lead \">Les tickets pour la tourn\u00e9e au Royaume-Uni et en Irlande, qui d\u00e9marre le 4 juillet \u00e0 Cardiff, se sont arrach\u00e9s fin ao\u00fbt.<\/p>\n<p class=\"lead \">Liam et Noel Gallagher ne sont pas les seuls \u00e0 faire leur retour.<\/p>\n<p class=\"lead \">Aux concerts de Pulp, le public ne s&rsquo;\u00e9conomise pas quand r\u00e9sonnent les premi\u00e8res notes de \u00ab\u00a0Common people\u00a0\u00bb, tube sorti en 1995. Pour la premi\u00e8re fois depuis 27 ans, ce groupe est revenu en t\u00eate des ventes en juin avec son nouvel album \u00ab\u00a0More\u00a0\u00bb. Et a fait une apparition surprise au festival de Glastonbury ce week-end.<\/p>\n<p class=\"lead \">Suede, autre bande de la Britpop, sortira un album en septembre. Supergrass est en tourn\u00e9e cet \u00e9t\u00e9 pour c\u00e9l\u00e9brer le 30e anniversaire de son premier disque. <\/p>\n<p class=\"lead \">Il ne manque que les ennemis jur\u00e9s d&rsquo;Oasis, Blur. Mais ils ont d\u00e9j\u00e0 rempli Wembley en juillet 2023.<\/p>\n<p class=\"lead \">&#8211; Cool Britannia &#8211;<\/p>\n<p class=\"lead \">Comment expliquer une telle r\u00e9surgence? \u00ab\u00a0Tout le monde aime les anniversaires\u00a0\u00bb, dit Glenn Fosbraey, un universitaire de la facult\u00e9 de Winchester, sp\u00e9cialis\u00e9 dans la musique populaire. <\/p>\n<p class=\"lead \">1995 a \u00e9t\u00e9 \u00ab\u00a0une ann\u00e9e formidable pour la musique\u00a0\u00bb, avec notamment la sortie de l&rsquo;album d&rsquo;Oasis \u00ab\u00a0(What&rsquo;s the story) Morning Glory?\u00a0\u00bb, estime cet enseignant de 42 ans, qui a grandi avec la Britpop.<\/p>\n<p class=\"lead \">\u00ab\u00a0C&rsquo;est une bonne occasion de revivre notre jeunesse, mais aussi de raconter cette p\u00e9riode \u00e0 la g\u00e9n\u00e9ration suivante\u00a0\u00bb, comme il le fait avec sa fille adolescente.<\/p>\n<p class=\"lead \">Depuis quelques ann\u00e9es, il a remarqu\u00e9 que ses \u00e9tudiants pla\u00e7aient Oasis parmi leurs groupes pr\u00e9f\u00e9r\u00e9s. <\/p>\n<p class=\"lead \">Glenn Fosbraey \u00e9tait lui fan de Blur. Il n&rsquo;ira pas voir Oasis en concert, mais n&rsquo;a pas rat\u00e9 Pulp. <\/p>\n<p class=\"lead \">Il note une nostalgie pour la deuxi\u00e8me partie des ann\u00e9es 1990, une p\u00e9riode connue au Royaume-Uni sous le nom de \u00ab\u00a0Cool Britannia\u00a0\u00bb, marqu\u00e9e par un renouveau culturel, artistique et politique. <\/p>\n<p class=\"lead \">En 1996, l&rsquo;Angleterre parvenait en demi-finale \u00e0 l&rsquo;Euro de football, organis\u00e9 sur son sol. En 1997, le travailliste Tony Blair arrivait au pouvoir, port\u00e9 par une vague d&rsquo;optimisme. Le tout avec la Britpop en bande son. <\/p>\n<p class=\"lead \">\u00ab\u00a0Tout le monde semblait plus heureux\u00a0\u00bb, se souvient Glenn Fosbraey.<\/p>\n<p class=\"lead \">&#8211; Bob et jean baggy &#8211;<\/p>\n<p class=\"lead \">Cette nostalgie pour les ann\u00e9es 1990 ne touche pas seulement les quadras, mais aussi la Gen Z, les jeunes n\u00e9s entre 1997 et 2012, compl\u00e8te James Hannam, de la Solent University \u00e0 Southampton. Ils per\u00e7oivent ces ann\u00e9es comme \u00ab\u00a0moins stressantes\u00a0\u00bb alors qu'\u00a0\u00bbils grandissent dans une p\u00e9riode difficile, avec le changement climatique, plusieurs guerres\u00a0\u00bb. <\/p>\n<p class=\"lead \">Cet enseignant en \u00e9conomie de l&rsquo;industrie musicale a not\u00e9 depuis d\u00e9j\u00e0 plusieurs ann\u00e9es chez ses \u00e9tudiants un retour de la mode des ann\u00e9es 90, avec les jeans baggy et les \u00ab\u00a0bucket hats\u00a0\u00bb, les bobs, un incontournable pour Liam Gallagher quand il \u00e9tait au sommet de la gloire.<\/p>\n<p class=\"lead \">Plusieurs \u00e9tudiants de James Hannam iront au concert d&rsquo;Oasis. <\/p>\n<p class=\"lead \">\u00ab\u00a0Aussi bien les jeunes que les plus \u00e2g\u00e9s aiment l&rsquo;honn\u00eatet\u00e9 des fr\u00e8res Gallagher en interview. Ils disaient des choses choquantes\u00a0\u00bb, chose difficile \u00e0 imaginer avec les stars d&rsquo;aujourd&rsquo;hui et leur \u00ab\u00a0media training\u00a0\u00bb, observe James Hannam. <\/p>\n<p class=\"lead \">Julie Whiteman, professeure en marketing \u00e0 l&rsquo;universit\u00e9 de Birmingham, avait 20 ans en 1995 et elle n&rsquo;a jamais \u00e9t\u00e9 fan d&rsquo;Oasis. <\/p>\n<p class=\"lead \">Elle a bien not\u00e9 un retour des ann\u00e9es 90: \u00ab\u00a0c&rsquo;est dur d&rsquo;y \u00e9chapper\u00a0\u00bb. Mais pas de nostalgie de son c\u00f4t\u00e9: \u00ab\u00a0C&rsquo;\u00e9tait une p\u00e9riode assez misogyne, assez intol\u00e9rante. (&#8230;) Il y avait peu d&rsquo;espace pour s&rsquo;exprimer pour les femmes, pour ceux qui appartenaient \u00e0 une minorit\u00e9 ethnique, ou ceux qui n&rsquo;\u00e9taient pas h\u00e9t\u00e9rosexuels\u00a0\u00bb, d\u00e9taille-t-elle.<\/p>\n<p class=\"lead \">\u00ab\u00a0Ce n&rsquo;\u00e9tait pas seulement un moment cool\u00a0\u00bb, juge-t-elle. \u00ab\u00a0C&rsquo;\u00e9tait une \u00e9poque compliqu\u00e9e, comme le sont toutes les \u00e9poques\u00a0\u00bb.<\/p>\n<p class=\"small font-weight-bold text-gray3 \"> publi\u00e9 le 30 juin \u00e0 07h23, AFP<\/p>\n<p>                             Partager<\/p>\n","protected":false},"excerpt":{"rendered":"Un air des ann\u00e9es 1990 flotte cet \u00e9t\u00e9 sur le Royaume-Uni: Oasis et Pulp, groupes embl\u00e9matiques de la&hellip;\n","protected":false},"author":2,"featured_media":215097,"comment_status":"","ping_status":"","sticky":false,"template":"","format":"standard","meta":{"footnotes":""},"categories":[1355],"tags":[58,59,1011,27,6228,985,1361,873],"class_list":{"0":"post-215096","1":"post","2":"type-post","3":"status-publish","4":"format-standard","5":"has-post-thumbnail","7":"category-musique","8":"tag-divertissement","9":"tag-entertainment","10":"tag-fr","11":"tag-france","12":"tag-gb","13":"tag-mode","14":"tag-music","15":"tag-musique"},"share_on_mastodon":{"url":"https:\/\/pubeurope.com\/@fr\/114771068457685697","error":""},"_links":{"self":[{"href":"https:\/\/www.europesays.com\/fr\/wp-json\/wp\/v2\/posts\/215096","targetHints":{"allow":["GET"]}}],"collection":[{"href":"https:\/\/www.europesays.com\/fr\/wp-json\/wp\/v2\/posts"}],"about":[{"href":"https:\/\/www.europesays.com\/fr\/wp-json\/wp\/v2\/types\/post"}],"author":[{"embeddable":true,"href":"https:\/\/www.europesays.com\/fr\/wp-json\/wp\/v2\/users\/2"}],"replies":[{"embeddable":true,"href":"https:\/\/www.europesays.com\/fr\/wp-json\/wp\/v2\/comments?post=215096"}],"version-history":[{"count":0,"href":"https:\/\/www.europesays.com\/fr\/wp-json\/wp\/v2\/posts\/215096\/revisions"}],"wp:featuredmedia":[{"embeddable":true,"href":"https:\/\/www.europesays.com\/fr\/wp-json\/wp\/v2\/media\/215097"}],"wp:attachment":[{"href":"https:\/\/www.europesays.com\/fr\/wp-json\/wp\/v2\/media?parent=215096"}],"wp:term":[{"taxonomy":"category","embeddable":true,"href":"https:\/\/www.europesays.com\/fr\/wp-json\/wp\/v2\/categories?post=215096"},{"taxonomy":"post_tag","embeddable":true,"href":"https:\/\/www.europesays.com\/fr\/wp-json\/wp\/v2\/tags?post=215096"}],"curies":[{"name":"wp","href":"https:\/\/api.w.org\/{rel}","templated":true}]}}