{"id":215103,"date":"2025-06-30T07:15:16","date_gmt":"2025-06-30T07:15:16","guid":{"rendered":"https:\/\/www.europesays.com\/fr\/215103\/"},"modified":"2025-06-30T07:15:16","modified_gmt":"2025-06-30T07:15:16","slug":"des-chercheurs-font-une-decouverte-geologique-choquante-et-ca-implique-nos-dechets-industriels","status":"publish","type":"post","link":"https:\/\/www.europesays.com\/fr\/215103\/","title":{"rendered":"Des chercheurs font une d\u00e9couverte g\u00e9ologique choquante&#8230; Et \u00e7a implique nos d\u00e9chets industriels"},"content":{"rendered":"<p data-start=\"274\" data-end=\"764\"><strong>Pendant des si\u00e8cles, les<br \/>\ng\u00e9ologues ont cru que la formation des roches n\u00e9cessitait des<br \/>\nmilliers, voire des millions d\u2019ann\u00e9es. Mais une \u00e9tude r\u00e9cente vient<br \/>\nde bouleverser cette certitude fondamentale : dans certaines<br \/>\nconditions, des d\u00e9chets <a href=\"https:\/\/sciencepost.fr\/jetes-dans-la-nature-ces-dechets-ne-disparaitront-jamais-meme-apres-plusieurs-siecles\/\" target=\"_blank\" rel=\"noopener nofollow\">industriels<\/a> peuvent se<br \/>\ntransformer en roche\u2026 en \u00e0 peine 35 ans. Une d\u00e9couverte fascinante,<br \/>\nmais aussi inqui\u00e9tante, qui montre \u00e0 quel point l\u2019empreinte humaine<br \/>\ns\u2019inscrit d\u00e9sormais \u00e0 toute vitesse dans les archives g\u00e9ologiques<br \/>\nde notre plan\u00e8te.<\/strong><\/p>\n<p>Quand les d\u00e9chets deviennent<br \/>\ndes roches<\/p>\n<p data-start=\"814\" data-end=\"1267\">Tout commence sur la c\u00f4te<br \/>\nnord-ouest de l\u2019Angleterre, \u00e0 Derwent Howe, un site abandonn\u00e9<br \/>\nautrefois d\u00e9di\u00e9 \u00e0 la sid\u00e9rurgie. Aujourd\u2019hui, les falaises noires<br \/>\nde scories \u2013 ces r\u00e9sidus issus de la fusion du minerai de fer \u2013<br \/>\nsont battues par les vents et les vagues. Rien de tr\u00e8s \u00e9tonnant en<br \/>\napparence. Sauf que ces amas de d\u00e9chets sont en train de se<br \/>\ntransformer en roche solide, comme s\u2019il s\u2019agissait de s\u00e9diments<br \/>\nnaturels soumis aux forces du temps.<\/p>\n<p data-start=\"1269\" data-end=\"1564\">En <a href=\"https:\/\/www.gla.ac.uk\/news\/headline_1173682_en.html\" target=\"_blank\" rel=\"noopener nofollow\">\u00e9tudiant<\/a> ces formations \u00e9tranges,<br \/>\nAmanda Owen, s\u00e9dimentologue \u00e0 l\u2019Universit\u00e9 de Glasgow, et ses<br \/>\ncoll\u00e8gues ont identifi\u00e9 un processus de lithification acc\u00e9l\u00e9r\u00e9e. En<br \/>\nclair : ces d\u00e9chets industriels se sont solidifi\u00e9s pour former de<br \/>\nv\u00e9ritables roches en quelques d\u00e9cennies seulement.<\/p>\n<p>35 ans au lieu de plusieurs<br \/>\nmill\u00e9naires<\/p>\n<p data-start=\"1614\" data-end=\"2030\">Comment en \u00eatre si s\u00fbrs ?<br \/>\nGr\u00e2ce \u00e0 des indices\u2026 bien humains. Dans un \u00e9chantillon analys\u00e9, les<br \/>\nchercheurs ont d\u00e9couvert une pi\u00e8ce datant de 1934 et, surtout, une<br \/>\nlanguette de canette en aluminium dont le design n\u2019existait pas<br \/>\navant 1989. Or, cette languette \u00e9tait enfouie dans la roche<br \/>\nelle-m\u00eame, preuve irr\u00e9futable que la transformation s\u2019est produite<br \/>\napr\u00e8s son d\u00e9p\u00f4t, et donc en moins de 35 ans.<\/p>\n<p data-start=\"2032\" data-end=\"2147\">Un laps de temps d\u00e9risoire \u00e0<br \/>\nl\u2019\u00e9chelle de la g\u00e9ologie, qui force les scientifiques \u00e0 revoir<br \/>\nenti\u00e8rement leur copie.<\/p>\n<p>Le r\u00f4le de la mer et des<br \/>\nmin\u00e9raux<\/p>\n<p data-start=\"2191\" data-end=\"2516\">Mais comment expliquer une<br \/>\ntransformation aussi rapide ? Tout se joue dans la chimie des<br \/>\nscories et leur environnement c\u00f4tier. Les \u00e9chantillons pr\u00e9lev\u00e9s sur<br \/>\n13 sites diff\u00e9rents \u00e0 Derwent Howe ont \u00e9t\u00e9 pass\u00e9s au crible via des<br \/>\ntechniques avanc\u00e9es : microscopie \u00e9lectronique, diffraction des<br \/>\nrayons X et spectroscopie Raman.<\/p>\n<p data-start=\"2518\" data-end=\"3004\">Les r\u00e9sultats, publi\u00e9s dans la<br \/>\nrevue <a href=\"https:\/\/pubs.geoscienceworld.org\/gsa\/geology\/article-abstract\/doi\/10.1130\/G52895.1\/653591\/Evidence-for-a-rapid-anthropoclastic-rock-cycle?redirectedFrom=fulltext\" target=\"_blank\" rel=\"noopener nofollow\">Geology<\/a>, r\u00e9v\u00e8lent une forte<br \/>\npr\u00e9sence de calcium, magn\u00e9sium, fer et mangan\u00e8se. Sous l\u2019effet de<br \/>\nl\u2019eau de mer, ces \u00e9l\u00e9ments r\u00e9agissent pour former des<br \/>\nmin\u00e9raux-ciments naturels tels que la calcite, la goethite ou la<br \/>\nbrucite. Ces ciments agissent comme une colle, liant les grains<br \/>\nentre eux pour former une roche solide. Ce ph\u00e9nom\u00e8ne, bien connu<br \/>\ndans les cycles naturels, semble ici activ\u00e9 et acc\u00e9l\u00e9r\u00e9 par la<br \/>\ncomposition chimique sp\u00e9cifique des d\u00e9chets humains.<\/p>\n<p><img loading=\"lazy\" data-lazyloaded=\"1\" decoding=\"async\" class=\"wp-image-311922 size-full\" src=\"https:\/\/www.europesays.com\/fr\/wp-content\/uploads\/2025\/06\/XPJK6zuJraCdG7TKKyzShS.jpg\" alt=\"d\u00e9chets roches\" width=\"650\" height=\"366\"  data-\/><br \/>\nLes analyses des chercheurs ont r\u00e9v\u00e9l\u00e9 que les scories peuvent se<br \/>\nlithifier en seulement 35 ans. Cr\u00e9dit image : Universit\u00e9 de<br \/>\nGlasgowUn nouveau cycle g\u00e9ologique :<br \/>\nle cycle anthropoclastique<\/p>\n<p data-start=\"3071\" data-end=\"3354\">Ce processus in\u00e9dit a<br \/>\nd\u00e9sormais un nom : le cycle rapide des roches anthropoclastiques.<br \/>\nIl s\u2019agit d\u2019un cycle g\u00e9ologique enti\u00e8rement induit par l\u2019activit\u00e9<br \/>\nhumaine, qui transforme nos rebuts industriels en roches en<br \/>\nquelques d\u00e9cennies. Une r\u00e9volution conceptuelle pour la<br \/>\ng\u00e9ologie.<\/p>\n<p data-start=\"3356\" data-end=\"3584\">\u00ab Ce que nous avons<br \/>\nobserv\u00e9, c\u2019est une forme acc\u00e9l\u00e9r\u00e9e de lithification. Les mat\u00e9riaux<br \/>\nd\u2019origine humaine sont en train de s\u2019int\u00e9grer au cycle g\u00e9ologique<br \/>\nterrestre bien plus vite qu\u2019on ne l\u2019aurait imagin\u00e9 \u00bb, explique<br \/>\nAmanda Owen.<\/p>\n<p>Une archive g\u00e9ologique de<br \/>\nl\u2019Anthropoc\u00e8ne<\/p>\n<p data-start=\"3636\" data-end=\"3907\">Ce ph\u00e9nom\u00e8ne n\u2019est pas<br \/>\nseulement scientifique. Il est aussi symbolique. Il montre que nous<br \/>\nsommes entr\u00e9s dans une nouvelle \u00e8re g\u00e9ologique, celle de<br \/>\nl\u2019Anthropoc\u00e8ne, o\u00f9 les traces de l\u2019humanit\u00e9 sont si massives<br \/>\nqu\u2019elles s\u2019impriment dans les couches g\u00e9ologiques.<\/p>\n<p data-start=\"3909\" data-end=\"4128\">\u00ab C\u2019est un exemple<br \/>\nmicroscopique, mais tr\u00e8s clair, de la fa\u00e7on dont nos activit\u00e9s<br \/>\nfiniront t\u00f4t ou tard par se fossiliser \u00bb, commente John<br \/>\nMacDonald, co-auteur de l\u2019\u00e9tude et sp\u00e9cialiste des g\u00e9omat\u00e9riaux<br \/>\nanthropiques.<\/p>\n<p data-start=\"4130\" data-end=\"4425\">Et il ne s\u2019agit pas d\u2019un cas<br \/>\nisol\u00e9. Des ph\u00e9nom\u00e8nes similaires ont \u00e9t\u00e9 observ\u00e9s sur d\u2019autres<br \/>\nlittoraux industriels, notamment \u00e0 Gorrondatxe, en Espagne. Partout<br \/>\no\u00f9 des d\u00e9chets m\u00e9tallurgiques entrent en contact avec un<br \/>\nenvironnement marin, ce type de lithification rapide pourrait se<br \/>\nproduire.<\/p>\n<p>Une urgence environnementale<br \/>\net r\u00e9glementaire<\/p>\n<p data-start=\"4481\" data-end=\"4834\">Au-del\u00e0 de la surprise<br \/>\nscientifique, cette d\u00e9couverte soul\u00e8ve aussi de s\u00e9rieuses questions<br \/>\nenvironnementales. Si les d\u00e9chets deviennent rapidement des roches,<br \/>\ncela signifie qu\u2019ils peuvent pi\u00e9ger des substances toxiques dans<br \/>\ndes formations apparemment stables. Mais aussi qu\u2019ils modifient les<br \/>\n\u00e9cosyst\u00e8mes de fa\u00e7on durable, voire irr\u00e9versible.<\/p>\n<p data-start=\"4836\" data-end=\"5055\">Pour les scientifiques, cette<br \/>\n\u00e9tude envoie un signal fort : les industriels et les gouvernements<br \/>\ndisposent de beaucoup moins de temps qu\u2019on ne le pensait pour agir<br \/>\nsur les d\u00e9chets et leurs cons\u00e9quences \u00e0 long terme.<\/p>\n","protected":false},"excerpt":{"rendered":"Pendant des si\u00e8cles, les g\u00e9ologues ont cru que la formation des roches n\u00e9cessitait des milliers, voire des millions&hellip;\n","protected":false},"author":2,"featured_media":215104,"comment_status":"","ping_status":"","sticky":false,"template":"","format":"standard","meta":{"footnotes":""},"categories":[7],"tags":[1011,27,43,40,41,39,42,44],"class_list":{"0":"post-215103","1":"post","2":"type-post","3":"status-publish","4":"format-standard","5":"has-post-thumbnail","7":"category-sciences-et-technologies","8":"tag-fr","9":"tag-france","10":"tag-science","11":"tag-science-and-technology","12":"tag-sciences","13":"tag-sciences-et-technologies","14":"tag-technologies","15":"tag-technology"},"share_on_mastodon":{"url":"https:\/\/pubeurope.com\/@fr\/114771088163433767","error":""},"_links":{"self":[{"href":"https:\/\/www.europesays.com\/fr\/wp-json\/wp\/v2\/posts\/215103","targetHints":{"allow":["GET"]}}],"collection":[{"href":"https:\/\/www.europesays.com\/fr\/wp-json\/wp\/v2\/posts"}],"about":[{"href":"https:\/\/www.europesays.com\/fr\/wp-json\/wp\/v2\/types\/post"}],"author":[{"embeddable":true,"href":"https:\/\/www.europesays.com\/fr\/wp-json\/wp\/v2\/users\/2"}],"replies":[{"embeddable":true,"href":"https:\/\/www.europesays.com\/fr\/wp-json\/wp\/v2\/comments?post=215103"}],"version-history":[{"count":0,"href":"https:\/\/www.europesays.com\/fr\/wp-json\/wp\/v2\/posts\/215103\/revisions"}],"wp:featuredmedia":[{"embeddable":true,"href":"https:\/\/www.europesays.com\/fr\/wp-json\/wp\/v2\/media\/215104"}],"wp:attachment":[{"href":"https:\/\/www.europesays.com\/fr\/wp-json\/wp\/v2\/media?parent=215103"}],"wp:term":[{"taxonomy":"category","embeddable":true,"href":"https:\/\/www.europesays.com\/fr\/wp-json\/wp\/v2\/categories?post=215103"},{"taxonomy":"post_tag","embeddable":true,"href":"https:\/\/www.europesays.com\/fr\/wp-json\/wp\/v2\/tags?post=215103"}],"curies":[{"name":"wp","href":"https:\/\/api.w.org\/{rel}","templated":true}]}}