{"id":215111,"date":"2025-06-30T07:20:11","date_gmt":"2025-06-30T07:20:11","guid":{"rendered":"https:\/\/www.europesays.com\/fr\/215111\/"},"modified":"2025-06-30T07:20:11","modified_gmt":"2025-06-30T07:20:11","slug":"les-festivites-de-la-vogue-des-noix-deja-sur-les-rails","status":"publish","type":"post","link":"https:\/\/www.europesays.com\/fr\/215111\/","title":{"rendered":"les festivit\u00e9s de la Vogue des Noix d\u00e9j\u00e0 sur les rails"},"content":{"rendered":"<p>Alors que l\u2019\u00e9t\u00e9 vient de commencer et que le mois de juillet pointe son nez, l\u2019automne nous semble encore bien loin. Tout comme les festivit\u00e9s de la vogue des Noix et son traditionnel corso.<\/p>\n<p>\u00ab\u00a0Il faut \u00eatre tr\u00e8s r\u00e9actif pour r\u00e9server les troupes internationales\u00a0\u00bb<\/p>\n<p>Pourtant, \u00e0 peine l\u2019\u00e9dition 2024 \u00e9tait-elle termin\u00e9e que l\u2019\u00e9quipe organisatrice se mettait au boulot pour l\u2019ann\u00e9e suivante. Et, \u00e0 quelques d\u00e9tails pr\u00e8s, le comit\u00e9 des f\u00eates a d\u00e9j\u00e0 tout boucl\u00e9, trois mois avant le lancement.<\/p>\n<p>Il suffit d\u2019ailleurs de&#8230;<\/p>\n","protected":false},"excerpt":{"rendered":"Alors que l\u2019\u00e9t\u00e9 vient de commencer et que le mois de juillet pointe son nez, l\u2019automne nous semble&hellip;\n","protected":false},"author":2,"featured_media":215112,"comment_status":"","ping_status":"","sticky":false,"template":"","format":"standard","meta":{"footnotes":""},"categories":[9653],"tags":[1111,11,2430,1687,7539,1777,674,3326,10282,10283,1011,27,12,25,4001,104,1631],"class_list":{"0":"post-215111","1":"post","2":"type-post","3":"status-publish","4":"format-standard","5":"has-post-thumbnail","7":"category-saint-etienne","8":"tag-actu","9":"tag-actualites","10":"tag-auvergne-rhone-alpes","11":"tag-culture-loisirs","12":"tag-edition-loire-sud","13":"tag-eu","14":"tag-europe","15":"tag-fete-locale","16":"tag-firminy","17":"tag-firminy-ville","18":"tag-fr","19":"tag-france","20":"tag-news","21":"tag-republique-francaise","22":"tag-saint-etienne","23":"tag-societe","24":"tag-vie-associative"},"share_on_mastodon":{"url":"https:\/\/pubeurope.com\/@fr\/114771107737792278","error":""},"_links":{"self":[{"href":"https:\/\/www.europesays.com\/fr\/wp-json\/wp\/v2\/posts\/215111","targetHints":{"allow":["GET"]}}],"collection":[{"href":"https:\/\/www.europesays.com\/fr\/wp-json\/wp\/v2\/posts"}],"about":[{"href":"https:\/\/www.europesays.com\/fr\/wp-json\/wp\/v2\/types\/post"}],"author":[{"embeddable":true,"href":"https:\/\/www.europesays.com\/fr\/wp-json\/wp\/v2\/users\/2"}],"replies":[{"embeddable":true,"href":"https:\/\/www.europesays.com\/fr\/wp-json\/wp\/v2\/comments?post=215111"}],"version-history":[{"count":0,"href":"https:\/\/www.europesays.com\/fr\/wp-json\/wp\/v2\/posts\/215111\/revisions"}],"wp:featuredmedia":[{"embeddable":true,"href":"https:\/\/www.europesays.com\/fr\/wp-json\/wp\/v2\/media\/215112"}],"wp:attachment":[{"href":"https:\/\/www.europesays.com\/fr\/wp-json\/wp\/v2\/media?parent=215111"}],"wp:term":[{"taxonomy":"category","embeddable":true,"href":"https:\/\/www.europesays.com\/fr\/wp-json\/wp\/v2\/categories?post=215111"},{"taxonomy":"post_tag","embeddable":true,"href":"https:\/\/www.europesays.com\/fr\/wp-json\/wp\/v2\/tags?post=215111"}],"curies":[{"name":"wp","href":"https:\/\/api.w.org\/{rel}","templated":true}]}}