{"id":215117,"date":"2025-06-30T07:24:25","date_gmt":"2025-06-30T07:24:25","guid":{"rendered":"https:\/\/www.europesays.com\/fr\/215117\/"},"modified":"2025-06-30T07:24:25","modified_gmt":"2025-06-30T07:24:25","slug":"meurthe-et-moselle-le-departement-en-vigilance-orange-canicule","status":"publish","type":"post","link":"https:\/\/www.europesays.com\/fr\/215117\/","title":{"rendered":"Meurthe-et-Moselle. Le d\u00e9partement en vigilance orange canicule"},"content":{"rendered":"<p>Il grimpe, il grimpe et n\u2019en finit pas de grimper le mercure (aujourd\u2019hui le galinstan) des thermom\u00e8tres depuis plusieurs jours.<\/p>\n<p>Ce contenu est bloqu\u00e9 car vous n&rsquo;avez pas accept\u00e9 les cookies et autres traceurs.<\/p>\n<p>En cliquant sur \u00ab J\u2019accepte \u00bb, les cookies et autres traceurs seront d\u00e9pos\u00e9s et vous pourrez visualiser les contenus  (<a href=\"\" class=\"consentModule_policy\" target=\"_blank\" title=\"Consulter la politique de protection des donn\u00e9es du fournisseur\">plus d&rsquo;informations<\/a>).<\/p>\n<p>En cliquant sur \u00ab J\u2019accepte tous les cookies \u00bb, vous autorisez des d\u00e9p\u00f4ts de cookies et autres traceurs pour le stockage de vos donn\u00e9es sur nos sites et applications \u00e0 des fins de personnalisation et de ciblage publicitaire.<\/p>\n<p class=\"consentModule_secondaryText\">Vous gardez la possibilit\u00e9 de retirer votre consentement \u00e0 tout moment en consultant notre <a href=\"https:\/\/www.estrepublicain.fr\/protection-des-donnees\" target=\"_blank\" title=\"Consulter notre politique de protection des donn\u00e9es\" rel=\"noopener\">politique de protection des donn\u00e9es<\/a>. <br \/>&#13;<br \/>\n            <a href=\"https:\/\/www.estrepublicain.fr\/environnement\/2025\/06\/29\/javascript:Didomi.notice.show()\" class=\"consentModule_cmp\" target=\"_blank\" rel=\"noopener\">G\u00e9rer mes choix<\/a>&#13;\n        <\/p>\n<p>&#13;<br \/>\n                        J&rsquo;accepte&#13;<br \/>\n            J&rsquo;accepte tous les cookies&#13;\n        <\/p>\n<p>  Jusqu\u2019\u00e0 39\u00b0C<\/p>\n<p>Jusque-l\u00e0 en vigilance jaune, M\u00e9t\u00e9o France place la Meurthe-et-Moselle en vigilance orange canicule \u00e0 partir de ce lundi 30\u00a0juin, 12\u00a0h. Les temp\u00e9ratures devraient atteindre des maximales comprises entre 34 et 38 \u00b0, et m\u00eame ponctuellement 39\u00a0\u00b0C.<\/p>\n<p>Avec cette \u00e9volution du jaune vers l\u2019orange, la Meurthe-et-Moselle fait partie des 84 d\u00e9partements, (73 en ce dimanche 29\u00a0juin) qui seront en vigilance orange \u00e0 partir de ce lundi \u00e0 la mi-journ\u00e9e.<\/p>\n<p>  Mardi et mercredi tr\u00e8s chauds<\/p>\n<p>L\u2019\u00e9pisode de chaleur doit se poursuivre et s\u2019intensifier au moins jusqu\u2019au milieu de semaine prochaine, mardi et mercredi devraient \u00eatre les journ\u00e9es les plus chaudes de la semaine.<\/p>\n<p>La pr\u00e9fecture recommande une attention particuli\u00e8re aux personnes fragiles et isol\u00e9es.<\/p>\n<p>Il est conseill\u00e9 de ne pas sortir aux heures les plus chaudes et de limiter ses activit\u00e9s physiques. De se rendre dans un endroit frais ou climatis\u00e9 2 \u00e0 3 heures par jour (magasins, mus\u00e9es, cin\u00e9mas\u2026).<\/p>\n<p>Et surtout de boire r\u00e9guli\u00e8rement de l\u2019eau.<\/p>\n","protected":false},"excerpt":{"rendered":"Il grimpe, il grimpe et n\u2019en finit pas de grimper le mercure (aujourd\u2019hui le galinstan) des thermom\u00e8tres depuis&hellip;\n","protected":false},"author":2,"featured_media":215118,"comment_status":"","ping_status":"","sticky":false,"template":"","format":"standard","meta":{"footnotes":""},"categories":[9635],"tags":[1111,11,6698,1707,1704,1706,1705,436,1777,674,1011,27,775,8423,1702,1703,12,25],"class_list":{"0":"post-215117","1":"post","2":"type-post","3":"status-publish","4":"format-standard","5":"has-post-thumbnail","7":"category-nancy","8":"tag-actu","9":"tag-actualites","10":"tag-canicule","11":"tag-edition-luneville","12":"tag-edition-nancy-et-agglomeration","13":"tag-edition-pont-a-mousson","14":"tag-edition-toul","15":"tag-environnement","16":"tag-eu","17":"tag-europe","18":"tag-fr","19":"tag-france","20":"tag-grand-est","21":"tag-meteorologie-climat","22":"tag-nancy","23":"tag-nancy-ville-54b","24":"tag-news","25":"tag-republique-francaise"},"share_on_mastodon":{"url":"https:\/\/pubeurope.com\/@fr\/114771123484771458","error":""},"_links":{"self":[{"href":"https:\/\/www.europesays.com\/fr\/wp-json\/wp\/v2\/posts\/215117","targetHints":{"allow":["GET"]}}],"collection":[{"href":"https:\/\/www.europesays.com\/fr\/wp-json\/wp\/v2\/posts"}],"about":[{"href":"https:\/\/www.europesays.com\/fr\/wp-json\/wp\/v2\/types\/post"}],"author":[{"embeddable":true,"href":"https:\/\/www.europesays.com\/fr\/wp-json\/wp\/v2\/users\/2"}],"replies":[{"embeddable":true,"href":"https:\/\/www.europesays.com\/fr\/wp-json\/wp\/v2\/comments?post=215117"}],"version-history":[{"count":0,"href":"https:\/\/www.europesays.com\/fr\/wp-json\/wp\/v2\/posts\/215117\/revisions"}],"wp:featuredmedia":[{"embeddable":true,"href":"https:\/\/www.europesays.com\/fr\/wp-json\/wp\/v2\/media\/215118"}],"wp:attachment":[{"href":"https:\/\/www.europesays.com\/fr\/wp-json\/wp\/v2\/media?parent=215117"}],"wp:term":[{"taxonomy":"category","embeddable":true,"href":"https:\/\/www.europesays.com\/fr\/wp-json\/wp\/v2\/categories?post=215117"},{"taxonomy":"post_tag","embeddable":true,"href":"https:\/\/www.europesays.com\/fr\/wp-json\/wp\/v2\/tags?post=215117"}],"curies":[{"name":"wp","href":"https:\/\/api.w.org\/{rel}","templated":true}]}}