{"id":215119,"date":"2025-06-30T07:25:09","date_gmt":"2025-06-30T07:25:09","guid":{"rendered":"https:\/\/www.europesays.com\/fr\/215119\/"},"modified":"2025-06-30T07:25:09","modified_gmt":"2025-06-30T07:25:09","slug":"lordre-de-meduse-qui-oeuvre-a-la-renommee-des-vins-de-provence-tenait-son-rv-estival-ce-week-end-a-vidauban","status":"publish","type":"post","link":"https:\/\/www.europesays.com\/fr\/215119\/","title":{"rendered":"L\u2019Ordre de M\u00e9duse, qui \u0153uvre \u00e0 la renomm\u00e9e des vins de Provence, tenait son RV estival ce week-end \u00e0 Vidauban"},"content":{"rendered":"<p>C\u2019est l\u2019invit\u00e9 d\u2019honneur. Au moment d\u2019\u00eatre fait Chevalier de culture et de tradition de l\u2019Ordre illustre des chevaliers de M\u00e9duse, Marc Lesk ne boude pas son plaisir. R\u00e9cent pr\u00e9sident de la F\u00e9d\u00e9ration internationale des confr\u00e9ries bachiques (FICB), il participait ce samedi 28 juin au chapitre estival de cette soci\u00e9t\u00e9 qui promeut le patrimoine, l\u2019art de vivre et les vins proven\u00e7aux, des vins de Bandol \u00e0 ceux de Bellet, en passant \u00e9videmment par les C\u00f4tes de Provence et les Coteaux varois, mais aussi les plus petites appellations que sont Cassis et Palette.<\/p>\n<p>Accueillis au Domaine R\u00e9gis Fr\u00e8res de Vidauban, les chevaliers de M\u00e9duse ont ainsi proc\u00e9d\u00e9 \u00e0 l\u2019intronisation de six nouveaux membres et \u00e0 la traditionnelle \u00e9l\u00e9vation au grade d\u2019officier pour six d\u2019entre eux. \u00c9ric Pastorino, pr\u00e9sident du Comit\u00e9 interprofessionnel des vins de Provence, et Laurent Bunan, des domaines du m\u00eame nom, ont, eux, re\u00e7u le grade de commandeur.<\/p>\n<p>              <img ci-src=\"https:\/\/www.varmatin.com\/faits-de-societe\/protec\/DATA_ART_15808668-4bnzwOoc.jpg?vh=09122c&amp;ci_seal=ea5ffc6d4a\" alt=\"\"\/><br \/>\n        Marc Lesk est le pr\u00e9sident de la F\u00e9d\u00e9ration internationale des confr\u00e9ries bachiques. <strong>Photo Florian Escoffier.<\/strong> <\/p>\n<p>Lui-m\u00eame membre d\u2019une vingtaine de confr\u00e9ries, Marc Lesk revient sur le r\u00f4le que celles-ci tiennent dans le monde du vin.<\/p>\n<p><strong>Pourquoi le monde du vin a-t-il besoin des confr\u00e9ries? Qu\u2019apportent-elles de plus ou de diff\u00e9rent des syndicats ou des appellations?<\/strong><\/p>\n<p>L\u2019id\u00e9e, c\u2019est de promouvoir une philosophie du vin. De rappeler que le vin, ce n\u2019est pas qu\u2019une production, un commerce, une consommation, mais aussi une histoire, une civilisation. Bref, une culture. Donc, quand vous allez sur un salon, que vous voyez des gens en costume porteurs, ils apportent une dimension suppl\u00e9mentaire.<\/p>\n<p><strong>Les confr\u00e9ries adh\u00e9rentes de la FICB signent une charte les engageant sur des valeurs et des objectifs. Lesquels?<\/strong><\/p>\n<p>Notre objectif, c\u2019est de partager l\u2019amour et la raison du vin, qui s\u2019expriment dans trois dimensions: l\u2019esth\u00e9tique, le soci\u00e9tal et l\u2019ivresse. L\u2019esth\u00e9tique dans la richesse aromatique, comme en parfumerie. Le soci\u00e9tal, parce que le vin est tr\u00e8s li\u00e9 \u00e0 l\u2019amiti\u00e9: partout, quand on trinque, on dit \u00ab\u00a0sant\u00e9!\u00a0\u00bb et c\u2019est la plus belle chose qu\u2019on peut souhaiter \u00e0 quelqu\u2019un. Et enfin l\u2019ivresse, dans le sens de l\u2019aventure, de larguer les amarres sans aller dans la temp\u00eate. C\u2019est \u00e7a, la \u00ab\u00a0raison du vin\u00a0\u00bb, qui justifie que nous soyons aussi signataires d\u2019une charte sur la mod\u00e9ration.<\/p>\n<p>Les objectifs sont donc de promouvoir les traditions, tout en cultivant la convivialit\u00e9.<\/p>\n<p><strong>En 2024, la production mondiale de vin a chut\u00e9, comme c\u2019est le cas depuis plusieurs ann\u00e9es. Quel r\u00f4le la FICB peut-elle tenir pour inverser la tendance?<\/strong><\/p>\n<p>L\u2019un des enjeux des confr\u00e9ries, c\u2019est d\u2019attirer des gens plus jeunes. Car, soyons honn\u00eates, ceux qui sont dans les confr\u00e9ries bachiques ou gastronomiques sont souvent plut\u00f4t \u00e2g\u00e9s. On voit notamment que quand des initiations \u00e0 la d\u00e9gustation sont organis\u00e9es, elles attirent des personnes plus jeunes. C\u2019est une solution que nous pouvons mettre en avant pour int\u00e9resser au vin, en faisant rayonner les terroirs.<\/p>\n<p><strong>M\u00e9duse est l\u2019une des plus anciennes soci\u00e9t\u00e9s bachiques de France et cofondatrice de votre f\u00e9d\u00e9ration: quelles sont ses forces selon vous?<\/strong><\/p>\n<p>C\u2019est une confr\u00e9rie extr\u00eamement brillante avec une magnifique histoire. Et en m\u00eame temps, avec un terroir cons\u00e9quent, puisque \u00e7a couvre toute la Provence, jusqu\u2019\u00e0 Nice. D\u2019ailleurs, elle rayonne dans beaucoup d\u2019endroits et m\u00eame \u00e0 travers le monde puisqu\u2019un de ses prieur\u00e9s est install\u00e9 \u00e0 bord de The World, un paquebot de luxe en copropri\u00e9t\u00e9 qui sillonne les mers: partout o\u00f9 ils vont, ils font la promotion des vins de Provence.<\/p>\n","protected":false},"excerpt":{"rendered":"C\u2019est l\u2019invit\u00e9 d\u2019honneur. Au moment d\u2019\u00eatre fait Chevalier de culture et de tradition de l\u2019Ordre illustre des chevaliers&hellip;\n","protected":false},"author":2,"featured_media":215120,"comment_status":"","ping_status":"","sticky":false,"template":"","format":"standard","meta":{"footnotes":""},"categories":[9619],"tags":[1111,11,327,1777,674,332,1011,27,12,882,25,2310],"class_list":{"0":"post-215119","1":"post","2":"type-post","3":"status-publish","4":"format-standard","5":"has-post-thumbnail","7":"category-toulon","8":"tag-actu","9":"tag-actualites","10":"tag-agriculture","11":"tag-eu","12":"tag-europe","13":"tag-faits-de-societe","14":"tag-fr","15":"tag-france","16":"tag-news","17":"tag-provence-alpes-cote-dazur","18":"tag-republique-francaise","19":"tag-toulon"},"share_on_mastodon":{"url":"https:\/\/pubeurope.com\/@fr\/114771127597873323","error":""},"_links":{"self":[{"href":"https:\/\/www.europesays.com\/fr\/wp-json\/wp\/v2\/posts\/215119","targetHints":{"allow":["GET"]}}],"collection":[{"href":"https:\/\/www.europesays.com\/fr\/wp-json\/wp\/v2\/posts"}],"about":[{"href":"https:\/\/www.europesays.com\/fr\/wp-json\/wp\/v2\/types\/post"}],"author":[{"embeddable":true,"href":"https:\/\/www.europesays.com\/fr\/wp-json\/wp\/v2\/users\/2"}],"replies":[{"embeddable":true,"href":"https:\/\/www.europesays.com\/fr\/wp-json\/wp\/v2\/comments?post=215119"}],"version-history":[{"count":0,"href":"https:\/\/www.europesays.com\/fr\/wp-json\/wp\/v2\/posts\/215119\/revisions"}],"wp:featuredmedia":[{"embeddable":true,"href":"https:\/\/www.europesays.com\/fr\/wp-json\/wp\/v2\/media\/215120"}],"wp:attachment":[{"href":"https:\/\/www.europesays.com\/fr\/wp-json\/wp\/v2\/media?parent=215119"}],"wp:term":[{"taxonomy":"category","embeddable":true,"href":"https:\/\/www.europesays.com\/fr\/wp-json\/wp\/v2\/categories?post=215119"},{"taxonomy":"post_tag","embeddable":true,"href":"https:\/\/www.europesays.com\/fr\/wp-json\/wp\/v2\/tags?post=215119"}],"curies":[{"name":"wp","href":"https:\/\/api.w.org\/{rel}","templated":true}]}}