{"id":215123,"date":"2025-06-30T07:27:08","date_gmt":"2025-06-30T07:27:08","guid":{"rendered":"https:\/\/www.europesays.com\/fr\/215123\/"},"modified":"2025-06-30T07:27:08","modified_gmt":"2025-06-30T07:27:08","slug":"un-cadavre-decouvert-dans-les-decombres-dune-villa-en-feu","status":"publish","type":"post","link":"https:\/\/www.europesays.com\/fr\/215123\/","title":{"rendered":"un cadavre d\u00e9couvert dans les d\u00e9combres d&rsquo;une villa en feu"},"content":{"rendered":"<p>            Par<br \/>\n        <strong><br \/>\n            <a href=\"https:\/\/actu.fr\/auteur\/jm-aubert\" title=\"Consulter tous les articles de Jean-Marc Aubert\" rel=\"nofollow noopener\" target=\"_blank\">Jean-Marc Aubert<\/a><br \/>\n        <\/strong><\/p>\n<p>        Publi\u00e9 le<\/p>\n<p>            30 juin 2025 \u00e0 7h30<br \/>\n        ; mis \u00e0 jour le 30 juin 2025 \u00e0 8h25    <\/p>\n<p>\/ INFO M\u00c9TROPOLITAIN \/\u00a0<\/p>\n<p class=\" wall-content\">Un <strong>cadavre<\/strong> a \u00e9t\u00e9 d\u00e9couvert, en cette nuit de dimanche 29 \u00e0 ce lundi, 30 juin 2025 dans les d\u00e9combres d\u2019une villa ravag\u00e9e par le <strong>feu,<\/strong> dans la commune de <strong>Castelnau-le-Lez,<\/strong> aux portes nord-est de Montpellier.<\/p>\n<p class=\" wall-content\">L\u2019alerte au <strong>Sdis 34<\/strong> a \u00e9t\u00e9 donn\u00e9e vers 2h30 et \u00e0 l\u2019arriv\u00e9e des sapeurs-pompiers, l\u2019habitation. situ\u00e9e non loin de l\u2019avenue de l\u2019Europe, \u00e0 l\u2019angle de l\u2019avenue du Jeu de Mail et de l\u2019impasse de la Musaraigne \u00e9tait en flammes.<\/p>\n<p>    <a href=\"https:\/\/www.google.com\/maps\/embed?pb=!1m18!1m12!1m3!1d5115.751692064261!2d3.903397753494684!3d43.632551469171446!2m3!1f0!2f0!3f0!3m2!1i1024!2i768!4f13.1!3m3!1m2!1s0x12b6af5f509fe3cd%3A0xd71c528a7e266987!2sImp.%20de%20la%20Musaraigne%2C%2034170%20Castelnau-le-Lez!5e0!3m2!1sfr!2sfr!4v1751261333006!5m2!1sfr!2sfr\" title=\"Ouvrie le lien\" rel=\"nofollow noopener\" target=\"_blank\">Cliquez ici pour visualiser le contenu<\/a><\/p>\n<p class=\" wall-content\">Une fois ce violent incendie ma\u00eetris\u00e9, les pompiers ont effectu\u00e9 une reconnaissance des lieux. Ils ont alors retrouv\u00e9 un corps carbonis\u00e9 dans les d\u00e9combres. La victime, non identifiable formellement \u00e9tait d\u00e9c\u00e9d\u00e9e. Les <strong>gendarmes<\/strong> de la compagnie de Castelnau-le-Lez et les techniciens scientifiques de la cellule d\u2019identification criminelle -CIC- du groupement de gendarmerie de l\u2019H\u00e9rault sont \u00e0 pied d\u2019oeuvre, ce lundi matin, pour isoler l\u2019endroit d\u2019o\u00f9 le feu est parti, \u00e9tablir sa cause et d\u00e9terminer si la personne retrouv\u00e9e morte est le propri\u00e9taire.<\/p>\n<p>Autopsie\u00a0<\/p>\n<p class=\" wall-content\">C\u2019est cette piste qui est privil\u00e9gi\u00e9e, les voisins ayant indiqu\u00e9 que cette maison \u00e9tait habit\u00e9e par un homme seul. Une <strong>autopsie<\/strong> sera pratiqu\u00e9e dans la semaine au D\u00e9partement de m\u00e9decine l\u00e9gale du CHU de Montpellier pour confirmer s\u2019il s\u2019agit bien du propri\u00e9taire des lieux.<\/p>\n<p class=\" wall-content\">Ce sont eux qui ont appel\u00e9 les pompiers en entendant comme des d\u00e9tonations, selon nos informations, laissant penser \u00e0 l\u2019explosion de bouteilles de gaz. Quand le premier engin du Sdis 34 est arriv\u00e9, l\u2019habitation. \u00e9tait enti\u00e8rement embras\u00e9e.<\/p>\n<p>Vid\u00e9os : en ce moment sur Actu<\/p>\n<p class=\" wall-content\">C\u2019est le deuxi\u00e8me important incendie d\u2019habitation \u00e0 Castelnau-le-Lez apr\u00e8s celui, samedi apr\u00e8s-midi d\u2019une villa de 200m, enti\u00e8rement d\u00e9truite, ainsi qu\u2019une quinzaine de v\u00e9hicules d\u2019un garage de contr\u00f4le technique, \u00e0 proximit\u00e9 du Palais des Sports. Une enqu\u00eate est en cours pour d\u00e9terminer l\u2019origine de l\u2019incendie.<\/p>\n<p class=\" wall-content\">Suivez toute l\u2019actualit\u00e9 de vos villes et m\u00e9dias favoris en vous inscrivant \u00e0 <a href=\"https:\/\/moncompte.actu.fr\" title=\"D\u00e9couvez Mon Actu\" rel=\"nofollow noopener\" data-trk=\"{&quot;cta&quot;:{&quot;action&quot;:&quot;https:\\\/\\\/moncompte.actu.fr&quot;,&quot;category&quot;:&quot;mon compte&quot;,&quot;from&quot;:&quot;article footer&quot;,&quot;name&quot;:&quot;Mon actu&quot;,&quot;type&quot;:&quot;cta&quot;}}\" target=\"_blank\">Mon Actu<\/a>.<\/p>\n","protected":false},"excerpt":{"rendered":"Par Jean-Marc Aubert Publi\u00e9 le 30 juin 2025 \u00e0 7h30 ; mis \u00e0 jour le 30 juin 2025&hellip;\n","protected":false},"author":2,"featured_media":215124,"comment_status":"","ping_status":"","sticky":false,"template":"","format":"standard","meta":{"footnotes":""},"categories":[9599],"tags":[1111,11,1777,674,118,1011,27,3381,1310,2208,12,2680,1311,25],"class_list":{"0":"post-215123","1":"post","2":"type-post","3":"status-publish","4":"format-standard","5":"has-post-thumbnail","7":"category-montpellier","8":"tag-actu","9":"tag-actualites","10":"tag-eu","11":"tag-europe","12":"tag-faits-divers","13":"tag-fr","14":"tag-france","15":"tag-gendarmerie","16":"tag-incendie","17":"tag-montpellier","18":"tag-news","19":"tag-occitanie","20":"tag-pompiers","21":"tag-republique-francaise"},"share_on_mastodon":{"url":"https:\/\/pubeurope.com\/@fr\/114771135304260425","error":""},"_links":{"self":[{"href":"https:\/\/www.europesays.com\/fr\/wp-json\/wp\/v2\/posts\/215123","targetHints":{"allow":["GET"]}}],"collection":[{"href":"https:\/\/www.europesays.com\/fr\/wp-json\/wp\/v2\/posts"}],"about":[{"href":"https:\/\/www.europesays.com\/fr\/wp-json\/wp\/v2\/types\/post"}],"author":[{"embeddable":true,"href":"https:\/\/www.europesays.com\/fr\/wp-json\/wp\/v2\/users\/2"}],"replies":[{"embeddable":true,"href":"https:\/\/www.europesays.com\/fr\/wp-json\/wp\/v2\/comments?post=215123"}],"version-history":[{"count":0,"href":"https:\/\/www.europesays.com\/fr\/wp-json\/wp\/v2\/posts\/215123\/revisions"}],"wp:featuredmedia":[{"embeddable":true,"href":"https:\/\/www.europesays.com\/fr\/wp-json\/wp\/v2\/media\/215124"}],"wp:attachment":[{"href":"https:\/\/www.europesays.com\/fr\/wp-json\/wp\/v2\/media?parent=215123"}],"wp:term":[{"taxonomy":"category","embeddable":true,"href":"https:\/\/www.europesays.com\/fr\/wp-json\/wp\/v2\/categories?post=215123"},{"taxonomy":"post_tag","embeddable":true,"href":"https:\/\/www.europesays.com\/fr\/wp-json\/wp\/v2\/tags?post=215123"}],"curies":[{"name":"wp","href":"https:\/\/api.w.org\/{rel}","templated":true}]}}