{"id":215129,"date":"2025-06-30T07:30:10","date_gmt":"2025-06-30T07:30:10","guid":{"rendered":"https:\/\/www.europesays.com\/fr\/215129\/"},"modified":"2025-06-30T07:30:10","modified_gmt":"2025-06-30T07:30:10","slug":"la-metropole-de-rouen-vote-sur-la-gratuite-des-transports-en-commun-pour-les-moins-de-18-ans","status":"publish","type":"post","link":"https:\/\/www.europesays.com\/fr\/215129\/","title":{"rendered":"La m\u00e9tropole de Rouen vote sur la gratuit\u00e9 des transports en commun pour les moins de 18\u00a0ans"},"content":{"rendered":"<p class=\"paragraph text_align_left lp-f-body-02\">Ce soir du lundi 30 juin 2025, il va \u00eatre question de gratuit\u00e9 des transports en commun lors du conseil de la m\u00e9tropole Rouen-Normandie (Seine-Maritime). Apr\u00e8s <a href=\"https:\/\/www.leparisien.fr\/economie\/la-metropole-de-rouen-va-tester-les-transports-en-commun-gratuits-le-samedi-29-07-2020-8360247.php\" target=\"_blank\" rel=\"noreferrer noopener\">les samedis depuis septembre 2020<\/a>, \u00e0 l\u2019occasion de certains \u00e9v\u00e9nements festifs ou sportifs, lors des pics de pollution ou pour les sorties scolaires, cette fois, ce sont les moins de 18 ans qui devraient b\u00e9n\u00e9ficier de la gratuit\u00e9 sur le r\u00e9seau Astuce, \u00e0 partir de septembre prochain.<\/p>\n<p class=\"paragraph text_align_left lp-f-body-02\">Un coup de pouce financier pour les familles, puisque, jusqu\u2019\u00e0 pr\u00e9sent, il fallait r\u00e9gler son voyage d\u00e8s l\u2019\u00e2ge de 4 ans. \u00ab \u00c7a peut repr\u00e9senter plusieurs centaines d\u2019euros dans le budget annuel d\u2019un m\u00e9nage \u00bb, calcule le pr\u00e9sident de la m\u00e9tropole et maire (PS) de Rouen, <a href=\"https:\/\/www.leparisien.fr\/politique\/nicolas-mayer-rossignol-aux-militants-resignes-je-dis-quon-peut-reveiller-le-ps-03-06-2025-MEPJBZTJQVHPTG7Y74ZAEOJEFU.php\" target=\"_blank\" rel=\"noreferrer noopener\">Nicolas Mayer-Rossignol<\/a>.<\/p>\n<p class=\"paragraph text_align_left lp-f-body-02\">La mesure concernera entre 20 et 25 % des abonn\u00e9s d\u2019un r\u00e9seau qui en compte 82 000, soit mensuels, soit annuels. Il faudra en revanche toujours \u00eatre d\u00e9tenteur d\u2019un abonnement (gratuit) ou d\u2019un titre d\u00e9di\u00e9 pour voyager.<\/p>\n<p class=\"paragraph text_align_left lp-f-body-02\">\u00ab Ce n\u2019\u00e9tait pas possible d\u2019instaurer un contr\u00f4le d\u2019identit\u00e9 pour les mineurs \u00bb, explique l\u2019\u00e9lue socialiste qui souhaite s\u2019appuyer sur cette gratuit\u00e9 pour donner l\u2019habitude de fr\u00e9quenter les transports en commun aux moins de 18 ans. \u00ab Toutes les \u00e9tudes montrent que, lorsqu\u2019un jeune prend r\u00e9guli\u00e8rement les transports en commun, il aura moins de r\u00e9ticences \u00e0 le faire arriver \u00e0 l\u2019\u00e2ge adulte. \u00bb<\/p>\n<p>Un co\u00fbt compens\u00e9 par une n\u00e9gociation<\/p>\n<p class=\"paragraph text_align_left lp-f-body-02\">Mais, \u00e9videmment, cette gratuit\u00e9 a un co\u00fbt pour la collectivit\u00e9. Autour de 4,3 millions d\u2019euros sur une ann\u00e9e. Il a donc fallu trouver une nouvelle source de financement. Ou plut\u00f4t ren\u00e9gocier avec le d\u00e9l\u00e9gataire de service public en charge de la gestion du r\u00e9seau.<\/p>\n<p class=\"paragraph text_align_left lp-f-body-02\">\u00c7a tombe bien, l\u2019ann\u00e9e 2025 marquait le renouvellement du contrat de ce d\u00e9l\u00e9gataire, avec plusieurs candidats en lice. Et si, pour l\u2019heure, le nom de l\u2019heureux \u00e9lu n\u2019est pas encore connu &#8211; il sera d\u00e9voil\u00e9 lors du conseil m\u00e9tropolitain de ce soir -, les n\u00e9gociations en amont ont permis de r\u00e9duire substantiellement la facture globale pay\u00e9e par la m\u00e9tropole. \u00ab Cela nous a permis de financer cette mesure \u00bb, se f\u00e9licite Nicolas Mayer-Rossignol.<\/p>\n<p class=\"paragraph text_align_left lp-f-body-02\">Et m\u00eame de pousser la r\u00e9flexion encore plus loin, puisque la mise en place d\u2019une tarification solidaire, prenant en compte le revenu des m\u00e9nages, devrait intervenir \u00e0 la rentr\u00e9e 2026. \u00ab On avance \u00e9tape par \u00e9tape, mais rendre les transports gratuits pour le plus grand nombre, ce n\u2019est pas seulement une avanc\u00e9e sociale \u00bb, insiste le maire de Rouen (Seine-Maritime). \u00ab C\u2019est aussi une mesure qui fait du bien \u00e0 l\u2019environnement en limitant l\u2019usage de la voiture. \u00bb<\/p>\n","protected":false},"excerpt":{"rendered":"Ce soir du lundi 30 juin 2025, il va \u00eatre question de gratuit\u00e9 des transports en commun lors&hellip;\n","protected":false},"author":2,"featured_media":215130,"comment_status":"","ping_status":"","sticky":false,"template":"","format":"standard","meta":{"footnotes":""},"categories":[9587],"tags":[1111,11,459,1777,674,1011,27,12,5161,25,9590,11074,104],"class_list":{"0":"post-215129","1":"post","2":"type-post","3":"status-publish","4":"format-standard","5":"has-post-thumbnail","7":"category-rouen","8":"tag-actu","9":"tag-actualites","10":"tag-departements-horsidfo","11":"tag-eu","12":"tag-europe","13":"tag-fr","14":"tag-france","15":"tag-news","16":"tag-normandie","17":"tag-republique-francaise","18":"tag-rouen","19":"tag-seine-maritime-76","20":"tag-societe"},"share_on_mastodon":{"url":"https:\/\/pubeurope.com\/@fr\/114771147078144952","error":""},"_links":{"self":[{"href":"https:\/\/www.europesays.com\/fr\/wp-json\/wp\/v2\/posts\/215129","targetHints":{"allow":["GET"]}}],"collection":[{"href":"https:\/\/www.europesays.com\/fr\/wp-json\/wp\/v2\/posts"}],"about":[{"href":"https:\/\/www.europesays.com\/fr\/wp-json\/wp\/v2\/types\/post"}],"author":[{"embeddable":true,"href":"https:\/\/www.europesays.com\/fr\/wp-json\/wp\/v2\/users\/2"}],"replies":[{"embeddable":true,"href":"https:\/\/www.europesays.com\/fr\/wp-json\/wp\/v2\/comments?post=215129"}],"version-history":[{"count":0,"href":"https:\/\/www.europesays.com\/fr\/wp-json\/wp\/v2\/posts\/215129\/revisions"}],"wp:featuredmedia":[{"embeddable":true,"href":"https:\/\/www.europesays.com\/fr\/wp-json\/wp\/v2\/media\/215130"}],"wp:attachment":[{"href":"https:\/\/www.europesays.com\/fr\/wp-json\/wp\/v2\/media?parent=215129"}],"wp:term":[{"taxonomy":"category","embeddable":true,"href":"https:\/\/www.europesays.com\/fr\/wp-json\/wp\/v2\/categories?post=215129"},{"taxonomy":"post_tag","embeddable":true,"href":"https:\/\/www.europesays.com\/fr\/wp-json\/wp\/v2\/tags?post=215129"}],"curies":[{"name":"wp","href":"https:\/\/api.w.org\/{rel}","templated":true}]}}