{"id":215135,"date":"2025-06-30T07:33:09","date_gmt":"2025-06-30T07:33:09","guid":{"rendered":"https:\/\/www.europesays.com\/fr\/215135\/"},"modified":"2025-06-30T07:33:09","modified_gmt":"2025-06-30T07:33:09","slug":"a-saint-jacques-enfants-et-residents-de-lehpad-se-sont-retrouves-autour-de-photos-dantan","status":"publish","type":"post","link":"https:\/\/www.europesays.com\/fr\/215135\/","title":{"rendered":"\u00c0 Saint-Jacques, enfants et r\u00e9sidents de l\u2019Ehpad se sont retrouv\u00e9s autour de photos d\u2019antan"},"content":{"rendered":"<p>Les \u00e9l\u00e8ves d\u2019\u00c9lise Brillu, directrice de l\u2019\u00e9cole Olympe-de-Gouges, \u00e0 Saint-Jacques-de-la-Lande (Ille-et-Vilaine), participaient cette ann\u00e9e \u00e0 un <a href=\"https:\/\/rennes.maville.com\/actu\/actudet_-a-saint-jacques-de-la-lande-des-liens-se-forgent-entre-enfants-et-residents-d-ehpad-_7-6557419_actu.Htm\" target=\"_blank\" rel=\"noopener\">programme de rencontres interg\u00e9n\u00e9rations avec les r\u00e9sidents de l\u2019Ehpad de la Rablais<\/a>. Ces rencontres se sont conclues mardi 24\u00a0juin 2025, par un dernier temps d\u2019\u00e9change sur des photos de la Bretagne d\u2019antan.<\/p>\n<p>Apr\u00e8s leur visite du mus\u00e9e de Bretagne des Champs Libres, \u00e0 Rennes, les enfants\u00a0ont pu \u00e9changer\u00a0avec leurs correspondants\u00a0sur des t\u00e9moignages de la vie quotidienne dans l\u2019ancien temps.<\/p>\n<p>Ces rencontres ont commenc\u00e9 il y a deux\u00a0ans d\u00e9j\u00e0, en partenariat avec Ouest-France et <a href=\"https:\/\/rennes.maville.com\/actu\/actudet_-podcast.-elles-avaient-dix-ans-sous-l-occupation-quatre-nonagenaires-echangent-avec-des-eleves-_52674-6334898_actu.Htm\" target=\"_blank\" rel=\"noopener\">les podcasts Ma correspondante a 90\u00a0ans <\/a>. \u00a0Des liens se sont cr\u00e9\u00e9s entre les enfants et les r\u00e9sidentes durant la premi\u00e8re ann\u00e9e, explique St\u00e9phane Thir\u00e9, animateur \u00e0 l\u2019Ehpad. Tout le monde s\u2019est enrichi de ces \u00e9changes au travers de t\u00e9moignages, de th\u00e9\u00e2tre et de sorties. Cette ann\u00e9e, les rencontres se sont r\u00e9alis\u00e9es autour de trois\u00a0th\u00e9matiques\u00a0: les jeux de soci\u00e9t\u00e9, qui rassemblent les g\u00e9n\u00e9rations et font travailler les m\u00e9ninges\u00a0; la dict\u00e9e, r\u00eave d\u2019une r\u00e9sidente qui aurait voulu \u00eatre enseignante et la chanson qui a une fois encore li\u00e9 les deux publics.\u00a0<\/p>\n<p><strong>Une visite des \u00e9l\u00e8ves au mus\u00e9e de Bretagne<\/strong><\/p>\n<p>Cette derni\u00e8re rencontre de l\u2019ann\u00e9e scolaire a \u00e9t\u00e9 la restitution d\u2019un travail commun en partenariat avec les Champs Libres, sur des photos du pass\u00e9 dans toute la Bretagne (Rennes, Ploumanach, Belle-\u00cele-en-Mer\u2026), \u00e0 des moments forts comme la cuisine, les animaux de la ferme, ou encore le Tour de France.<\/p>\n<p>\u00a0Les \u00e9l\u00e8ves ont pr\u00e9sent\u00e9 leurs r\u00e9actions \u00e0 ces images et ont eu en retour le point de vue de leurs a\u00een\u00e9s qui ont connu ces p\u00e9riodes\u00a0, ajoute St\u00e9phane Thir\u00e9. Tout le monde a pu s\u2019exprimer pendant le pique-nique dans le parc de la Pilate. L\u2019apr\u00e8s-midi \u00e9tait consacr\u00e9e \u00e0 diff\u00e9rents jeux d\u2019adresse pour tous les \u00e2ges. L\u2019ambiance \u00e9tait d\u00e9j\u00e0 \u00e0 la fin de l\u2019\u00e9cole et au d\u00e9but des vacances.\u00a0<\/p>\n<p><strong>\u00ab\u00a0Le projet continue pour la prochaine ann\u00e9e scolaire, sur des th\u00e9matiques \u00e0 d\u00e9finir\u00a0\u00bb,<\/strong> annoncent Elise Brillu et St\u00e9phane Thir\u00e9. <\/p>\n<p>\u00a0<\/p>\n","protected":false},"excerpt":{"rendered":"Les \u00e9l\u00e8ves d\u2019\u00c9lise Brillu, directrice de l\u2019\u00e9cole Olympe-de-Gouges, \u00e0 Saint-Jacques-de-la-Lande (Ille-et-Vilaine), participaient cette ann\u00e9e \u00e0 un programme de&hellip;\n","protected":false},"author":2,"featured_media":215136,"comment_status":"","ping_status":"","sticky":false,"template":"","format":"standard","meta":{"footnotes":""},"categories":[2821],"tags":[1111,11,35479,7051,829,12216,1719,1777,674,1011,27,12,2189,3086,584,25,4153,10766,35196],"class_list":{"0":"post-215135","1":"post","2":"type-post","3":"status-publish","4":"format-standard","5":"has-post-thumbnail","7":"category-rennes","8":"tag-actu","9":"tag-actualites","10":"tag-antan","11":"tag-autour","12":"tag-bretagne","13":"tag-ehpad","14":"tag-enfants","15":"tag-eu","16":"tag-europe","17":"tag-fr","18":"tag-france","19":"tag-news","20":"tag-photos","21":"tag-redon","22":"tag-rennes","23":"tag-republique-francaise","24":"tag-residents","25":"tag-retrouves","26":"tag-saint-jacques"},"share_on_mastodon":{"url":"https:\/\/pubeurope.com\/@fr\/114771158949352970","error":""},"_links":{"self":[{"href":"https:\/\/www.europesays.com\/fr\/wp-json\/wp\/v2\/posts\/215135","targetHints":{"allow":["GET"]}}],"collection":[{"href":"https:\/\/www.europesays.com\/fr\/wp-json\/wp\/v2\/posts"}],"about":[{"href":"https:\/\/www.europesays.com\/fr\/wp-json\/wp\/v2\/types\/post"}],"author":[{"embeddable":true,"href":"https:\/\/www.europesays.com\/fr\/wp-json\/wp\/v2\/users\/2"}],"replies":[{"embeddable":true,"href":"https:\/\/www.europesays.com\/fr\/wp-json\/wp\/v2\/comments?post=215135"}],"version-history":[{"count":0,"href":"https:\/\/www.europesays.com\/fr\/wp-json\/wp\/v2\/posts\/215135\/revisions"}],"wp:featuredmedia":[{"embeddable":true,"href":"https:\/\/www.europesays.com\/fr\/wp-json\/wp\/v2\/media\/215136"}],"wp:attachment":[{"href":"https:\/\/www.europesays.com\/fr\/wp-json\/wp\/v2\/media?parent=215135"}],"wp:term":[{"taxonomy":"category","embeddable":true,"href":"https:\/\/www.europesays.com\/fr\/wp-json\/wp\/v2\/categories?post=215135"},{"taxonomy":"post_tag","embeddable":true,"href":"https:\/\/www.europesays.com\/fr\/wp-json\/wp\/v2\/tags?post=215135"}],"curies":[{"name":"wp","href":"https:\/\/api.w.org\/{rel}","templated":true}]}}