{"id":215137,"date":"2025-06-30T07:34:10","date_gmt":"2025-06-30T07:34:10","guid":{"rendered":"https:\/\/www.europesays.com\/fr\/215137\/"},"modified":"2025-06-30T07:34:10","modified_gmt":"2025-06-30T07:34:10","slug":"un-nouvel-espace-de-sante-inaugure-dans-le-quartier-du-blosne-a-rennes","status":"publish","type":"post","link":"https:\/\/www.europesays.com\/fr\/215137\/","title":{"rendered":"Un nouvel espace de sant\u00e9 inaugur\u00e9 dans le quartier du Blosne \u00e0 Rennes"},"content":{"rendered":"<p>\u00c0 quoi servira le grand b\u00e2timent bleu situ\u00e9 \u00e0 c\u00f4t\u00e9 de la grande place couverte, \u00e0 proximit\u00e9 de la place Jean-Normand, <a href=\"https:\/\/rennes.maville.com\/actu\/actudet_-au-blosne-a-rennes-un-centre-de-sante-qui-s-adapte-aux-besoins-des-habitants-_52674-6063335_actu.Htm\" rel=\"nofollow noopener\" target=\"_blank\">dans le quartier du Blosne dans le sud de Rennes\u00a0?<\/a><\/p>\n<p>La r\u00e9ponse se d\u00e9voilera samedi 5\u00a0juillet, \u00e0 l\u2019occasion de l\u2019inauguration du nouvel espace de sant\u00e9 Ambroise-Croizat. \u00ab<strong>\u00a0L\u2019acc\u00e8s \u00e0 la sant\u00e9 est l\u2019une de nos grandes priorit\u00e9s,<\/strong> assure Nathalie App\u00e9r\u00e9, maire de Rennes et pr\u00e9sidente de Rennes m\u00e9tropole. <strong>Ce nouvel \u00e9quipement permettra de r\u00e9duire les in\u00e9galit\u00e9s sociales et territoriales de sant\u00e9 dans le cadre d\u2019une politique d\u2019acc\u00e8s aux soins volontariste que nous menons depuis des ann\u00e9es.\u00a0\u00bb<\/strong><\/p>\n<p><strong>M\u00e9diation et pr\u00e9vention<\/strong><\/p>\n<p>Un investissement de pr\u00e8s de 850\u00a0000\u00a0\u20ac de la ville de Rennes pour une <strong>\u00ab\u00a0offre de soins \u00e9largie et compl\u00e8te\u00a0\u00bb<\/strong>. Ce nouveau centre de sant\u00e9 communautaire totalisera quinze\u00a0professionnels. Cinq m\u00e9decins g\u00e9n\u00e9ralistes, un infirmier de sant\u00e9 publique, une orthophoniste, une sage-femme, une psychologue, deux m\u00e9diateurs en sant\u00e9, deux coordinateurs et trois accueillants.<\/p>\n<p>Une partie de ces personnels exer\u00e7aient <a href=\"https:\/\/rennes.maville.com\/actu\/actudet_-rennes.-le-futur-centre-de-sante-du-blosne-en-cinq-questions_52674-4023157_actu.Htm\" rel=\"nofollow noopener\" target=\"_blank\">d\u00e9j\u00e0 dans des locaux install\u00e9s, place du Banat.<\/a> Ils pourront dor\u00e9navant travailler dans des locaux plus grands et plus adapt\u00e9s. Une \u00e9quipe qui, outre les consultations, proposera aussi \u00ab<strong>\u00a0de la m\u00e9diation, de la pr\u00e9vention, de la coordination et de la formation.\u00a0\u00bb<\/strong><\/p>\n<p>L\u2019espace Ambroise-Croizat h\u00e9bergera aussi des locaux associatifs o\u00f9 interviendront des associations agissant pour la sant\u00e9 ainsi qu\u2019une salle de r\u00e9union <strong>\u00ab\u00a0permettant d\u2019accueillir des actions collectives de pr\u00e9vention et d\u2019autres associations investies sur le quartier du Blosne\u00a0\u00bb.<\/strong><\/p>\n<p>\u00a0<\/p>\n","protected":false},"excerpt":{"rendered":"\u00c0 quoi servira le grand b\u00e2timent bleu situ\u00e9 \u00e0 c\u00f4t\u00e9 de la grande place couverte, \u00e0 proximit\u00e9 de&hellip;\n","protected":false},"author":2,"featured_media":215138,"comment_status":"","ping_status":"","sticky":false,"template":"","format":"standard","meta":{"footnotes":""},"categories":[2821],"tags":[1111,11,8765,829,386,1777,674,1011,27,20822,12,10542,5775,3086,584,25,71],"class_list":{"0":"post-215137","1":"post","2":"type-post","3":"status-publish","4":"format-standard","5":"has-post-thumbnail","7":"category-rennes","8":"tag-actu","9":"tag-actualites","10":"tag-blosne","11":"tag-bretagne","12":"tag-espace","13":"tag-eu","14":"tag-europe","15":"tag-fr","16":"tag-france","17":"tag-inaugure","18":"tag-news","19":"tag-nouvel","20":"tag-quartier","21":"tag-redon","22":"tag-rennes","23":"tag-republique-francaise","24":"tag-sante"},"share_on_mastodon":{"url":"https:\/\/pubeurope.com\/@fr\/114771162816200350","error":""},"_links":{"self":[{"href":"https:\/\/www.europesays.com\/fr\/wp-json\/wp\/v2\/posts\/215137","targetHints":{"allow":["GET"]}}],"collection":[{"href":"https:\/\/www.europesays.com\/fr\/wp-json\/wp\/v2\/posts"}],"about":[{"href":"https:\/\/www.europesays.com\/fr\/wp-json\/wp\/v2\/types\/post"}],"author":[{"embeddable":true,"href":"https:\/\/www.europesays.com\/fr\/wp-json\/wp\/v2\/users\/2"}],"replies":[{"embeddable":true,"href":"https:\/\/www.europesays.com\/fr\/wp-json\/wp\/v2\/comments?post=215137"}],"version-history":[{"count":0,"href":"https:\/\/www.europesays.com\/fr\/wp-json\/wp\/v2\/posts\/215137\/revisions"}],"wp:featuredmedia":[{"embeddable":true,"href":"https:\/\/www.europesays.com\/fr\/wp-json\/wp\/v2\/media\/215138"}],"wp:attachment":[{"href":"https:\/\/www.europesays.com\/fr\/wp-json\/wp\/v2\/media?parent=215137"}],"wp:term":[{"taxonomy":"category","embeddable":true,"href":"https:\/\/www.europesays.com\/fr\/wp-json\/wp\/v2\/categories?post=215137"},{"taxonomy":"post_tag","embeddable":true,"href":"https:\/\/www.europesays.com\/fr\/wp-json\/wp\/v2\/tags?post=215137"}],"curies":[{"name":"wp","href":"https:\/\/api.w.org\/{rel}","templated":true}]}}