{"id":215144,"date":"2025-06-30T07:39:16","date_gmt":"2025-06-30T07:39:16","guid":{"rendered":"https:\/\/www.europesays.com\/fr\/215144\/"},"modified":"2025-06-30T07:39:16","modified_gmt":"2025-06-30T07:39:16","slug":"ouste-on-sort-a-nantes-cette-semaine-du-cote-du-bresil-ou-de-trempo","status":"publish","type":"post","link":"https:\/\/www.europesays.com\/fr\/215144\/","title":{"rendered":"Ouste\u00a0! On sort \u00e0 Nantes cette semaine du c\u00f4t\u00e9 du Br\u00e9sil ou de Trempo"},"content":{"rendered":"<p>Br\u00e9sil Br\u00e9sil avec la chorale Urban voices<\/p>\n<p>F\u00eate et frissons assur\u00e9s ce week-end, autour d\u2019Urban voices. <a href=\"https:\/\/nantes.maville.com\/actu\/actudet_-chanter-le-bresil-avec-urban-voices-c-est-maintenant-les-repetitions-commencent-cette-semaine-_8-6794909_actu.Htm\" target=\"_blank\" rel=\"noopener\">Une chorale de mille voix, \u00e7a vous met les poils. Mais quand en plus, elle chante le Br\u00e9sil\u00a0!<\/a> La chorale XXL men\u00e9e par Karim Amour va chanter le samba, accompagn\u00e9e d\u2019artistes br\u00e9siliens qui, entre deux repr\u00e9sentations, chaque jour (15\u00a0h et 18\u00a0h), ne manqueront pas de se livrer \u00e0 des rodas (improvisations en cercle typiquement br\u00e9siliennes) avec le pape du genre, Fernando Del Papa. En outre, pr\u00e9sence de la batucada Flor Carioca.\u00a0Les journ\u00e9es se prolongeront par\u00a0des DJset en plein air avec des artistes br\u00e9siliens\u00a0: DJ Aida, \u00e0 19\u00a0h\u00a030, le samedi et DJ A\u00efnhoa, le dimanche. Le tout est en entr\u00e9e libre.<\/p>\n<p><strong>Samedi\u00a05 et dimanche 6\u00a0juillet<\/strong> \u00e0 partir de 14\u00a0h, au parc des expositions de Nantes. Tram\u00a0ligne 1, Beaujoire. Sur place, bar associatif, foodtrucks pour se restaurer.<\/p>\n<p>Un \u00e9t\u00e9 \u00e0 Trempo<\/p>\n<p>Pour passer une soir\u00e9e en mode summer camp, direction Trempo, pour suivre un concert avec DJ set. Au programme, on pourra \u00e9couter Vicky R, Pumpkin, Tracy, De Sa, Fanny Polly, Mac Larnaque\u2026<\/p>\n<p><strong>Jeudi 3\u00a0juillet,<\/strong> de 18\u00a0h \u00e0 minuit, 6,\u00a0boulevard L\u00e9on-Bureau, \u00e0 Nantes. Contact. <a href=\"https:\/\/trempo.com\/\" target=\"_blank\" rel=\"noopener\">www.trempo.com<\/a>.<\/p>\n<p>Combien de terres faut-il \u00e0 l\u2019homme\u00a0?<\/p>\n<p>Pour avoir la r\u00e9ponse, il faut aller voir l\u2019exposition propos\u00e9e par <a href=\"https:\/\/nantes.maville.com\/actu\/actudet_-gloria-friedmann-une-dame-nature-a-la-hab-galerie-a-nantes-_8-6808453_actu.Htm\" target=\"_blank\" rel=\"noopener\">Gloria Friedmann, \u00e0 la Hab galerie, jusqu\u2019au 28\u00a0septembre. L\u2019artiste est sensible \u00e0 la nature et fine observatrice du monde qui l\u2019entoure<\/a>. Elle interroge les capacit\u00e9s qu\u2019ont les humains \u00e0 garder leur \u00e2me en respectant la terre. Ses \u0153uvres ont des formes diverses. Sculptures, dessins, peintures, installations, sonnent comme autant l\u2019alertes et de support \u00e0 la r\u00e9flexion.<\/p>\n<p><strong>Du mercredi au dimanche<\/strong>, de 13\u00a0h\u00a030 \u00e0 19\u00a0h quai des Antilles, gratuit.<\/p>\n<p>Les auteurs de la BD Cargo en d\u00e9dicace<\/p>\n<p>Cargo, c\u2019est le dernier opus du duo Cost\u00e8s-Cl\u00e9ment Belin, sc\u00e9nariste et dessinateur. Les deux baroudeurs \u00e0 qui l\u2019on doit d\u00e9j\u00e0 la BD Fortune de mer se sont connus \u00e0 l\u2019\u00e9cole nationale sup\u00e9rieure maritime de Nantes, o\u00f9 Cost\u00e8s vit toujours. Ce huis clos moite entra\u00eene le lecteur en fond de cale, dans la r\u00e9alit\u00e9 brutale des clandestins et du transport de marchandises. Une plong\u00e9e sans piti\u00e9 dans la mondialisation. Pour en savoir plus et en discuter de vive voix, les auteurs seront \u00e0 Nantes, samedi 5\u00a0juillet, \u00e0 la librairie Portails.<\/p>\n<p><strong>Samedi 5\u00a0juillet<\/strong> \u00e0 partir de 15\u00a0h \u00e0 la librairie Portails, 18,\u00a0rue Gutenberg \u00e0 Nantes (Sainte-Anne). Cargo, Pavillon barbare, de Cost\u00e8s et Belin, chez Delcourt, 168\u00a0p, 21,50\u00a0\u20ac.<\/p>\n<p>\u00a0<\/p>\n","protected":false},"excerpt":{"rendered":"Br\u00e9sil Br\u00e9sil avec la chorale Urban voices F\u00eate et frissons assur\u00e9s ce week-end, autour d\u2019Urban voices. Une chorale&hellip;\n","protected":false},"author":2,"featured_media":215145,"comment_status":"","ping_status":"","sticky":false,"template":"","format":"standard","meta":{"footnotes":""},"categories":[2818],"tags":[1111,11,2548,3136,1777,674,1011,27,766,12,2636,25,5572,4102,35480],"class_list":{"0":"post-215144","1":"post","2":"type-post","3":"status-publish","4":"format-standard","5":"has-post-thumbnail","7":"category-nantes","8":"tag-actu","9":"tag-actualites","10":"tag-bresil","11":"tag-cote","12":"tag-eu","13":"tag-europe","14":"tag-fr","15":"tag-france","16":"tag-nantes","17":"tag-news","18":"tag-pays-de-la-loire","19":"tag-republique-francaise","20":"tag-semaine","21":"tag-sort","22":"tag-trempo"},"share_on_mastodon":{"url":"https:\/\/pubeurope.com\/@fr\/114771182507333078","error":""},"_links":{"self":[{"href":"https:\/\/www.europesays.com\/fr\/wp-json\/wp\/v2\/posts\/215144","targetHints":{"allow":["GET"]}}],"collection":[{"href":"https:\/\/www.europesays.com\/fr\/wp-json\/wp\/v2\/posts"}],"about":[{"href":"https:\/\/www.europesays.com\/fr\/wp-json\/wp\/v2\/types\/post"}],"author":[{"embeddable":true,"href":"https:\/\/www.europesays.com\/fr\/wp-json\/wp\/v2\/users\/2"}],"replies":[{"embeddable":true,"href":"https:\/\/www.europesays.com\/fr\/wp-json\/wp\/v2\/comments?post=215144"}],"version-history":[{"count":0,"href":"https:\/\/www.europesays.com\/fr\/wp-json\/wp\/v2\/posts\/215144\/revisions"}],"wp:featuredmedia":[{"embeddable":true,"href":"https:\/\/www.europesays.com\/fr\/wp-json\/wp\/v2\/media\/215145"}],"wp:attachment":[{"href":"https:\/\/www.europesays.com\/fr\/wp-json\/wp\/v2\/media?parent=215144"}],"wp:term":[{"taxonomy":"category","embeddable":true,"href":"https:\/\/www.europesays.com\/fr\/wp-json\/wp\/v2\/categories?post=215144"},{"taxonomy":"post_tag","embeddable":true,"href":"https:\/\/www.europesays.com\/fr\/wp-json\/wp\/v2\/tags?post=215144"}],"curies":[{"name":"wp","href":"https:\/\/api.w.org\/{rel}","templated":true}]}}