{"id":21515,"date":"2025-04-13T06:07:08","date_gmt":"2025-04-13T06:07:08","guid":{"rendered":"https:\/\/www.europesays.com\/fr\/21515\/"},"modified":"2025-04-13T06:07:08","modified_gmt":"2025-04-13T06:07:08","slug":"lunion-europeenne-prise-entre-taxes-americaines-et-petits-colis-chinois","status":"publish","type":"post","link":"https:\/\/www.europesays.com\/fr\/21515\/","title":{"rendered":"L\u2019Union europ\u00e9enne prise entre taxes am\u00e9ricaines et petits colis chinois"},"content":{"rendered":"<p>              <a tabindex=\"-1\" title=\"Etienne Meyer-Vacherand\" href=\"https:\/\/www.letemps.ch\/profil\/etienne-meyer-vacherand\" target=\"_blank\" rel=\"noopener\"><\/p>\n<p>                    <img decoding=\"async\" src=\"https:\/\/www.europesays.com\/fr\/wp-content\/uploads\/2025\/04\/1744524428_77_small.jpeg\" class=\"lazy\" alt=\"\"\/><\/p>\n<p><\/a>        <\/p>\n<p>    Publi\u00e9 le 13 avril 2025 \u00e0 07:33. \/ Modifi\u00e9 le 13 avril 2025 \u00e0 07:33.<\/p>\n<p> 3 min. de lecture<\/p>\n<p class=\"article__abstract-call-to-action\" data-ariato=\"TrackableElement\" data-trackable-element-type=\"article_abstract_cta\" data-trackable-element-location=\"article_header\" data-trackable-element-id=\"491492\">\n          <a data-event=\"click-&gt;clicked\" href=\"https:\/\/www.letemps.ch\/abonnements\" target=\"_blank\" rel=\"noopener\">Abonnez-vous<\/a> pour acc\u00e9der au r\u00e9sum\u00e9 en 20 secondes.\n        <\/p>\n<p>Si Donald Trump a accord\u00e9 un peu de r\u00e9pit \u00e0 la majorit\u00e9 des pays vis\u00e9s par ses taxes douani\u00e8res, le pr\u00e9sident am\u00e9ricain entend maintenir la pression sur la Chine, qui riposte \u00e0 chaque nouvelle augmentation. Ce vendredi, \u00e0 l\u2019occasion d\u2019une visite du premier ministre espagnol Pedro Sanchez, Xi Jinping appelait l\u2019Union europ\u00e9enne \u00e0 assumer avec la Chine \u00ableurs responsabilit\u00e9s internationales, prot\u00e9ger conjointement la mondialisation \u00e9conomique et l\u2019environnement commercial international, et r\u00e9sister ensemble \u00e0 toute coercition unilat\u00e9rale\u00bb.<\/p>\n<p>Plus t\u00f4t dans la semaine, Ursula von der Leyen, pr\u00e9sidente de la Commission europ\u00e9enne, s\u2019est entretenue au t\u00e9l\u00e9phone avec le premier ministre Li Qiang, avant la volte-face de Donald Trump. Un appel destin\u00e9 \u00e0 plaider \u00abune r\u00e9solution n\u00e9goci\u00e9e de la situation actuelle\u00bb et \u00e9viter \u00abune nouvelle escalade\u00bb, selon <a href=\"https:\/\/ec.europa.eu\/commission\/presscorner\/detail\/en\/read_25_1004\" rel=\"nofollow noopener\" target=\"_blank\">un communiqu\u00e9 publi\u00e9 le 8\u00a0avril<\/a>. Mais surtout l\u2019occasion pour l\u2019UE d\u2019exprimer ses craintes de voir la Chine reporter ses exportations bloqu\u00e9es par les Etats-Unis vers le march\u00e9 europ\u00e9en.<\/p>\n","protected":false},"excerpt":{"rendered":"Publi\u00e9 le 13 avril 2025 \u00e0 07:33. \/ Modifi\u00e9 le 13 avril 2025 \u00e0 07:33. 3 min. de&hellip;\n","protected":false},"author":2,"featured_media":21516,"comment_status":"","ping_status":"","sticky":false,"template":"","format":"standard","meta":{"footnotes":""},"categories":[1586],"tags":[11,309,8042,73,1777,674,1779,1011,27,1074,12,301,25,1778,364],"class_list":{"0":"post-21515","1":"post","2":"type-post","3":"status-publish","4":"format-standard","5":"has-post-thumbnail","7":"category-europe","8":"tag-actualites","9":"tag-chine","10":"tag-economie-mondiale","11":"tag-etats-unis","12":"tag-eu","13":"tag-europe","14":"tag-european-union","15":"tag-fr","16":"tag-france","17":"tag-guerre-commerciale","18":"tag-news","19":"tag-premium","20":"tag-republique-francaise","21":"tag-ue","22":"tag-union-europeenne"},"share_on_mastodon":{"url":"https:\/\/pubeurope.com\/@fr\/114329160542345740","error":""},"_links":{"self":[{"href":"https:\/\/www.europesays.com\/fr\/wp-json\/wp\/v2\/posts\/21515","targetHints":{"allow":["GET"]}}],"collection":[{"href":"https:\/\/www.europesays.com\/fr\/wp-json\/wp\/v2\/posts"}],"about":[{"href":"https:\/\/www.europesays.com\/fr\/wp-json\/wp\/v2\/types\/post"}],"author":[{"embeddable":true,"href":"https:\/\/www.europesays.com\/fr\/wp-json\/wp\/v2\/users\/2"}],"replies":[{"embeddable":true,"href":"https:\/\/www.europesays.com\/fr\/wp-json\/wp\/v2\/comments?post=21515"}],"version-history":[{"count":0,"href":"https:\/\/www.europesays.com\/fr\/wp-json\/wp\/v2\/posts\/21515\/revisions"}],"wp:featuredmedia":[{"embeddable":true,"href":"https:\/\/www.europesays.com\/fr\/wp-json\/wp\/v2\/media\/21516"}],"wp:attachment":[{"href":"https:\/\/www.europesays.com\/fr\/wp-json\/wp\/v2\/media?parent=21515"}],"wp:term":[{"taxonomy":"category","embeddable":true,"href":"https:\/\/www.europesays.com\/fr\/wp-json\/wp\/v2\/categories?post=21515"},{"taxonomy":"post_tag","embeddable":true,"href":"https:\/\/www.europesays.com\/fr\/wp-json\/wp\/v2\/tags?post=21515"}],"curies":[{"name":"wp","href":"https:\/\/api.w.org\/{rel}","templated":true}]}}