{"id":215156,"date":"2025-06-30T07:45:11","date_gmt":"2025-06-30T07:45:11","guid":{"rendered":"https:\/\/www.europesays.com\/fr\/215156\/"},"modified":"2025-06-30T07:45:11","modified_gmt":"2025-06-30T07:45:11","slug":"cohabiter-dans-la-nature-actualites","status":"publish","type":"post","link":"https:\/\/www.europesays.com\/fr\/215156\/","title":{"rendered":"Cohabiter dans la nature \/ Actualit\u00e9s"},"content":{"rendered":"<p>On y croise <strong>beaucoup de promeneurs<\/strong>, petits et grands, des cyclistes, des joggeurs, des chiens et leurs ma\u00eetres\u2026 Le Parc de la Citadelle est aussi un espace o\u00f9 vivent <strong>des poules d\u2019eau, des \u00e9cureuils, des libellules,<\/strong> des martins-p\u00eacheurs, des grenouilles vertes et bien d\u2019autres.\u00a0<\/p>\n<p>Comment bien accueillir les premiers sans nuire aux seconds\u00a0?<strong>\u00a0Une r\u00e9novation de l\u2019\u00e9clairage public<\/strong> sur l\u2019all\u00e9e du Train de Loos en t\u00e9moigne.<\/p>\n<p>La Ville y a r\u00e9cemment install\u00e9 un syst\u00e8me qui \u00e9met une lumi\u00e8re de teinte ambr\u00e9e et qui \u00e9claire le moins possible en dehors du cheminement. <strong>Objectif\u00a0: respecter la faune tout en s\u00e9curisant le parcours pour les utilisateurs.\u00a0<\/strong><\/p>\n<p><strong><strong>Partager le parc<\/strong><\/strong><\/p>\n<p>La mise en service de cette lumi\u00e8re optimis\u00e9e a \u00e9t\u00e9 lanc\u00e9e d\u00e8s 2017. Baptis\u00e9 LUCIOLE, le projet propose un \u00e9clairage adapt\u00e9 et qui se d\u00e9clenche lors des passages, pour <strong>pr\u00e9server l\u2019habitat naturel de certaines esp\u00e8ces,<\/strong> comme les papillons de nuit et les chauves-souris. Et dans le m\u00eame temps, il permet des <strong>\u00e9conomies d\u2019\u00e9nergie.<\/strong><\/p>\n<p>Tout en veillant \u00e0 diminuer la pollution lumineuse, la municipalit\u00e9 s\u2019est aussi pench\u00e9e sur la <strong>qualit\u00e9 des berges de la De\u00fble.<\/strong><\/p>\n<p>Elle a d\u00e9cid\u00e9 de renaturer ces bords de canal o\u00f9 promeneurs, joggeurs ou chiens entra\u00eenaient, malgr\u00e9 eux, une \u00e9rosion qui remettait en cause <strong>l\u2019\u00e9quilibre de la biodiversit\u00e9 li\u00e9e au milieu aquatique. <\/strong><\/p>\n<p>Des entassements de grosses pierres permettent de donner <strong>un acc\u00e8s ponctuel \u00e0 l\u2019eau<\/strong> pour les p\u00eacheurs, ou les badauds et leurs compagnons \u00e0 quatre pattes.<\/p>\n<p><strong>Les chiens s&rsquo;amusent !<\/strong><\/p>\n<p>Deux <strong>aires d\u2019\u00e9bats aquatiques<\/strong> ont \u00e9galement \u00e9t\u00e9 cr\u00e9\u00e9es, c\u00f4t\u00e9 Foss\u00e9 des p\u00eacheurs et c\u00f4t\u00e9 Grand carr\u00e9. Les chiens peuvent s\u2019y amuser sous la responsabilit\u00e9 de leurs propri\u00e9taires, sans d\u00e9ranger les pensionnaires de six radeaux v\u00e9g\u00e9talis\u00e9s tels que les foulques (oiseaux au bec blanc), ou les h\u00e9rons.<\/p>\n<p>Et ils peuvent aussi profiter du tout <strong>nouveau caniparc, sur pr\u00e8s de 2000 m2, avec des zones de jeux<\/strong> qui rappellent des \u00e9l\u00e9ments d\u2019architecture imagin\u00e9s par Vauban\u00a0! Et l\u00e0 aussi, des \u00eelots de pr\u00e9servation sont mis en place pour que les tritons ou les salamandres y soient prot\u00e9g\u00e9s.<\/p>\n<p><strong>Chuuuut&#8230;<\/strong><\/p>\n<p>La Ville s\u2019est \u00e9galement lanc\u00e9e dans un nouveau projet pilot\u00e9 par le Cerema, centre d\u2019expertise \u00ab\u00a0climat et territoires de demain\u00a0\u00bb.<\/p>\n<p>Id\u00e9e\u00a0: mettre en place<strong>\u00a0une trame blanche compos\u00e9e de zones de silence ou tout au moins de qui\u00e9tude<\/strong>.<\/p>\n<p>Lille commence \u00e0 travailler sur cette perspective, sachant que le<strong> bruit perturbe la communication, la reproduction ou encore la recherche de nourriture,<\/strong> notamment chez les oiseaux. Et que davantage de s\u00e9r\u00e9nit\u00e9 sonore profitera aussi aux utilisateurs des lieux, <strong>invit\u00e9s \u00e0 \u00e9couter la nature<\/strong>\u2026<\/p>\n<p>Par Val\u00e9rie Pfahl<\/p>\n","protected":false},"excerpt":{"rendered":"On y croise beaucoup de promeneurs, petits et grands, des cyclistes, des joggeurs, des chiens et leurs ma\u00eetres\u2026&hellip;\n","protected":false},"author":2,"featured_media":215157,"comment_status":"","ping_status":"","sticky":false,"template":"","format":"standard","meta":{"footnotes":""},"categories":[2815],"tags":[1111,11,4763,1777,674,1011,27,811,1307,5415,12,25],"class_list":{"0":"post-215156","1":"post","2":"type-post","3":"status-publish","4":"format-standard","5":"has-post-thumbnail","7":"category-lille","8":"tag-actu","9":"tag-actualites","10":"tag-agenda","11":"tag-eu","12":"tag-europe","13":"tag-fr","14":"tag-france","15":"tag-hauts-de-france","16":"tag-lille","17":"tag-mairie","18":"tag-news","19":"tag-republique-francaise"},"share_on_mastodon":{"url":"https:\/\/pubeurope.com\/@fr\/114771206103191650","error":""},"_links":{"self":[{"href":"https:\/\/www.europesays.com\/fr\/wp-json\/wp\/v2\/posts\/215156","targetHints":{"allow":["GET"]}}],"collection":[{"href":"https:\/\/www.europesays.com\/fr\/wp-json\/wp\/v2\/posts"}],"about":[{"href":"https:\/\/www.europesays.com\/fr\/wp-json\/wp\/v2\/types\/post"}],"author":[{"embeddable":true,"href":"https:\/\/www.europesays.com\/fr\/wp-json\/wp\/v2\/users\/2"}],"replies":[{"embeddable":true,"href":"https:\/\/www.europesays.com\/fr\/wp-json\/wp\/v2\/comments?post=215156"}],"version-history":[{"count":0,"href":"https:\/\/www.europesays.com\/fr\/wp-json\/wp\/v2\/posts\/215156\/revisions"}],"wp:featuredmedia":[{"embeddable":true,"href":"https:\/\/www.europesays.com\/fr\/wp-json\/wp\/v2\/media\/215157"}],"wp:attachment":[{"href":"https:\/\/www.europesays.com\/fr\/wp-json\/wp\/v2\/media?parent=215156"}],"wp:term":[{"taxonomy":"category","embeddable":true,"href":"https:\/\/www.europesays.com\/fr\/wp-json\/wp\/v2\/categories?post=215156"},{"taxonomy":"post_tag","embeddable":true,"href":"https:\/\/www.europesays.com\/fr\/wp-json\/wp\/v2\/tags?post=215156"}],"curies":[{"name":"wp","href":"https:\/\/api.w.org\/{rel}","templated":true}]}}