{"id":215158,"date":"2025-06-30T07:46:09","date_gmt":"2025-06-30T07:46:09","guid":{"rendered":"https:\/\/www.europesays.com\/fr\/215158\/"},"modified":"2025-06-30T07:46:09","modified_gmt":"2025-06-30T07:46:09","slug":"la-ligne-1-du-metro-enchaine-encore-les-interruptions-ce-lundi-dans-la-metropole-de-lille","status":"publish","type":"post","link":"https:\/\/www.europesays.com\/fr\/215158\/","title":{"rendered":"la ligne 1 du m\u00e9tro encha\u00eene encore les interruptions ce lundi dans la m\u00e9tropole de Lille"},"content":{"rendered":"<p>            Par<br \/>\n        <strong><br \/>\n            <a href=\"https:\/\/actu.fr\/auteur\/nicolas-demollien\" title=\"Consulter tous les articles de Nicolas Demollien\" rel=\"nofollow noopener\" target=\"_blank\">Nicolas Demollien<\/a><br \/>\n        <\/strong><\/p>\n<p>        Publi\u00e9 le<\/p>\n<p>            30 juin 2025 \u00e0 9h25<br \/>\n        ; mis \u00e0 jour le 30 juin 2025 \u00e0 9h30    <\/p>\n<p>Voil\u00e0 une semaine qui d\u00e9bute bien mal ! Ce lundi 30 juin 2025, la <b>ligne 1 du m\u00e9tro<\/b> <a href=\"https:\/\/actu.fr\/tag\/ilevia\" rel=\"nofollow noopener\" target=\"_blank\">Il\u00e9via<\/a> de la m\u00e9tropole de <a href=\"https:\/\/actu.fr\/hauts-de-france\/lille_59350\" rel=\"nofollow noopener\" target=\"_blank\">Lille<\/a> (Nord) <b>encha\u00eene les interruptions et les probl\u00e8mes<\/b>.<\/p>\n<p>Encha\u00eenement de pannes sur la ligne 1 du m\u00e9tro \u00e0 Lille<\/p>\n<p class=\" wall-content\">La journ\u00e9e avait bien mal d\u00e9but\u00e9 avec une interruption d\u00e8s le petit matin, avec une premi\u00e8re interruption en direction de 4 Cantons Stade Pierre Mauroy.<\/p>\n<p class=\" wall-content\">\n<p class=\" wall-content\">La reprise a \u00e9t\u00e9 relativement rapide mais une seconde est intervenue peu apr\u00e8s 8h, entre les stations Fives et Villeneuve-d\u2019Ascq H\u00f4tel de Ville.<br \/>https:\/\/x.com\/ilevia_metro\/status\/1939565577434980836<br \/>L\u00e0 encore, la reprise a \u00e9t\u00e9 assez rapide. Mais elle a pour cons\u00e9quence de rendre les conditions de transports particuli\u00e8rement inconfortables avec des m\u00e9tros bond\u00e9s.\u00a0<\/p>\n<p class=\" wall-content\">Et puis finalement, une autre interruption est \u00e0 nouveau intervenue entre CHU Eurasant\u00e9 et Villeneuve-d\u2019Ascq H\u00f4tel de Ville.<\/p>\n<p class=\" wall-content\">\n<p class=\" wall-content\">Finalement, le m\u00e9tro a pu red\u00e9marrer peu avant 9h30. Mais cette situation inqui\u00e8te et attise la col\u00e8re de tous les usagers r\u00e9guliers, fatigu\u00e9s et stress\u00e9s par cette situation qui se r\u00e9p\u00e8te.<\/p>\n<p>Vid\u00e9os : en ce moment sur Actu<\/p>\n<p class=\" wall-content\">Suivez toute l\u2019actualit\u00e9 de vos villes et m\u00e9dias favoris en vous inscrivant \u00e0 <a href=\"https:\/\/moncompte.actu.fr\" title=\"D\u00e9couvez Mon Actu\" rel=\"nofollow noopener\" data-trk=\"{&quot;cta&quot;:{&quot;action&quot;:&quot;https:\\\/\\\/moncompte.actu.fr&quot;,&quot;category&quot;:&quot;mon compte&quot;,&quot;from&quot;:&quot;article footer&quot;,&quot;name&quot;:&quot;Mon actu&quot;,&quot;type&quot;:&quot;cta&quot;}}\" target=\"_blank\">Mon Actu<\/a>.<\/p>\n","protected":false},"excerpt":{"rendered":"Par Nicolas Demollien Publi\u00e9 le 30 juin 2025 \u00e0 9h25 ; mis \u00e0 jour le 30 juin 2025&hellip;\n","protected":false},"author":2,"featured_media":215159,"comment_status":"","ping_status":"","sticky":false,"template":"","format":"standard","meta":{"footnotes":""},"categories":[2815],"tags":[1111,11,1777,674,1011,27,811,4288,1307,12,25,104],"class_list":{"0":"post-215158","1":"post","2":"type-post","3":"status-publish","4":"format-standard","5":"has-post-thumbnail","7":"category-lille","8":"tag-actu","9":"tag-actualites","10":"tag-eu","11":"tag-europe","12":"tag-fr","13":"tag-france","14":"tag-hauts-de-france","15":"tag-ilevia","16":"tag-lille","17":"tag-news","18":"tag-republique-francaise","19":"tag-societe"},"share_on_mastodon":{"url":"https:\/\/pubeurope.com\/@fr\/114771209992392684","error":""},"_links":{"self":[{"href":"https:\/\/www.europesays.com\/fr\/wp-json\/wp\/v2\/posts\/215158","targetHints":{"allow":["GET"]}}],"collection":[{"href":"https:\/\/www.europesays.com\/fr\/wp-json\/wp\/v2\/posts"}],"about":[{"href":"https:\/\/www.europesays.com\/fr\/wp-json\/wp\/v2\/types\/post"}],"author":[{"embeddable":true,"href":"https:\/\/www.europesays.com\/fr\/wp-json\/wp\/v2\/users\/2"}],"replies":[{"embeddable":true,"href":"https:\/\/www.europesays.com\/fr\/wp-json\/wp\/v2\/comments?post=215158"}],"version-history":[{"count":0,"href":"https:\/\/www.europesays.com\/fr\/wp-json\/wp\/v2\/posts\/215158\/revisions"}],"wp:featuredmedia":[{"embeddable":true,"href":"https:\/\/www.europesays.com\/fr\/wp-json\/wp\/v2\/media\/215159"}],"wp:attachment":[{"href":"https:\/\/www.europesays.com\/fr\/wp-json\/wp\/v2\/media?parent=215158"}],"wp:term":[{"taxonomy":"category","embeddable":true,"href":"https:\/\/www.europesays.com\/fr\/wp-json\/wp\/v2\/categories?post=215158"},{"taxonomy":"post_tag","embeddable":true,"href":"https:\/\/www.europesays.com\/fr\/wp-json\/wp\/v2\/tags?post=215158"}],"curies":[{"name":"wp","href":"https:\/\/api.w.org\/{rel}","templated":true}]}}