{"id":215162,"date":"2025-06-30T07:48:10","date_gmt":"2025-06-30T07:48:10","guid":{"rendered":"https:\/\/www.europesays.com\/fr\/215162\/"},"modified":"2025-06-30T07:48:10","modified_gmt":"2025-06-30T07:48:10","slug":"le-merlan-a-la-recherche-dun-nouvel-elan","status":"publish","type":"post","link":"https:\/\/www.europesays.com\/fr\/215162\/","title":{"rendered":"le Merlan, \u00e0 la recherche d&rsquo;un nouvel \u00e9lan"},"content":{"rendered":"<p>C&rsquo;est un quartier vaste et vari\u00e9. Le Merlan s&rsquo;\u00e9tend de la fac de Saint-J\u00e9r\u00f4me aux portes de Sainte-Marthe, et du Carrefour (dit du Merlan mais mal nomm\u00e9 car \u00e0 Saint-Barth\u00e9l\u00e9my, tout comme le th\u00e9\u00e2tre) aux collines de l&rsquo;\u00c9toile.<\/p>\n<p>Un quartier qui englobe le secteur r\u00e9sidentiel de <a href=\"https:\/\/www.laprovence.com\/article\/edition-marseille\/6244447\/une-centaine-darbres-plantes-a-la-batarelle.html\" target=\"_blank\" rel=\"noopener\">la Batarelle<\/a> mais dont le c\u0153ur longe l&rsquo;avenue \u00e9ponyme, o\u00f9 se concentre sa vie \u00e9conomique\u00a0: la Poste, une banque, une pharmacie, autant de boucheries ou fleuriste, quatre boulangeries. Pas la plus grande densit\u00e9 commer\u00e7ante de Marseille, mais d\u00e9j\u00e0 plus \u00e9toff\u00e9e que dans certains secteurs voisins.<\/p>\n<p>Une activit\u00e9 qui a toutefois d\u00e9clin\u00e9, en d\u00e9pit de la bonne volont\u00e9 d&rsquo;un Comit\u00e9 d&rsquo;int\u00e9r\u00eat de quartier actif et dynamique. Son pr\u00e9sident, Lucien Escande, install\u00e9 dans le 14e arrondissement de <a href=\"https:\/\/www.laprovence.com\/bouches-du-rhone\/marseille-13055\" target=\"_blank\" rel=\"noopener\">Marseille<\/a> depuis 1987, a ainsi vu dispara\u00eetre mercerie, droguerie, poissonnerie ou marchand de journaux. Remplac\u00e9s par une dizaine de snacks, pris\u00e9s des \u00e9tudiants de Saint-J\u00e9r\u00f4me. Mais ces derniers ne sont pas l\u00e0 toute l&rsquo;ann\u00e9e.<\/p>\n","protected":false},"excerpt":{"rendered":"C&rsquo;est un quartier vaste et vari\u00e9. Le Merlan s&rsquo;\u00e9tend de la fac de Saint-J\u00e9r\u00f4me aux portes de Sainte-Marthe,&hellip;\n","protected":false},"author":2,"featured_media":215163,"comment_status":"","ping_status":"","sticky":false,"template":"","format":"standard","meta":{"footnotes":""},"categories":[2814],"tags":[17,1111,11,2837,13243,1777,674,1011,27,884,33860,12,10542,882,5116,959,16,25],"class_list":{"0":"post-215162","1":"post","2":"type-post","3":"status-publish","4":"format-standard","5":"has-post-thumbnail","7":"category-marseille","8":"tag-17","9":"tag-actu","10":"tag-actualites","11":"tag-dun","12":"tag-elan","13":"tag-eu","14":"tag-europe","15":"tag-fr","16":"tag-france","17":"tag-marseille","18":"tag-merlan","19":"tag-news","20":"tag-nouvel","21":"tag-provence-alpes-cote-dazur","22":"tag-quartiers","23":"tag-recherche","24":"tag-region","25":"tag-republique-francaise"},"share_on_mastodon":{"url":"https:\/\/pubeurope.com\/@fr\/114771217978359258","error":""},"_links":{"self":[{"href":"https:\/\/www.europesays.com\/fr\/wp-json\/wp\/v2\/posts\/215162","targetHints":{"allow":["GET"]}}],"collection":[{"href":"https:\/\/www.europesays.com\/fr\/wp-json\/wp\/v2\/posts"}],"about":[{"href":"https:\/\/www.europesays.com\/fr\/wp-json\/wp\/v2\/types\/post"}],"author":[{"embeddable":true,"href":"https:\/\/www.europesays.com\/fr\/wp-json\/wp\/v2\/users\/2"}],"replies":[{"embeddable":true,"href":"https:\/\/www.europesays.com\/fr\/wp-json\/wp\/v2\/comments?post=215162"}],"version-history":[{"count":0,"href":"https:\/\/www.europesays.com\/fr\/wp-json\/wp\/v2\/posts\/215162\/revisions"}],"wp:featuredmedia":[{"embeddable":true,"href":"https:\/\/www.europesays.com\/fr\/wp-json\/wp\/v2\/media\/215163"}],"wp:attachment":[{"href":"https:\/\/www.europesays.com\/fr\/wp-json\/wp\/v2\/media?parent=215162"}],"wp:term":[{"taxonomy":"category","embeddable":true,"href":"https:\/\/www.europesays.com\/fr\/wp-json\/wp\/v2\/categories?post=215162"},{"taxonomy":"post_tag","embeddable":true,"href":"https:\/\/www.europesays.com\/fr\/wp-json\/wp\/v2\/tags?post=215162"}],"curies":[{"name":"wp","href":"https:\/\/api.w.org\/{rel}","templated":true}]}}