{"id":215164,"date":"2025-06-30T07:49:12","date_gmt":"2025-06-30T07:49:12","guid":{"rendered":"https:\/\/www.europesays.com\/fr\/215164\/"},"modified":"2025-06-30T07:49:12","modified_gmt":"2025-06-30T07:49:12","slug":"toute-lactualite-de-ce-lundi-30-juin-2025-a-lyon","status":"publish","type":"post","link":"https:\/\/www.europesays.com\/fr\/215164\/","title":{"rendered":"Toute l&rsquo;actualit\u00e9 de ce lundi 30 juin 2025 \u00e0 Lyon"},"content":{"rendered":"<p>A la une de l\u2019info \u00e0 Lyon : la canicule s\u2019installe \u00e0 Lyon, une nouveau maire pour Sathonay-Village, la fin des jardins potagers chez Arkema, des travaux impactants \u00e0 Saint-Fons, un radar chantier sur les quais de Sa\u00f4ne, la r\u00e9ouverture de la piscine de la Duch\u00e8re, une plaque en hommage \u00e0 Samuel Paty et Dominique Bernard, Le nouveau parc de La France libre et de la R\u00e9sistance, la baignade d\u00e9rivante dans le cadre du Festival entre Rh\u00f4ne et Sa\u00f4ne\u2026<\/p>\n<p>ECOUTEZ LE 1\/4H LYONNAIS\u2026 Toute l\u2019actualit\u00e9 de ce lundi 30 juin 2025<\/p>\n<p>LE 1\/4H LYONNAIS | lundi 30 juin 2025<\/p>\n<p><strong>Canicule<\/strong> : des tem\u00e9ratures jusqu\u2019\u00e0 36 \u00b0C \u00e0 Lyon ce lundi<\/p>\n<p>A <strong>Sathonay Village<\/strong>: <strong>Gilles Bidon<\/strong> remporte les <strong>\u00e9lections municipales anticip\u00e9es<\/strong><\/p>\n<p><strong>Arkema<\/strong> ferme d\u00e9finitivement ses<strong> potagers<\/strong> situ\u00e9s pr\u00e8s de l\u2019<strong>usine de Pierre-B\u00e9nite<\/strong>, apr\u00e8s les r\u00e9sultats d\u00e9finitifs de l\u2019\u00e9valuation des risques li\u00e9s au <strong>PFAS<\/strong><\/p>\n<p>Une i<strong>nterruption totale de la circulation<\/strong> est pr\u00e9vue \u00e0 partir d\u2019aujourd\u2019hui et jusqu\u2019au 30 ao\u00fbt sur l\u2019\u00e9changeur \u201c<strong>Saint-Fons \u2013 boulevard Yves-Farge<\/strong>\u201d<\/p>\n<p>Un <strong>radar de chantier<\/strong> vient d\u2019\u00eatre install\u00e9 \u00e0 la jonction entre les <strong>quais Tilsitt et Mar\u00e9chal-Joffre<\/strong>, \u00e0 hauteur de la rue Franklin. Une zone r\u00e9put\u00e9e accidentog\u00e8ne et qui subit actuellement des <strong>travaux de s\u00e9curisation<\/strong><\/p>\n<p>La <strong>piscine municipale<\/strong> de l\u2019avenue Sakharov \u00e0 <strong>la Duch\u00e8re<\/strong> va rouvrir au public samedi prochain. Apr\u00e8s des travaux pour 345 000 euros\u2026<\/p>\n<p>La <strong>Ville de Lyon<\/strong> a inaugur\u00e9 ce dimanche, au square Jussieu, \u00e0 deux pas de la pr\u00e9fecture, une plaque en<strong> hommage \u00e0 Samuel Paty et Dominique Bernard<\/strong>, 2 professeurs assassin\u00e9s en 2020 et 2023 par des <strong>terroristes islamistes. <\/strong>Une plaque financ\u00e9e par le<strong> Grand Orient de France\u2026<\/strong><\/p>\n<p>Egalement dans l\u2019actualit\u00e9 de ce lundi 30 juin<\/p>\n<p>Quand un vieux parking goudronn\u00e9 devient un <strong>parc arbor\u00e9<\/strong> empli de <strong>g\u00e9n\u00e9rosit\u00e9<\/strong>\u2026Le <strong>nouveau parc de La France libre et de la R\u00e9sistance<\/strong> sur l\u2019ancien Parking de-Barros est tout \u00e0 la fois un <strong>poumon vert<\/strong> mais aussi <strong>un lieu ressource pour les plus pr\u00e9caires<\/strong>\u2026<strong><a href=\"https:\/\/www.lalca.org\/\" target=\"_blank\" rel=\"noreferrer noopener\">LALCA<\/a><\/strong> a r\u00e9alis\u00e9 un travail de <strong>recueil de la parole<\/strong> des plus pr\u00e9caires.<\/p>\n<p>Notre invit\u00e9 : <strong>Florent Ottello<\/strong>, architecte, artiste, chercheur et membre de <strong>LALCA<\/strong><\/p>\n<blockquote class=\"instagram-media\" data-instgrm-captioned=\"\" data-instgrm-permalink=\"https:\/\/www.instagram.com\/p\/DLff36koGR3\/?utm_source=ig_embed&amp;utm_campaign=loading\" data-instgrm-version=\"14\" style=\" background:#FFF; border:0; border-radius:3px; box-shadow:0 0 1px 0 rgba(0,0,0,0.5),0 1px 10px 0 rgba(0,0,0,0.15); margin: 1px; max-width:540px; min-width:326px; padding:0; width:99.375%; width:-webkit-calc(100% - 2px); width:calc(100% - 2px);\"\/>\n<p>Le <strong>Festival entre Rh\u00f4ne et Sa\u00f4ne<\/strong> s\u2019est achev\u00e9 hier soir. Cette journ\u00e9e de dimanche a \u00e9t\u00e9 marqu\u00e9e par\u2026 la <strong>baignade d\u00e9rivante<\/strong><\/p>\n<p>Ecoutez aussi : <a href=\"https:\/\/www.lyondemain.fr\/cuivres-en-dombes-festival\/\" target=\"_blank\" rel=\"noreferrer noopener\">Cuivres en Dombes : Mnozil Brass pour ouvrir le festival\u2026<\/a><\/p>\n<p>Dans cette \u00e9dition, focus sur la Cantina \u00e0 Villeurbanne et ses podcasts inspirants<\/p>\n<p>A d\u00e9couvrir le nouveau <strong>parc de La France libre et de la R\u00e9sistance<\/strong>\u2026 Ce nouvel espace abrite aussi <strong>la Cantina<\/strong> et le <strong>Camion du Coeur<\/strong>. Une s\u00e9rie de <strong>podcasts<\/strong> en \u00e9coute libre permet d\u2019entendre la <strong>voix des plus pr\u00e9caires<\/strong>\u2026 Et de mieux comprendre des probl\u00e9matiques li\u00e9es \u00e0 l\u2019<strong>eau<\/strong> ou \u00e0 l\u2019<strong>alimentation<\/strong>.<\/p>\n<p>Ecoutez aussi : <a href=\"https:\/\/www.lyondemain.fr\/actualite-de-ce-vendredi-27-juin-lyon-info-festival-cuivres-en-dombes\/\" target=\"_blank\" rel=\"noreferrer noopener\">Toute l\u2019actualit\u00e9 de ce lundi 30 juin 2025 \u00e0 Lyon<\/a><\/p>\n<p><img fetchpriority=\"high\" decoding=\"async\" width=\"1200\" height=\"675\" src=\"https:\/\/www.europesays.com\/fr\/wp-content\/uploads\/2025\/06\/actualite-de-ce-lundi-30-juin-2025.jpg\" alt=\"actualit\u00e9 de ce lundi 30 juin 2025 info \u00e0 Lyon\" class=\"wp-image-250259\"  \/>Retrouvez aussi le Quart d\u2019Heure Lyonnais de Lyon Demain sur les antennes de Radio Pluriel (Lyon). Radio Salam (Lyon, Saint-Etienne et Bourg) et Radio Arm\u00e9nie (Lyon et Vienne)<br \/>\nJ\u2019aime \u00e7a\u00a0:<\/p>\n<p>J\u2019aime chargement\u2026<\/p>\n<p><a class=\"sd-link-color\"\/><\/p>\n<p>\n\tArticles similaires\n<\/p>\n<p>\t\t\t\t<img decoding=\"async\" src=\"https:\/\/www.europesays.com\/fr\/wp-content\/uploads\/2025\/06\/1751269752_396_7866158698e17e8ed633c05e8f8e7fe5d9e057ad78661c4dc34e413abb6b9f19\" alt=\"G\u00e9rald Bouchon\"\/><\/p>\n<p>Pionnier des radios libres, passionn\u00e9 de radio, journaliste et dirigeant de m\u00e9dias \u00e9co-responsables..<\/p>\n<p>\t\t\t<script async src=\"\/\/www.instagram.com\/embed.js\"><\/script><\/p>\n","protected":false},"excerpt":{"rendered":"A la une de l\u2019info \u00e0 Lyon : la canicule s\u2019installe \u00e0 Lyon, une nouveau maire pour Sathonay-Village,&hellip;\n","protected":false},"author":2,"featured_media":215165,"comment_status":"","ping_status":"","sticky":false,"template":"","format":"standard","meta":{"footnotes":""},"categories":[1889],"tags":[1111,11,18874,2430,15109,6698,35481,3542,35482,35483,35484,1777,674,34975,35485,1011,27,18621,35486,2428,12,35487,13885,5922,3725,35488,35489,25,12592,35490,35491,2086],"class_list":{"0":"post-215164","1":"post","2":"type-post","3":"status-publish","4":"format-standard","5":"has-post-thumbnail","7":"category-lyon","8":"tag-actu","9":"tag-actualites","10":"tag-arkema","11":"tag-auvergne-rhone-alpes","12":"tag-baignade","13":"tag-canicule","14":"tag-cantina","15":"tag-circulation","16":"tag-cuisines-collectives","17":"tag-dominique-bernard","18":"tag-duchere","19":"tag-eu","20":"tag-europe","21":"tag-festival-entre-rhone-et-saone","22":"tag-florent-ottello","23":"tag-fr","24":"tag-france","25":"tag-jardins","26":"tag-lalca","27":"tag-lyon","28":"tag-news","29":"tag-parc-urbain","30":"tag-pfas","31":"tag-piscine","32":"tag-podcast","33":"tag-quai-tilsitt","34":"tag-radar-chantier","35":"tag-republique-francaise","36":"tag-saint-fons","37":"tag-samuel-paty","38":"tag-sathonay-village","39":"tag-travaux"},"share_on_mastodon":{"url":"https:\/\/pubeurope.com\/@fr\/114771221882251651","error":""},"_links":{"self":[{"href":"https:\/\/www.europesays.com\/fr\/wp-json\/wp\/v2\/posts\/215164","targetHints":{"allow":["GET"]}}],"collection":[{"href":"https:\/\/www.europesays.com\/fr\/wp-json\/wp\/v2\/posts"}],"about":[{"href":"https:\/\/www.europesays.com\/fr\/wp-json\/wp\/v2\/types\/post"}],"author":[{"embeddable":true,"href":"https:\/\/www.europesays.com\/fr\/wp-json\/wp\/v2\/users\/2"}],"replies":[{"embeddable":true,"href":"https:\/\/www.europesays.com\/fr\/wp-json\/wp\/v2\/comments?post=215164"}],"version-history":[{"count":0,"href":"https:\/\/www.europesays.com\/fr\/wp-json\/wp\/v2\/posts\/215164\/revisions"}],"wp:featuredmedia":[{"embeddable":true,"href":"https:\/\/www.europesays.com\/fr\/wp-json\/wp\/v2\/media\/215165"}],"wp:attachment":[{"href":"https:\/\/www.europesays.com\/fr\/wp-json\/wp\/v2\/media?parent=215164"}],"wp:term":[{"taxonomy":"category","embeddable":true,"href":"https:\/\/www.europesays.com\/fr\/wp-json\/wp\/v2\/categories?post=215164"},{"taxonomy":"post_tag","embeddable":true,"href":"https:\/\/www.europesays.com\/fr\/wp-json\/wp\/v2\/tags?post=215164"}],"curies":[{"name":"wp","href":"https:\/\/api.w.org\/{rel}","templated":true}]}}