{"id":215168,"date":"2025-06-30T07:52:12","date_gmt":"2025-06-30T07:52:12","guid":{"rendered":"https:\/\/www.europesays.com\/fr\/215168\/"},"modified":"2025-06-30T07:52:12","modified_gmt":"2025-06-30T07:52:12","slug":"canicule-restrictions-de-circulation-en-ile-de-france-des-lundi","status":"publish","type":"post","link":"https:\/\/www.europesays.com\/fr\/215168\/","title":{"rendered":"Canicule\u00a0: restrictions de circulation en \u00cele-de-France d\u00e8s lundi"},"content":{"rendered":"<p><img loading=\"lazy\" decoding=\"async\" alt=\"\u00a9 AP\/Antonin Albert - Face \u00e0 un pic d\u2019ozone provoqu\u00e9 par les fortes chaleurs, la pr\u00e9fecture de police de Paris impose d\u00e8s lundi une baisse de la vitesse.\" data-zoom-src=\"https:\/\/www.europesays.com\/fr\/wp-content\/uploads\/2025\/06\/initial-circulation-paris.jpg\" data-zoomable=\"\" height=\"702\" src=\"https:\/\/www.europesays.com\/fr\/wp-content\/uploads\/2025\/06\/initial-circulation-paris.jpg\" width=\"1248\"\/>  <\/p>\n<p class=\"article-desc\">\u00a9 AP\/Antonin Albert &#8211; Face \u00e0 un pic d\u2019ozone provoqu\u00e9 par les fortes chaleurs, la pr\u00e9fecture de police de Paris impose d\u00e8s lundi une baisse de la vitesse. <\/p>\n<p>\u00c0 partir de ce lundi 30 juin, la <strong>circulation en \u00cele-de-France<\/strong> sera encadr\u00e9e par des mesures de restriction d\u00e9cid\u00e9es par la <strong>pr\u00e9fecture de police de Paris<\/strong>. En cause : les<a href=\"https:\/\/mesinfos.fr\/ile-de-france\/alimentation-et-fortes-chaleurs-les-5-bons-reflexes-a-adopter-cet-ete-224801.html\" rel=\"noopener nofollow\" target=\"_blank\"> fortes chaleurs <\/a>et un<strong> taux d\u2019ozone <\/strong>en nette hausse, qui justifient une r\u00e9ponse rapide pour limiter l\u2019exposition de la population aux risques sanitaires li\u00e9s \u00e0 la<strong> pollution atmosph\u00e9rique<\/strong>. <\/p>\n<p>Abaissement g\u00e9n\u00e9ralis\u00e9 de la vitesse <\/p>\n<p>Parmi les principales restrictions, un abaissement de 20 km\/h de la vitesse maximale autoris\u00e9e est instaur\u00e9 sur l\u2019ensemble des routes situ\u00e9es \u00e0 l\u2019int\u00e9rieur du p\u00e9rim\u00e8tre de l\u2019<strong>autoroute A86,<\/strong> \u00e0 l\u2019exception de celle-ci. Ainsi, les automobilistes devront s\u2019adapter aux nouvelles limitations : 110 km\/h sur les portions habituellement limit\u00e9es \u00e0 130 km\/h, 90 km\/h au lieu de 110, et 70 km\/h sur les axes initialement plafonn\u00e9s \u00e0 90 km\/h ou 80 km\/h. Ces mesures concernent non seulement les <strong>autoroutes<\/strong> et <strong>voies rapides<\/strong>, mais aussi les routes nationales et d\u00e9partementales traversant la r\u00e9gion.<\/p>\n<p>La pr\u00e9fecture de police recommande fortement de<strong> limiter les trajets en voiture<\/strong>, incitant les usagers \u00e0 privil\u00e9gier les <a href=\"https:\/\/mesinfos.fr\/transports-en-commun-les-petites-communes-mal-desservies-211419.html\" rel=\"noopener nofollow\" target=\"_blank\">transports en commun<\/a>, les mobilit\u00e9s douces, ou encore le <strong>t\u00e9l\u00e9travail <\/strong>lorsque cela est possible. Les poids lourds de plus de 3,5 tonnes devront, pour leur part, \u00e9viter la zone en empruntant la<strong> rocade francilienne<\/strong>, afin de ne pas aggraver la situation sur les grands axes urbains. Les restrictions seront appliqu\u00e9es quotidiennement de 5h30 \u00e0 minuit, et resteront en vigueur tant qu\u2019un arr\u00eat\u00e9 pr\u00e9fectoral ne viendra pas les lever.<\/p>\n","protected":false},"excerpt":{"rendered":"\u00a9 AP\/Antonin Albert &#8211; Face \u00e0 un pic d\u2019ozone provoqu\u00e9 par les fortes chaleurs, la pr\u00e9fecture de police&hellip;\n","protected":false},"author":2,"featured_media":215169,"comment_status":"","ping_status":"","sticky":false,"template":"","format":"standard","meta":{"footnotes":""},"categories":[1592],"tags":[1111,11,35492,6698,1777,674,1011,27,662,12,626,25],"class_list":{"0":"post-215168","1":"post","2":"type-post","3":"status-publish","4":"format-standard","5":"has-post-thumbnail","7":"category-ile-de-france","8":"tag-actu","9":"tag-actualites","10":"tag-alerte-canicule","11":"tag-canicule","12":"tag-eu","13":"tag-europe","14":"tag-fr","15":"tag-france","16":"tag-ile-de-france","17":"tag-news","18":"tag-paris","19":"tag-republique-francaise"},"share_on_mastodon":{"url":"https:\/\/pubeurope.com\/@fr\/114771233663082051","error":""},"_links":{"self":[{"href":"https:\/\/www.europesays.com\/fr\/wp-json\/wp\/v2\/posts\/215168","targetHints":{"allow":["GET"]}}],"collection":[{"href":"https:\/\/www.europesays.com\/fr\/wp-json\/wp\/v2\/posts"}],"about":[{"href":"https:\/\/www.europesays.com\/fr\/wp-json\/wp\/v2\/types\/post"}],"author":[{"embeddable":true,"href":"https:\/\/www.europesays.com\/fr\/wp-json\/wp\/v2\/users\/2"}],"replies":[{"embeddable":true,"href":"https:\/\/www.europesays.com\/fr\/wp-json\/wp\/v2\/comments?post=215168"}],"version-history":[{"count":0,"href":"https:\/\/www.europesays.com\/fr\/wp-json\/wp\/v2\/posts\/215168\/revisions"}],"wp:featuredmedia":[{"embeddable":true,"href":"https:\/\/www.europesays.com\/fr\/wp-json\/wp\/v2\/media\/215169"}],"wp:attachment":[{"href":"https:\/\/www.europesays.com\/fr\/wp-json\/wp\/v2\/media?parent=215168"}],"wp:term":[{"taxonomy":"category","embeddable":true,"href":"https:\/\/www.europesays.com\/fr\/wp-json\/wp\/v2\/categories?post=215168"},{"taxonomy":"post_tag","embeddable":true,"href":"https:\/\/www.europesays.com\/fr\/wp-json\/wp\/v2\/tags?post=215168"}],"curies":[{"name":"wp","href":"https:\/\/api.w.org\/{rel}","templated":true}]}}