{"id":215180,"date":"2025-06-30T07:58:11","date_gmt":"2025-06-30T07:58:11","guid":{"rendered":"https:\/\/www.europesays.com\/fr\/215180\/"},"modified":"2025-06-30T07:58:11","modified_gmt":"2025-06-30T07:58:11","slug":"en-direct-lukraine-se-rapproche-dun-retrait-de-la-convention-sur-linterdiction-des-mines-antipersonnel","status":"publish","type":"post","link":"https:\/\/www.europesays.com\/fr\/215180\/","title":{"rendered":"En direct \u2013 L\u2019Ukraine se rapproche d\u2019un retrait de la convention sur l\u2019interdiction des mines antipersonnel"},"content":{"rendered":"<p>        08:32<\/p>\n<p>      Vladimir Poutine \u00abveut la capitulation\u00bb de l\u2019Ukraine, critique la diplomatie allemande<\/p>\n<p>              <a tabindex=\"-1\" title=\"Le Temps avec l\u2019AFP\" href=\"https:\/\/www.letemps.ch\/profil\/le-temps-avec-l-afp\" rel=\"nofollow noopener\" target=\"_blank\"><\/p>\n<p>                    <img decoding=\"async\" src=\"https:\/\/www.europesays.com\/fr\/wp-content\/uploads\/2025\/04\/1744691829_537_small.jpeg\" class=\"lazy\" alt=\"\"\/><\/p>\n<p><\/a>        <\/p>\n<p>Le chef de la diplomatie allemande, Johann Wadephul, a accus\u00e9 lundi le pr\u00e9sident russe Vladimir Poutine de vouloir imposer la \u00abcapitulation\u00bb de l\u2019Ukraine sans aucune v\u00e9ritable volont\u00e9 de n\u00e9gocier, apr\u00e8s son arriv\u00e9e \u00e0 Kiev pour une visite inopin\u00e9e.<\/p>\n<p>Si l\u2019Ukraine est pr\u00eate \u00e0 de v\u00e9ritables n\u00e9gociations avec Moscou, \u00abPoutine, lui, ne c\u00e8de sur aucune de ses exigences maximalistes: il ne veut pas de n\u00e9gociations, mais une capitulation\u00bb, assure Johann Wadephul, cit\u00e9 dans un communiqu\u00e9 du minist\u00e8re des Affaires \u00e9trang\u00e8res.<\/p>\n<p>        07:02<\/p>\n<p>      La Russie en appelle aux \u00abvaleurs traditionnelles\u00bb pour encourager une d\u00e9mographie en berne<\/p>\n<p>              <a tabindex=\"-1\" title=\"Le Temps avec l\u2019AFP\" href=\"https:\/\/www.letemps.ch\/profil\/le-temps-avec-l-afp\" rel=\"nofollow noopener\" target=\"_blank\"><\/p>\n<p>                    <img decoding=\"async\" src=\"https:\/\/www.europesays.com\/fr\/wp-content\/uploads\/2025\/04\/1744691829_537_small.jpeg\" class=\"lazy\" alt=\"\"\/><\/p>\n<p><\/a>        <\/p>\n<p>Pour Vladimir Poutine, l\u2019hiver d\u00e9mographique est une affaire d\u2019\u00c9tat. Fin d\u00e9cembre, le pr\u00e9sident russe alertait sur une \u00abextinction\u00bb des Russes si la courbe ne s\u2019inversait pas.<\/p>\n<p>Car avec 1,22\u00a0million de naissances en 2024 et 1,18\u00a0million attendues cette ann\u00e9e, il s\u2019agit d&rsquo;\u00abun anti-record pour la Russie depuis 225\u00a0ans\u00bb, alerte Alexe\u00ef Rakcha, un d\u00e9mographe ind\u00e9pendant que Moscou classe d\u00e9sormais comme \u00abagent de l\u2019\u00e9tranger\u00bb. Pourtant, avec officiellement 1,41 enfant par femme en \u00e2ge de procr\u00e9er en 2023, contre 1,38 pour la moyenne europ\u00e9enne, hors immigration, \u00abla Russie diff\u00e8re peu de la plupart des pays d\u00e9velopp\u00e9s o\u00f9 la natalit\u00e9 est en berne\u00bb, explique M. Rakcha.<\/p>\n<p>La Russie compte 145,6\u00a0millions d\u2019habitants, dont les 2,5\u00a0millions r\u00e9sidents de la Crim\u00e9e, annex\u00e9e en 2014. Et elle risque de perdre jusqu\u2019\u00e0 15\u00a0millions d\u2019habitants au cours des vingt prochaines ann\u00e9es, selon le sc\u00e9nario pessimiste de l\u2019Agence nationale des statistiques (Rosstat), publi\u00e9 en janvier 2024.<\/p>\n","protected":false},"excerpt":{"rendered":"08:32 Vladimir Poutine \u00abveut la capitulation\u00bb de l\u2019Ukraine, critique la diplomatie allemande Le chef de la diplomatie allemande,&hellip;\n","protected":false},"author":2,"featured_media":215181,"comment_status":"","ping_status":"","sticky":false,"template":"","format":"standard","meta":{"footnotes":""},"categories":[1590],"tags":[11,1777,674,4438,12,132,220],"class_list":{"0":"post-215180","1":"post","2":"type-post","3":"status-publish","4":"format-standard","5":"has-post-thumbnail","7":"category-ukraine","8":"tag-actualites","9":"tag-eu","10":"tag-europe","11":"tag-free","12":"tag-news","13":"tag-russie","14":"tag-ukraine"},"share_on_mastodon":{"url":"https:\/\/pubeurope.com\/@fr\/114771257260080469","error":""},"_links":{"self":[{"href":"https:\/\/www.europesays.com\/fr\/wp-json\/wp\/v2\/posts\/215180","targetHints":{"allow":["GET"]}}],"collection":[{"href":"https:\/\/www.europesays.com\/fr\/wp-json\/wp\/v2\/posts"}],"about":[{"href":"https:\/\/www.europesays.com\/fr\/wp-json\/wp\/v2\/types\/post"}],"author":[{"embeddable":true,"href":"https:\/\/www.europesays.com\/fr\/wp-json\/wp\/v2\/users\/2"}],"replies":[{"embeddable":true,"href":"https:\/\/www.europesays.com\/fr\/wp-json\/wp\/v2\/comments?post=215180"}],"version-history":[{"count":0,"href":"https:\/\/www.europesays.com\/fr\/wp-json\/wp\/v2\/posts\/215180\/revisions"}],"wp:featuredmedia":[{"embeddable":true,"href":"https:\/\/www.europesays.com\/fr\/wp-json\/wp\/v2\/media\/215181"}],"wp:attachment":[{"href":"https:\/\/www.europesays.com\/fr\/wp-json\/wp\/v2\/media?parent=215180"}],"wp:term":[{"taxonomy":"category","embeddable":true,"href":"https:\/\/www.europesays.com\/fr\/wp-json\/wp\/v2\/categories?post=215180"},{"taxonomy":"post_tag","embeddable":true,"href":"https:\/\/www.europesays.com\/fr\/wp-json\/wp\/v2\/tags?post=215180"}],"curies":[{"name":"wp","href":"https:\/\/api.w.org\/{rel}","templated":true}]}}