{"id":215197,"date":"2025-06-30T08:09:09","date_gmt":"2025-06-30T08:09:09","guid":{"rendered":"https:\/\/www.europesays.com\/fr\/215197\/"},"modified":"2025-06-30T08:09:09","modified_gmt":"2025-06-30T08:09:09","slug":"un-toulonnais-appele-en-urgence-chez-les-lions-britanniques","status":"publish","type":"post","link":"https:\/\/www.europesays.com\/fr\/215197\/","title":{"rendered":"Un Toulonnais appel\u00e9 en urgence chez les Lions Britanniques !"},"content":{"rendered":"<p>L\u2019information a \u00e9t\u00e9 r\u00e9v\u00e9l\u00e9e ce lundi matin.<\/p>\n<p>Un joueur du Rugby Club Toulonnais a \u00e9t\u00e9 appel\u00e9 en urgence chez les Lions Britanniques.<\/p>\n<p>Ce joueur, c\u2019est le demi-de-m\u00eal\u00e9e Ben White.<\/p>\n<p>L\u2019international Ecossais va rejoindre le squad des Lions Britanniques suite \u00e0 la blessure contract\u00e9e par le demi-de-m\u00eal\u00e9e Tomos Williams.<\/p>\n<p>L\u2019international Gallois de 30 ans s\u2019est bless\u00e9 lors du match des Lions contre la Western Force, ce week-end.<\/p>\n<p>F\u00e9licitations \u00e0 Ben White pour cette convocation.<\/p>\n","protected":false},"excerpt":{"rendered":"L\u2019information a \u00e9t\u00e9 r\u00e9v\u00e9l\u00e9e ce lundi matin. Un joueur du Rugby Club Toulonnais a \u00e9t\u00e9 appel\u00e9 en urgence&hellip;\n","protected":false},"author":2,"featured_media":215198,"comment_status":"","ping_status":"","sticky":false,"template":"","format":"standard","meta":{"footnotes":""},"categories":[1416],"tags":[1011,27,479,1468,60],"class_list":{"0":"post-215197","1":"post","2":"type-post","3":"status-publish","4":"format-standard","5":"has-post-thumbnail","7":"category-rugby","8":"tag-fr","9":"tag-france","10":"tag-rugby","11":"tag-rugby-football","12":"tag-sports"},"share_on_mastodon":{"url":"https:\/\/pubeurope.com\/@fr\/114771300382139536","error":""},"_links":{"self":[{"href":"https:\/\/www.europesays.com\/fr\/wp-json\/wp\/v2\/posts\/215197","targetHints":{"allow":["GET"]}}],"collection":[{"href":"https:\/\/www.europesays.com\/fr\/wp-json\/wp\/v2\/posts"}],"about":[{"href":"https:\/\/www.europesays.com\/fr\/wp-json\/wp\/v2\/types\/post"}],"author":[{"embeddable":true,"href":"https:\/\/www.europesays.com\/fr\/wp-json\/wp\/v2\/users\/2"}],"replies":[{"embeddable":true,"href":"https:\/\/www.europesays.com\/fr\/wp-json\/wp\/v2\/comments?post=215197"}],"version-history":[{"count":0,"href":"https:\/\/www.europesays.com\/fr\/wp-json\/wp\/v2\/posts\/215197\/revisions"}],"wp:featuredmedia":[{"embeddable":true,"href":"https:\/\/www.europesays.com\/fr\/wp-json\/wp\/v2\/media\/215198"}],"wp:attachment":[{"href":"https:\/\/www.europesays.com\/fr\/wp-json\/wp\/v2\/media?parent=215197"}],"wp:term":[{"taxonomy":"category","embeddable":true,"href":"https:\/\/www.europesays.com\/fr\/wp-json\/wp\/v2\/categories?post=215197"},{"taxonomy":"post_tag","embeddable":true,"href":"https:\/\/www.europesays.com\/fr\/wp-json\/wp\/v2\/tags?post=215197"}],"curies":[{"name":"wp","href":"https:\/\/api.w.org\/{rel}","templated":true}]}}