{"id":215235,"date":"2025-06-30T08:30:11","date_gmt":"2025-06-30T08:30:11","guid":{"rendered":"https:\/\/www.europesays.com\/fr\/215235\/"},"modified":"2025-06-30T08:30:11","modified_gmt":"2025-06-30T08:30:11","slug":"meteo-apres-la-canicule-des-orages-forts-annonces-dans-la-loire-ou-ils-vont-frapper","status":"publish","type":"post","link":"https:\/\/www.europesays.com\/fr\/215235\/","title":{"rendered":"M\u00e9t\u00e9o. Apr\u00e8s la canicule, des orages forts annonc\u00e9s dans la Loire : o\u00f9 ils vont frapper"},"content":{"rendered":"<p>            Par<br \/>\n        <strong><br \/>\n            <a href=\"https:\/\/actu.fr\/auteur\/redaction-saint-etienne\" title=\"Consulter tous les articles de R\u00e9daction Saint-\u00c9tienne\" rel=\"nofollow noopener\" target=\"_blank\">R\u00e9daction Saint-\u00c9tienne<\/a><br \/>\n        <\/strong><\/p>\n<p>        Publi\u00e9 le<\/p>\n<p>            30 juin 2025 \u00e0 10h23        <\/p>\n<p>Il fait tr\u00e8s chaud sur la r\u00e9gion Auvergne-Rh\u00f4ne-Alpes. Sur le Cantal, la Haute-Loire et la <a href=\"https:\/\/actu.fr\/auvergne-rhone-alpes\/loire_42\" rel=\"nofollow noopener\" target=\"_blank\">Loire<\/a>, les temp\u00e9ratures maximales de dimanche ont atteint 33-34\u00b0C \u00e0 Saint-Etienne, le Puy-en-Velay et Aurillac.<\/p>\n<p class=\" wall-content\">\u00c0 5h, on rel\u00e8ve encore 18-19\u00b0C au Puy et \u00e0 Aurillac, et 21\u00b0C \u00e0 <a href=\"https:\/\/actu.fr\/saint-etienne\/\" rel=\"nofollow noopener\" target=\"_blank\">Saint-Etienne<\/a>.<\/p>\n<p>37\u00b0C localement 38\u00b0C en plaine du Forez et vall\u00e9e du Gier<\/p>\n<p class=\" wall-content\">Ce lundi, les maximales atteignent des valeurs comprises entre 33 et 35\u00b0C \u00e0 basse et moyenne altitude dans le Cantal et en Haute-Loire, et jusqu\u2019\u00e0 37\u00b0C localement 38\u00b0C en plaine du Forez et vall\u00e9e du Gier. Elles sont en l\u00e9g\u00e8re hausse par rapport \u00e0 la veille.<\/p>\n<p class=\" wall-content\">M\u00e9t\u00e9o France a plac\u00e9 la Loire en alerte orange canicule depuis dimanche midi jusqu\u2019\u00e0 mardi au moins. Ce lundi, l\u2019agence m\u00e9t\u00e9o \u00e9met un bulletin de vigilance jaune aux orages.<\/p>\n<p>Risque d\u2019orages forts sur le sud-est<\/p>\n<p class=\" wall-content\">D\u2019apr\u00e8s la pr\u00e9fecture lig\u00e9rienne, les orages concerneront majoritairement les reliefs.<\/p>\n<p>Vid\u00e9os : en ce moment sur Actu<\/p>\n<ul class=\" wall-content\">\n<li>De possibles pr\u00e9cipitations pourront se m\u00ealer \u00e0 ces orages.<\/li>\n<li>Les rafales de vent pourront atteindre 60km\/h.<\/li>\n<\/ul>\n<p class=\" wall-content\">Selon Keraunos, observatoire fran\u00e7ais des orages et tornades, le risque est faible \u00e0 mod\u00e9r\u00e9, voire localement fort sur le sud-est.<\/p>\n<blockquote class=\"ac-article-quote wall-content\">\n<p>Dans l&rsquo;apr\u00e8s-midi, des orages vont se d\u00e9velopper sur les reliefs. Ils d\u00e9borderont ensuite dans les plaines et vall\u00e9es, plus facilement sur le sud-est et aux abords des Vosges. Ces orages seront en mesure de produire quelques microrafales isol\u00e9es fortes, des chutes de gr\u00eale localement abondantes et des pluies intenses (faible mobilit\u00e9). En fin de soir\u00e9e, le risque orageux deviendra nul.<\/p>\n<p>    <strong>Keraunos<\/strong><br \/>\n        Observatoire fran\u00e7ais des orages et tornades    <\/p><\/blockquote>\n<p><a class=\"jo-module-caroussel__img-container\" href=\"https:\/\/static.actu.fr\/uploads\/2025\/06\/prevision-orages-tornades-keraunos-16.png\" title=\"Agrandir la photo Selon Keraunos, observatoire fran\u00e7ais des orages et tornades, le risque est faible \u00e0 mod\u00e9r\u00e9, voire localement fort sur le sud-est.\u00a0\u00a0 (\u00a9 Carte Keraunos)\" data-idx=\"1\" rel=\"nofollow noopener\" target=\"_blank\"><br \/>\n    <img decoding=\"async\" class=\"jo-module-caroussel__img\" loading=\"lazy\" src=\"https:\/\/www.europesays.com\/fr\/wp-content\/uploads\/2025\/06\/prevision-orages-tornades-keraunos-16-640x427.png\" alt=\"Selon Keraunos, observatoire fran\u00e7ais des orages et tornades, le risque est faible \u00e0 mod\u00e9r\u00e9, voire localement fort sur le sud-est.\u00a0\u00a0 (\u00a9 Carte Keraunos)\" width=\"640\" height=\"427\"\/><\/a><\/p>\n<p class=\" wall-content\">Ces orages peuvent amener de la gr\u00eale. D\u2019apr\u00e8s Extr\u00eame m\u00e9t\u00e9o, \u00ab\u2009des amorces supercellulaires ou formation isol\u00e9e d\u2019une supercellule aboutie ne sont pas \u00e0 exclure entre est du Massif Central et vall\u00e9e du Rh\u00f4ne. Ces orages perdureront en soir\u00e9e avant de s\u2019\u00e9teindre en soir\u00e9e.\u2009\u00bb<\/p>\n<p>Les temp\u00e9ratures repartent \u00e0 la hausse<\/p>\n<p class=\" wall-content\">En cours de nuit de lundi \u00e0 mardi, les temp\u00e9ratures minimales sont similaires \u00e0 celles de la veille et souvent ne repassent pas en dessous de 17\u00b0C au Puy et \u00e0 Aurillac, 20-22\u00b0C dans la Loire.<\/p>\n<p class=\" wall-content\">En journ\u00e9e de mardi, les temp\u00e9ratures sont stationnaires ou en l\u00e9g\u00e8re hausse, et atteignent 35\u00b0 au Puy et \u00e0 Aurillac, 37\u00b0C en plaine du Forez et vall\u00e9e du Gier.<\/p>\n<p class=\" wall-content\">\u00c0 noter que les temp\u00e9ratures sont aussi remarquables en montagne avec des maximales souvent sup\u00e9rieures \u00e0 30\u00b0C \u00e0 1000 m d\u2019altitude.<\/p>\n<p class=\" wall-content\">\u00ab\u2009Les temp\u00e9ratures sont estim\u00e9es sous abri ventil\u00e9 et sur terrain herbeux, et sont susceptibles d\u2019\u00eatre plus \u00e9lev\u00e9es en milieu urbain\u2009\u00bb, rappelle M\u00e9t\u00e9o-France.<\/p>\n<p class=\" wall-content\">Suivez toute l\u2019actualit\u00e9 de vos villes et m\u00e9dias favoris en vous inscrivant \u00e0 <a href=\"https:\/\/moncompte.actu.fr\" title=\"D\u00e9couvez Mon Actu\" rel=\"nofollow noopener\" data-trk=\"{&quot;cta&quot;:{&quot;action&quot;:&quot;https:\\\/\\\/moncompte.actu.fr&quot;,&quot;category&quot;:&quot;mon compte&quot;,&quot;from&quot;:&quot;article footer&quot;,&quot;name&quot;:&quot;Mon actu&quot;,&quot;type&quot;:&quot;cta&quot;}}\" target=\"_blank\">Mon Actu<\/a>.<\/p>\n","protected":false},"excerpt":{"rendered":"Par R\u00e9daction Saint-\u00c9tienne Publi\u00e9 le 30 juin 2025 \u00e0 10h23 Il fait tr\u00e8s chaud sur la r\u00e9gion Auvergne-Rh\u00f4ne-Alpes.&hellip;\n","protected":false},"author":2,"featured_media":215236,"comment_status":"","ping_status":"","sticky":false,"template":"","format":"standard","meta":{"footnotes":""},"categories":[9653],"tags":[1111,11,2430,6698,1777,674,1011,27,2487,2357,12,4594,25,4001],"class_list":{"0":"post-215235","1":"post","2":"type-post","3":"status-publish","4":"format-standard","5":"has-post-thumbnail","7":"category-saint-etienne","8":"tag-actu","9":"tag-actualites","10":"tag-auvergne-rhone-alpes","11":"tag-canicule","12":"tag-eu","13":"tag-europe","14":"tag-fr","15":"tag-france","16":"tag-meteo","17":"tag-meteo-france","18":"tag-news","19":"tag-orages","20":"tag-republique-francaise","21":"tag-saint-etienne"},"share_on_mastodon":{"url":"https:\/\/pubeurope.com\/@fr\/114771383088015072","error":""},"_links":{"self":[{"href":"https:\/\/www.europesays.com\/fr\/wp-json\/wp\/v2\/posts\/215235","targetHints":{"allow":["GET"]}}],"collection":[{"href":"https:\/\/www.europesays.com\/fr\/wp-json\/wp\/v2\/posts"}],"about":[{"href":"https:\/\/www.europesays.com\/fr\/wp-json\/wp\/v2\/types\/post"}],"author":[{"embeddable":true,"href":"https:\/\/www.europesays.com\/fr\/wp-json\/wp\/v2\/users\/2"}],"replies":[{"embeddable":true,"href":"https:\/\/www.europesays.com\/fr\/wp-json\/wp\/v2\/comments?post=215235"}],"version-history":[{"count":0,"href":"https:\/\/www.europesays.com\/fr\/wp-json\/wp\/v2\/posts\/215235\/revisions"}],"wp:featuredmedia":[{"embeddable":true,"href":"https:\/\/www.europesays.com\/fr\/wp-json\/wp\/v2\/media\/215236"}],"wp:attachment":[{"href":"https:\/\/www.europesays.com\/fr\/wp-json\/wp\/v2\/media?parent=215235"}],"wp:term":[{"taxonomy":"category","embeddable":true,"href":"https:\/\/www.europesays.com\/fr\/wp-json\/wp\/v2\/categories?post=215235"},{"taxonomy":"post_tag","embeddable":true,"href":"https:\/\/www.europesays.com\/fr\/wp-json\/wp\/v2\/tags?post=215235"}],"curies":[{"name":"wp","href":"https:\/\/api.w.org\/{rel}","templated":true}]}}