{"id":215240,"date":"2025-06-30T08:35:21","date_gmt":"2025-06-30T08:35:21","guid":{"rendered":"https:\/\/www.europesays.com\/fr\/215240\/"},"modified":"2025-06-30T08:35:21","modified_gmt":"2025-06-30T08:35:21","slug":"le-champion-de-boxe-toulonnais-jeremy-parodi-lance-ses-entrainements-gratuits-sur-la-plage-et-cest-ouvert-a-tous","status":"publish","type":"post","link":"https:\/\/www.europesays.com\/fr\/215240\/","title":{"rendered":"Le champion de boxe toulonnais J\u00e9r\u00e9my Parodi lance ses entra\u00eenements (gratuits) sur la plage et c&rsquo;est ouvert \u00e0 tous!"},"content":{"rendered":"<p>Avec l\u2019arriv\u00e9e des beaux jours, le Toulonnais multiple champion international de boxe anglaise, J\u00e9r\u00e9my Parodi, se lance dans un nouveau projet: proposer des s\u00e9ances gratuites de boxe au plus grand nombre d\u00e8s huit ans.<\/p>\n<p>\u00ab\u00a0Je souhaite transmettre mon savoir aux femmes, aux enfants, aux hommes qui souhaitent d\u00e9couvrir la pratique. Les objectifs seront de s\u2019entra\u00eener physiquement, mentalement mais aussi de se ressourcer, une fa\u00e7on de d\u00e9compresser, de se faire plaisir. Mon projet est n\u00e9 avec une \u00e9norme envie d\u2019<strong>aider les jeunes qui n\u2019ont pas forc\u00e9ment les moyens de s\u2019offrir des activit\u00e9s physiques<\/strong> ou qui sont dans une mauvaise passe. \u00c7a me tient \u00e0 c\u0153ur\u00a0\u00bb, invite le champion de boxe.<\/p>\n<p><strong>Cours gratuit<\/strong><\/p>\n<p>\u00ab\u00a0Il n\u2019y a pas d\u2019\u00e2ge pour faire du sport. Le sport, c\u2019est la sant\u00e9. Venez avec votre sac et vos affaires. C\u2019est gratuit. Je demande juste du respect envers ses partenaires et l\u2019encadrement\u00a0\u00bb, pr\u00e9cise le boxeur au grand c\u0153ur.<\/p>\n<p>Tout au long de l\u2019\u00e9t\u00e9, <strong>les s\u00e9ances seront dispens\u00e9es sur les plages de La Seyne-sur-Mer, Toulon et Hy\u00e8res.<\/strong><\/p>\n<p>Le palmar\u00e8s de J\u00e9r\u00e9my Parodi: 3 fois champion de France, 2 fois champion de l\u2019Union europ\u00e9enne, 4 championnats d\u2019Europe, 3 fois champion IBF International, 2 fois champion du monde Espoirs (- 25 ans), 50 combats, 44 victoires, 1 nul, 5 d\u00e9faites.<\/p>\n<p>\u00a0<\/p>\n<p>Contact 06.02.43.56.35.<\/p>\n","protected":false},"excerpt":{"rendered":"Avec l\u2019arriv\u00e9e des beaux jours, le Toulonnais multiple champion international de boxe anglaise, J\u00e9r\u00e9my Parodi, se lance dans&hellip;\n","protected":false},"author":2,"featured_media":215241,"comment_status":"","ping_status":"","sticky":false,"template":"","format":"standard","meta":{"footnotes":""},"categories":[9619],"tags":[1111,11,1777,674,1011,27,12,882,25,2310,3366],"class_list":{"0":"post-215240","1":"post","2":"type-post","3":"status-publish","4":"format-standard","5":"has-post-thumbnail","7":"category-toulon","8":"tag-actu","9":"tag-actualites","10":"tag-eu","11":"tag-europe","12":"tag-fr","13":"tag-france","14":"tag-news","15":"tag-provence-alpes-cote-dazur","16":"tag-republique-francaise","17":"tag-toulon","18":"tag-vie-locale"},"share_on_mastodon":{"url":"https:\/\/pubeurope.com\/@fr\/114771402643009412","error":""},"_links":{"self":[{"href":"https:\/\/www.europesays.com\/fr\/wp-json\/wp\/v2\/posts\/215240","targetHints":{"allow":["GET"]}}],"collection":[{"href":"https:\/\/www.europesays.com\/fr\/wp-json\/wp\/v2\/posts"}],"about":[{"href":"https:\/\/www.europesays.com\/fr\/wp-json\/wp\/v2\/types\/post"}],"author":[{"embeddable":true,"href":"https:\/\/www.europesays.com\/fr\/wp-json\/wp\/v2\/users\/2"}],"replies":[{"embeddable":true,"href":"https:\/\/www.europesays.com\/fr\/wp-json\/wp\/v2\/comments?post=215240"}],"version-history":[{"count":0,"href":"https:\/\/www.europesays.com\/fr\/wp-json\/wp\/v2\/posts\/215240\/revisions"}],"wp:featuredmedia":[{"embeddable":true,"href":"https:\/\/www.europesays.com\/fr\/wp-json\/wp\/v2\/media\/215241"}],"wp:attachment":[{"href":"https:\/\/www.europesays.com\/fr\/wp-json\/wp\/v2\/media?parent=215240"}],"wp:term":[{"taxonomy":"category","embeddable":true,"href":"https:\/\/www.europesays.com\/fr\/wp-json\/wp\/v2\/categories?post=215240"},{"taxonomy":"post_tag","embeddable":true,"href":"https:\/\/www.europesays.com\/fr\/wp-json\/wp\/v2\/tags?post=215240"}],"curies":[{"name":"wp","href":"https:\/\/api.w.org\/{rel}","templated":true}]}}