{"id":21525,"date":"2025-04-13T06:14:10","date_gmt":"2025-04-13T06:14:10","guid":{"rendered":"https:\/\/www.europesays.com\/fr\/21525\/"},"modified":"2025-04-13T06:14:10","modified_gmt":"2025-04-13T06:14:10","slug":"le-tenant-du-titre-stefanos-tsitsipas-elimine-des-les-quarts-de-finale-de-monte-carlo-par-lorenzo-musetti","status":"publish","type":"post","link":"https:\/\/www.europesays.com\/fr\/21525\/","title":{"rendered":"le tenant du titre Stefanos Tsitsipas \u00e9limin\u00e9 d\u00e8s les quarts de finale de Monte-Carlo par Lorenzo Musetti"},"content":{"rendered":"<p>Au terme d\u2019un combat intense de pr\u00e8s de 2h30, le Grec s\u2019est inclin\u00e9 1-6, 6-3, 6-4 face au 16e mondial italien.<\/p>\n<p class=\"fig-paragraph\">Stefanos Tsitsipas ne verra pas les demi-finales \u00e0\u00a0<a href=\"http:\/\/www.lefigaro.fr\/sports\/tennis\/tennis-carlos-alcaraz-encore-un-poil-trop-fort-pour-arthur-fils-20250411\" data-fig-type=\"NewsFlash\" data-gtm-custom-categorie=\"navigation\" data-gtm-custom-action=\"crossclick\" data-gtm-custom-label=\"Contextuel\" data-gtm-event=\"customEventSPE\" data-fig-domain=\"LEFIGARO\" target=\"_blank\" rel=\"noopener\">Monte-Carlo<\/a>. Le triple laur\u00e9at du tournoi et tenant du titre s&rsquo;est fait \u00e9liminer vendredi en quarts de finale du Masters 1000 Mon\u00e9gasques par Lorenzo Musetti (16e). Le m\u00e9daill\u00e9 de bronze des Jeux olympiques de Paris s&rsquo;est impos\u00e9 2-6, 6-3, 6-4 contre un joueur qui l&rsquo;avait syst\u00e9matiquement battu lors de leurs cinq pr\u00e9c\u00e9dents duels sur le circuit ATP. L\u2019Italien affrontera l&rsquo;Australien\u00a0<a href=\"http:\/\/www.lefigaro.fr\/sports\/tennis\/tennis-de-minaur-ecrase-dimitrov-en-quarts-de-finale-du-masters-1000-de-monte-carlo-20250411\" data-fig-type=\"NewsFlash\" data-gtm-custom-categorie=\"navigation\" data-gtm-custom-action=\"crossclick\" data-gtm-custom-label=\"Contextuel\" data-gtm-event=\"customEventSPE\" data-fig-domain=\"LEFIGARO\" target=\"_blank\" rel=\"noopener\">Alex De Minaur\u00a0<\/a>(10e) samedi en demi-finales.<\/p>\n<p class=\"fig-paragraph\">Serr\u00e9 malgr\u00e9 le score des deux premiers sets, le match a bascul\u00e9 dans le septi\u00e8me jeu du dernier acte, quand Musetti a pris le service de Tsitsipas sur une double faute du Grec pour mener 4-3 puis 5-3, avant de conclure sur son service. Encourag\u00e9 par un public italien en voix sur le court central Rainier-III, il atteint \u00e0 23 ans sa premi\u00e8re demi-finale en Masters 1000.<\/p>\n<p>Une saison mitig\u00e9e qui se poursuit pour Tsitsipas<\/p>\n<p class=\"fig-paragraph\">Il avait \u00e9chou\u00e9 en quarts lors de ses deux pr\u00e9c\u00e9dentes tentatives, en 2022 sur les courts en dur du Masters 1000 de Paris et en 2023 sur la terre battue mon\u00e9gasque. Vainqueur d\u00e9but mars de l\u2019ATP 500 de Duba\u00ef mais \u00e9limin\u00e9 d\u00e8s le 1er tour de l\u2019Open d\u2019Australie en janvier, le nouveau prot\u00e9g\u00e9 de Goran Ivanisevic\u00a0<a href=\"https:\/\/www.gazzetta.gr\/tennis\/atp\/2435355\/tsitsipas-me-ibanisebits-meta-roland-garros\" target=\"_blank\" rel=\"nofollow noopener\" data-gtm-custom-categorie=\"navigation\" data-gtm-custom-action=\"crossclick\" data-gtm-custom-label=\"Contextuel\" data-gtm-event=\"customEventSPE\">selon le m\u00e9dia grec Gazzetta<\/a>\u00a0continue de vivre une saison mitig\u00e9e.<\/p>\n<p class=\"fig-paragraph\">Il a encaiss\u00e9 vendredi une sixi\u00e8me d\u00e9faite d\u2019affil\u00e9e contre un membre du top 20. Sa derni\u00e8re victoire contre un des 20 meilleurs joueurs mondiaux remonte au mois d\u2019ao\u00fbt 2024, quand il avait battu l\u2019Argentin Sebastian Baez (alors 18e) lors du tournoi olympique \u00e0 Paris.<\/p>\n","protected":false},"excerpt":{"rendered":"Au terme d\u2019un combat intense de pr\u00e8s de 2h30, le Grec s\u2019est inclin\u00e9 1-6, 6-3, 6-4 face au&hellip;\n","protected":false},"author":2,"featured_media":21526,"comment_status":"","ping_status":"","sticky":false,"template":"","format":"standard","meta":{"footnotes":""},"categories":[1415],"tags":[47,4169,525,1981,4178,4179,1011,27,1114,3996,4177,4176,4174,5386,4175,1980,4171,60,8048,1467,4172,4173,4170],"class_list":{"0":"post-21525","1":"post","2":"type-post","3":"status-publish","4":"format-standard","5":"has-post-thumbnail","7":"category-tennis","8":"tag-actualite","9":"tag-atp","10":"tag-calendrier","11":"tag-classement","12":"tag-coupe-davis","13":"tag-fed-cup","14":"tag-fr","15":"tag-france","16":"tag-infos","17":"tag-jeux-olympiques","18":"tag-masters-1000","19":"tag-masters-500","20":"tag-masters-series","21":"tag-monte-carlo","22":"tag-open-daustralie","23":"tag-resultats","24":"tag-roland-garros","25":"tag-sports","26":"tag-stefanos-tsitsipas","27":"tag-tennis","28":"tag-us-open","29":"tag-wimbledon","30":"tag-wta"},"share_on_mastodon":{"url":"https:\/\/pubeurope.com\/@fr\/114329187953916602","error":""},"_links":{"self":[{"href":"https:\/\/www.europesays.com\/fr\/wp-json\/wp\/v2\/posts\/21525","targetHints":{"allow":["GET"]}}],"collection":[{"href":"https:\/\/www.europesays.com\/fr\/wp-json\/wp\/v2\/posts"}],"about":[{"href":"https:\/\/www.europesays.com\/fr\/wp-json\/wp\/v2\/types\/post"}],"author":[{"embeddable":true,"href":"https:\/\/www.europesays.com\/fr\/wp-json\/wp\/v2\/users\/2"}],"replies":[{"embeddable":true,"href":"https:\/\/www.europesays.com\/fr\/wp-json\/wp\/v2\/comments?post=21525"}],"version-history":[{"count":0,"href":"https:\/\/www.europesays.com\/fr\/wp-json\/wp\/v2\/posts\/21525\/revisions"}],"wp:featuredmedia":[{"embeddable":true,"href":"https:\/\/www.europesays.com\/fr\/wp-json\/wp\/v2\/media\/21526"}],"wp:attachment":[{"href":"https:\/\/www.europesays.com\/fr\/wp-json\/wp\/v2\/media?parent=21525"}],"wp:term":[{"taxonomy":"category","embeddable":true,"href":"https:\/\/www.europesays.com\/fr\/wp-json\/wp\/v2\/categories?post=21525"},{"taxonomy":"post_tag","embeddable":true,"href":"https:\/\/www.europesays.com\/fr\/wp-json\/wp\/v2\/tags?post=21525"}],"curies":[{"name":"wp","href":"https:\/\/api.w.org\/{rel}","templated":true}]}}