{"id":215253,"date":"2025-06-30T08:42:09","date_gmt":"2025-06-30T08:42:09","guid":{"rendered":"https:\/\/www.europesays.com\/fr\/215253\/"},"modified":"2025-06-30T08:42:09","modified_gmt":"2025-06-30T08:42:09","slug":"le-bassin-de-la-villeneuve-vidange-apres-une-suspicion-de-contamination","status":"publish","type":"post","link":"https:\/\/www.europesays.com\/fr\/215253\/","title":{"rendered":"le bassin de la Villeneuve vidang\u00e9 apr\u00e8s une suspicion de contamination"},"content":{"rendered":"<p>\t\t\t\t\t\t\t\t\t\t\t<img loading=\"lazy\" decoding=\"async\" width=\"1110\" title=\"Grenoble : le bassin de la Villeneuve vidang\u00e9 apr\u00e8s une suspicion de contamination\" class=\"img-fluid not_lzld mb-3\" src=\"https:\/\/grandgrenoble.alpes1.com\/media\/news\/thumb\/1110x624_grenoble-suspicion-de-contamination-dans-un-lac-la-mairie-deconseille-la-baignade_6860edca0eae8.webp\" alt=\"Grenoble : le bassin de la Villeneuve vidang\u00e9 apr\u00e8s une suspicion de contamination\" itemprop=\"image\" height=\"624\"\/>\t\t\t\t\t\t\t\t\t\t\t\t<\/p>\n<p>Grenoble : suspicion de contamination dans un lac, la mairie d\u00e9conseille la baignade &#8211; DR<\/p>\n<p itemprop=\"description\"><strong>Le bassin du parc Jean-Verlhac \u00e0 la Villeneuve a \u00e9t\u00e9 soup\u00e7onn\u00e9 de contamination.<\/strong><\/p>\n<p>Une vidange a \u00e9t\u00e9 effectu\u00e9e pour un nettoyage complet.<\/p>\n<p>Baignade formellement interdite dans le bassin du parc Jean-Verlhac \u00e0 la Villeneuve. Une suspicion de contamination par des cyanobact\u00e9ries a \u00e9t\u00e9 annonc\u00e9e par la Ville de Grenoble, via un communiqu\u00e9. Avec les fortes chaleurs, les risques sanitaires sont \u00e9lev\u00e9s autant pour les personnes que pour les animaux.<\/p>\n<p>Le lac a donc \u00e9t\u00e9 vidang\u00e9 ce dimanche 29 juin. \u00ab Dans un souci de pr\u00e9vention et de transparence, la Ville de Grenoble a saisi la Pr\u00e9fecture de l\u2019Is\u00e8re ainsi que l\u2019Agence R\u00e9gionale de Sant\u00e9 (ARS) \u00bb, a annonc\u00e9 la Ville de Grenoble \u00e0 travers son communiqu\u00e9. Le bassin sera remis en eau en d\u00e9but de semaine. N\u00e9anmoins, il ne sera toujours pas possible de se baigner.<\/p>\n","protected":false},"excerpt":{"rendered":"Grenoble : suspicion de contamination dans un lac, la mairie d\u00e9conseille la baignade &#8211; DR Le bassin du&hellip;\n","protected":false},"author":2,"featured_media":212831,"comment_status":"","ping_status":"","sticky":false,"template":"","format":"standard","meta":{"footnotes":""},"categories":[9566],"tags":[1111,11,7733,8279,2430,7736,650,7734,2889,2263,1777,674,1011,27,2731,8280,6417,1114,108,4662,12,3725,1825,25,7737],"class_list":{"0":"post-215253","1":"post","2":"type-post","3":"status-publish","4":"format-standard","5":"has-post-thumbnail","7":"category-grenoble","8":"tag-actu","9":"tag-actualites","10":"tag-alpes","11":"tag-alpes1","12":"tag-auvergne-rhone-alpes","13":"tag-cds","14":"tag-cinema","15":"tag-ecoute","16":"tag-emission","17":"tag-equipe","18":"tag-eu","19":"tag-europe","20":"tag-fr","21":"tag-france","22":"tag-grenoble","23":"tag-haute","24":"tag-information","25":"tag-infos","26":"tag-isere","27":"tag-journal","28":"tag-news","29":"tag-podcast","30":"tag-radio","31":"tag-republique-francaise","32":"tag-winamp"},"share_on_mastodon":{"url":"https:\/\/pubeurope.com\/@fr\/114771430234081667","error":""},"_links":{"self":[{"href":"https:\/\/www.europesays.com\/fr\/wp-json\/wp\/v2\/posts\/215253","targetHints":{"allow":["GET"]}}],"collection":[{"href":"https:\/\/www.europesays.com\/fr\/wp-json\/wp\/v2\/posts"}],"about":[{"href":"https:\/\/www.europesays.com\/fr\/wp-json\/wp\/v2\/types\/post"}],"author":[{"embeddable":true,"href":"https:\/\/www.europesays.com\/fr\/wp-json\/wp\/v2\/users\/2"}],"replies":[{"embeddable":true,"href":"https:\/\/www.europesays.com\/fr\/wp-json\/wp\/v2\/comments?post=215253"}],"version-history":[{"count":0,"href":"https:\/\/www.europesays.com\/fr\/wp-json\/wp\/v2\/posts\/215253\/revisions"}],"wp:featuredmedia":[{"embeddable":true,"href":"https:\/\/www.europesays.com\/fr\/wp-json\/wp\/v2\/media\/212831"}],"wp:attachment":[{"href":"https:\/\/www.europesays.com\/fr\/wp-json\/wp\/v2\/media?parent=215253"}],"wp:term":[{"taxonomy":"category","embeddable":true,"href":"https:\/\/www.europesays.com\/fr\/wp-json\/wp\/v2\/categories?post=215253"},{"taxonomy":"post_tag","embeddable":true,"href":"https:\/\/www.europesays.com\/fr\/wp-json\/wp\/v2\/tags?post=215253"}],"curies":[{"name":"wp","href":"https:\/\/api.w.org\/{rel}","templated":true}]}}