{"id":215266,"date":"2025-06-30T08:51:08","date_gmt":"2025-06-30T08:51:08","guid":{"rendered":"https:\/\/www.europesays.com\/fr\/215266\/"},"modified":"2025-06-30T08:51:08","modified_gmt":"2025-06-30T08:51:08","slug":"un-tgv-percute-un-homme-en-gironde-les-passagers-arrivent-le-lendemain-matin-a-destination","status":"publish","type":"post","link":"https:\/\/www.europesays.com\/fr\/215266\/","title":{"rendered":"Un TGV percute un homme en Gironde, les passagers arrivent le lendemain matin \u00e0 destination"},"content":{"rendered":"<p>            Par<br \/>\n        <strong><br \/>\n            <a href=\"https:\/\/actu.fr\/auteur\/juliette-cardinale\" title=\"Consulter tous les articles de Juliette Cardinale\" target=\"_blank\" rel=\"noopener\">Juliette Cardinale<\/a><br \/>\n        <\/strong><\/p>\n<p>        Publi\u00e9 le<\/p>\n<p>            30 juin 2025 \u00e0 10h44        <\/p>\n<p>Il \u00e9tait 21h20 lorsque les pompiers de la Gironde ont \u00e9t\u00e9 appel\u00e9s pour intervenir <a href=\"https:\/\/actu.fr\/nouvelle-aquitaine\/marsas_33272\" target=\"_blank\" rel=\"noopener\">\u00e0 Marsas, en Haute Gironde.<\/a> Un train venait de <strong>percuter un pi\u00e9ton<\/strong> sur la voie LGV ce dimanche 29 juin 2025.<\/p>\n<p class=\" wall-content\">La victime, un <strong>homme de 41 ans,<\/strong> est d\u00e9c\u00e9d\u00e9e. Les gendarmes, la police judiciaire et les pompes fun\u00e8bres ont d\u00fb intervenir.\u00a0<\/p>\n<p>Le LGV bloqu\u00e9 pendant quatre heures<\/p>\n<p class=\" wall-content\">\u00ab\u00a0Le train a \u00e9t\u00e9 arr\u00eat\u00e9 au point kilom\u00e9trique 282 <strong>pendant quatre heures\u00a0\u00bb,<\/strong> expliquent les pompiers \u00e0 actu Bordeaux. Personne n\u2019a \u00e9t\u00e9 bless\u00e9 \u00e0 bord, les passagers ont \u00e9t\u00e9 pris en charge par <a href=\"https:\/\/actu.fr\/tag\/sncf\" target=\"_blank\" rel=\"noopener\">la SNCF<\/a> et de l\u2019eau a \u00e9t\u00e9 distribu\u00e9e.<\/p>\n<p class=\" wall-content\">Ce TGV parti de <a href=\"https:\/\/actu.fr\/bordeaux\/\" target=\"_blank\" rel=\"noopener\">Bordeaux<\/a> \u00e0 20h50 en direction de Paris est ensuite <strong>reparti vers la gare Saint-Jean<\/strong> o\u00f9 les passagers ont \u00e9t\u00e9 invit\u00e9s \u00e0 changer de train. Ralenti \u00e0 cause de l\u2019heure, le train est arriv\u00e9 un peu avant 5h30 \u00e0 destination.\u00a0<\/p>\n<p class=\" wall-content\">Suivez toute l\u2019actualit\u00e9 de vos villes et m\u00e9dias favoris en vous inscrivant \u00e0 <a href=\"https:\/\/moncompte.actu.fr\" title=\"D\u00e9couvez Mon Actu\" rel=\"nofollow noopener\" data-trk=\"{&quot;cta&quot;:{&quot;action&quot;:&quot;https:\\\/\\\/moncompte.actu.fr&quot;,&quot;category&quot;:&quot;mon compte&quot;,&quot;from&quot;:&quot;article footer&quot;,&quot;name&quot;:&quot;Mon actu&quot;,&quot;type&quot;:&quot;cta&quot;}}\" target=\"_blank\">Mon Actu<\/a>.<\/p>\n","protected":false},"excerpt":{"rendered":"Par Juliette Cardinale Publi\u00e9 le 30 juin 2025 \u00e0 10h44 Il \u00e9tait 21h20 lorsque les pompiers de la&hellip;\n","protected":false},"author":2,"featured_media":215267,"comment_status":"","ping_status":"","sticky":false,"template":"","format":"standard","meta":{"footnotes":""},"categories":[2817],"tags":[1111,11,1997,1777,674,118,1011,27,12,2219,1311,25,2215,2214],"class_list":{"0":"post-215266","1":"post","2":"type-post","3":"status-publish","4":"format-standard","5":"has-post-thumbnail","7":"category-bordeaux","8":"tag-actu","9":"tag-actualites","10":"tag-bordeaux","11":"tag-eu","12":"tag-europe","13":"tag-faits-divers","14":"tag-fr","15":"tag-france","16":"tag-news","17":"tag-nouvelle-aquitaine","18":"tag-pompiers","19":"tag-republique-francaise","20":"tag-sncf","21":"tag-tgv"},"share_on_mastodon":{"url":"https:\/\/pubeurope.com\/@fr\/114771465745063045","error":""},"_links":{"self":[{"href":"https:\/\/www.europesays.com\/fr\/wp-json\/wp\/v2\/posts\/215266","targetHints":{"allow":["GET"]}}],"collection":[{"href":"https:\/\/www.europesays.com\/fr\/wp-json\/wp\/v2\/posts"}],"about":[{"href":"https:\/\/www.europesays.com\/fr\/wp-json\/wp\/v2\/types\/post"}],"author":[{"embeddable":true,"href":"https:\/\/www.europesays.com\/fr\/wp-json\/wp\/v2\/users\/2"}],"replies":[{"embeddable":true,"href":"https:\/\/www.europesays.com\/fr\/wp-json\/wp\/v2\/comments?post=215266"}],"version-history":[{"count":0,"href":"https:\/\/www.europesays.com\/fr\/wp-json\/wp\/v2\/posts\/215266\/revisions"}],"wp:featuredmedia":[{"embeddable":true,"href":"https:\/\/www.europesays.com\/fr\/wp-json\/wp\/v2\/media\/215267"}],"wp:attachment":[{"href":"https:\/\/www.europesays.com\/fr\/wp-json\/wp\/v2\/media?parent=215266"}],"wp:term":[{"taxonomy":"category","embeddable":true,"href":"https:\/\/www.europesays.com\/fr\/wp-json\/wp\/v2\/categories?post=215266"},{"taxonomy":"post_tag","embeddable":true,"href":"https:\/\/www.europesays.com\/fr\/wp-json\/wp\/v2\/tags?post=215266"}],"curies":[{"name":"wp","href":"https:\/\/api.w.org\/{rel}","templated":true}]}}