{"id":215274,"date":"2025-06-30T08:57:16","date_gmt":"2025-06-30T08:57:16","guid":{"rendered":"https:\/\/www.europesays.com\/fr\/215274\/"},"modified":"2025-06-30T08:57:16","modified_gmt":"2025-06-30T08:57:16","slug":"donnez-votre-sang-sauvez-des-vies-rendez-vous-le-3-juillet-a-roubaix","status":"publish","type":"post","link":"https:\/\/www.europesays.com\/fr\/215274\/","title":{"rendered":"Donnez votre sang, sauvez des vies : rendez-vous le 3 juillet \u00e0 Roubaix"},"content":{"rendered":"<p class=\"introduction\">Un petit geste pour vous, un grand secours pour d&rsquo;autres : la Ville de Roubaix vous invite \u00e0 participer \u00e0 une grande collecte de sang le jeudi 3 juillet 2025, face \u00e0 la salle Watremez, 16 rue du Grand Chemin, de 10h30 \u00e0 13h puis de 15h \u00e0 19h.<\/p>\n<p data-start=\"888\" data-end=\"1254\">Organis\u00e9e en partenariat avec l\u2019\u00c9tablissement Fran\u00e7ais du Sang (EFS), cette collecte mobile est ouverte \u00e0 tous, donneurs r\u00e9guliers comme primo-donneurs. <strong data-start=\"1041\" data-end=\"1062\">Chaque don compte<\/strong> : une seule poche de sang peut sauver jusqu\u2019\u00e0 trois vies. \u00c0 l\u2019approche de l\u2019\u00e9t\u00e9, p\u00e9riode traditionnellement sensible pour les r\u00e9serves de sang, votre mobilisation est d\u2019autant plus pr\u00e9cieuse.<\/p>\n<p data-start=\"1256\" data-end=\"1480\">L\u2019accueil se fera dans un environnement s\u00e9curis\u00e9, avec une \u00e9quipe m\u00e9dicale professionnelle pour vous guider et r\u00e9pondre \u00e0 toutes vos questions. Avant de venir, pensez \u00e0 <strong data-start=\"1425\" data-end=\"1447\">bien vous hydrater<\/strong> et \u00e0 <strong data-start=\"1453\" data-end=\"1479\">prendre un repas l\u00e9ger<\/strong>.<\/p>\n<p style=\"font-weight: 400;\">La Ville de Roubaix, engag\u00e9e depuis de nombreuses ann\u00e9es aux c\u00f4t\u00e9s de l\u2019\u00c9tablissement fran\u00e7ais du sang, souhaite sensibiliser encore davantage. Cette nouvelle collecte est une belle occasion pour celles et ceux qui n\u2019ont jamais donn\u00e9, de faire l\u2019exp\u00e9rience de ce geste solidaire. Sur place, tout est pr\u00e9vu pour accueillir les donneurs dans les meilleures conditions : \u00e9quipe attentive, respect des mesures sanitaires, accompagnement personnalis\u00e9.<\/p>\n<p style=\"font-weight: 400;\">Rendez-vous sur le site d\u00e9di\u00e9 pour <a href=\"https:\/\/dondesang.efs.sante.fr\/trouver-une-collecte\/135027\/sang\" rel=\"nofollow noopener\" target=\"_blank\">r\u00e9server votre cr\u00e9neau<\/a>.<\/p>\n<p style=\"font-weight: 400;\">En participant \u00e0 la collecte du 3 juillet, chacun peut contribuer \u00e0 sauver des vies, ici et ailleurs.<\/p>\n<p>\ud83d\udcc5 Informations pratiques :<\/p>\n<p data-start=\"1514\" data-end=\"1788\">\ud83d\udccd <strong data-start=\"1517\" data-end=\"1525\">Lieu<\/strong> : 16 rue du Grand Chemin, face \u00e0 la salle Watremez<br data-start=\"1576\" data-end=\"1579\"\/>\ud83d\udd65 <strong data-start=\"1582\" data-end=\"1594\">Horaires<\/strong> : 10h30 \u00e0 13h, puis 15h \u00e0 19h<br data-start=\"1624\" data-end=\"1627\"\/>\ud83d\udd17 <strong data-start=\"1630\" data-end=\"1665\">Lien d\u2019inscription (recommand\u00e9)<\/strong> : <a class=\"\" href=\"https:\/\/dondesang.efs.sante.fr\/trouver-une-collecte\/135027\/sang\" target=\"_new\" rel=\"noopener nofollow\" data-start=\"1668\" data-end=\"1757\">Je r\u00e9serve mon cr\u00e9neau<\/a><br data-start=\"1757\" data-end=\"1760\"\/>\ud83d\udce2 <strong data-start=\"1763\" data-end=\"1788\">Il reste des places !<\/strong><\/p>\n<p data-start=\"1790\" data-end=\"1979\">Donner son sang, c\u2019est offrir une chance \u00e0 celles et ceux qui luttent contre la maladie, l\u2019accident ou les urgences vitales. <strong data-start=\"1915\" data-end=\"1979\">Ensemble, faisons battre le c\u0153ur de la solidarit\u00e9 \u00e0 Roubaix.<\/strong><\/p>\n","protected":false},"excerpt":{"rendered":"Un petit geste pour vous, un grand secours pour d&rsquo;autres : la Ville de Roubaix vous invite \u00e0&hellip;\n","protected":false},"author":2,"featured_media":215275,"comment_status":"","ping_status":"","sticky":false,"template":"","format":"standard","meta":{"footnotes":""},"categories":[2815],"tags":[1111,11,10957,15931,1777,674,1011,27,811,1307,12,25,30340],"class_list":{"0":"post-215274","1":"post","2":"type-post","3":"status-publish","4":"format-standard","5":"has-post-thumbnail","7":"category-lille","8":"tag-actu","9":"tag-actualites","10":"tag-collecte","11":"tag-don-du-sang","12":"tag-eu","13":"tag-europe","14":"tag-fr","15":"tag-france","16":"tag-hauts-de-france","17":"tag-lille","18":"tag-news","19":"tag-republique-francaise","20":"tag-watremez"},"share_on_mastodon":{"url":"https:\/\/pubeurope.com\/@fr\/114771489201292857","error":""},"_links":{"self":[{"href":"https:\/\/www.europesays.com\/fr\/wp-json\/wp\/v2\/posts\/215274","targetHints":{"allow":["GET"]}}],"collection":[{"href":"https:\/\/www.europesays.com\/fr\/wp-json\/wp\/v2\/posts"}],"about":[{"href":"https:\/\/www.europesays.com\/fr\/wp-json\/wp\/v2\/types\/post"}],"author":[{"embeddable":true,"href":"https:\/\/www.europesays.com\/fr\/wp-json\/wp\/v2\/users\/2"}],"replies":[{"embeddable":true,"href":"https:\/\/www.europesays.com\/fr\/wp-json\/wp\/v2\/comments?post=215274"}],"version-history":[{"count":0,"href":"https:\/\/www.europesays.com\/fr\/wp-json\/wp\/v2\/posts\/215274\/revisions"}],"wp:featuredmedia":[{"embeddable":true,"href":"https:\/\/www.europesays.com\/fr\/wp-json\/wp\/v2\/media\/215275"}],"wp:attachment":[{"href":"https:\/\/www.europesays.com\/fr\/wp-json\/wp\/v2\/media?parent=215274"}],"wp:term":[{"taxonomy":"category","embeddable":true,"href":"https:\/\/www.europesays.com\/fr\/wp-json\/wp\/v2\/categories?post=215274"},{"taxonomy":"post_tag","embeddable":true,"href":"https:\/\/www.europesays.com\/fr\/wp-json\/wp\/v2\/tags?post=215274"}],"curies":[{"name":"wp","href":"https:\/\/api.w.org\/{rel}","templated":true}]}}