{"id":215276,"date":"2025-06-30T08:58:11","date_gmt":"2025-06-30T08:58:11","guid":{"rendered":"https:\/\/www.europesays.com\/fr\/215276\/"},"modified":"2025-06-30T08:58:11","modified_gmt":"2025-06-30T08:58:11","slug":"lille-neuf-passeurs-condamnes-jusqua-huit-ans-de-prison-pour-un-naufrage-mortel-dans-la-manche","status":"publish","type":"post","link":"https:\/\/www.europesays.com\/fr\/215276\/","title":{"rendered":"Lille. Neuf passeurs condamn\u00e9s jusqu&rsquo;\u00e0 huit ans de prison pour un naufrage mortel dans la Manche"},"content":{"rendered":"<p>Neuf passeurs kurdes et afghans ont \u00e9t\u00e9 condamn\u00e9s lundi \u00e0 Lille \u00e0 7 et 8 ans de prison pour <a href=\"https:\/\/www.ledauphine.com\/societe\/2022\/12\/14\/migrants-operation-de-secours-en-cours-dans-la-manche\" target=\"_blank\" rel=\"nofollow noopener\">un naufrage de migrants dans la Manche en d\u00e9cembre 2022<\/a>, qui avait fait huit morts.<\/p>\n<p>Trois des pr\u00e9venus, dont un est jug\u00e9 par d\u00e9faut, ont \u00e9t\u00e9 condamn\u00e9s \u00e0 8 ans et les six autres \u00e0 7 ans. Ces peines de prison ont \u00e9t\u00e9 assorties d&rsquo;amendes individuelles allant de 50 000 \u00e0 100 000 euros et d&rsquo;une interdiction du territoire fran\u00e7ais pour chacun.<\/p>\n<p>Plus d&rsquo;informations \u00e0 venir.<\/p>\n","protected":false},"excerpt":{"rendered":"Neuf passeurs kurdes et afghans ont \u00e9t\u00e9 condamn\u00e9s lundi \u00e0 Lille \u00e0 7 et 8 ans de prison&hellip;\n","protected":false},"author":2,"featured_media":215277,"comment_status":"","ping_status":"","sticky":false,"template":"","format":"standard","meta":{"footnotes":""},"categories":[2815],"tags":[1111,11,1777,674,274,107,1011,27,329,811,1307,12,25],"class_list":{"0":"post-215276","1":"post","2":"type-post","3":"status-publish","4":"format-standard","5":"has-post-thumbnail","7":"category-lille","8":"tag-actu","9":"tag-actualites","10":"tag-eu","11":"tag-europe","12":"tag-faits-divers-justice","13":"tag-fil-info","14":"tag-fr","15":"tag-france","16":"tag-france-monde","17":"tag-hauts-de-france","18":"tag-lille","19":"tag-news","20":"tag-republique-francaise"},"share_on_mastodon":{"url":"https:\/\/pubeurope.com\/@fr\/114771493146724794","error":""},"_links":{"self":[{"href":"https:\/\/www.europesays.com\/fr\/wp-json\/wp\/v2\/posts\/215276","targetHints":{"allow":["GET"]}}],"collection":[{"href":"https:\/\/www.europesays.com\/fr\/wp-json\/wp\/v2\/posts"}],"about":[{"href":"https:\/\/www.europesays.com\/fr\/wp-json\/wp\/v2\/types\/post"}],"author":[{"embeddable":true,"href":"https:\/\/www.europesays.com\/fr\/wp-json\/wp\/v2\/users\/2"}],"replies":[{"embeddable":true,"href":"https:\/\/www.europesays.com\/fr\/wp-json\/wp\/v2\/comments?post=215276"}],"version-history":[{"count":0,"href":"https:\/\/www.europesays.com\/fr\/wp-json\/wp\/v2\/posts\/215276\/revisions"}],"wp:featuredmedia":[{"embeddable":true,"href":"https:\/\/www.europesays.com\/fr\/wp-json\/wp\/v2\/media\/215277"}],"wp:attachment":[{"href":"https:\/\/www.europesays.com\/fr\/wp-json\/wp\/v2\/media?parent=215276"}],"wp:term":[{"taxonomy":"category","embeddable":true,"href":"https:\/\/www.europesays.com\/fr\/wp-json\/wp\/v2\/categories?post=215276"},{"taxonomy":"post_tag","embeddable":true,"href":"https:\/\/www.europesays.com\/fr\/wp-json\/wp\/v2\/tags?post=215276"}],"curies":[{"name":"wp","href":"https:\/\/api.w.org\/{rel}","templated":true}]}}