{"id":215281,"date":"2025-06-30T09:01:09","date_gmt":"2025-06-30T09:01:09","guid":{"rendered":"https:\/\/www.europesays.com\/fr\/215281\/"},"modified":"2025-06-30T09:01:09","modified_gmt":"2025-06-30T09:01:09","slug":"bal-des-pompiers-a-la-caserne-de-lyon-gerland","status":"publish","type":"post","link":"https:\/\/www.europesays.com\/fr\/215281\/","title":{"rendered":"Bal des Pompiers \u00e0 la Caserne de Lyon Gerland"},"content":{"rendered":"<p>Envie de danser avec les pompiers ? Sortez vos plus beaux v\u00eatements blancs et venez danser \u00e0 la caserne de Gerland !<\/p>\n<p>Chaque ann\u00e9e, \u00e0 la veille de la F\u00eate nationale, les casernes de France ouvrent leurs portes pour un moment festif et chaleureux : le c\u00e9l\u00e8bre <b>bal des pompiers<\/b>. \u00c0 Lyon Gerland, cette tradition se teinte cette fois-ci de <b>blanc<\/b> pour une \u00e9dition sp\u00e9ciale \u00ab\u00a0<b>soir\u00e9e blanche<\/b>\u00ab\u00a0, plac\u00e9e sous le signe de l&rsquo;\u00e9l\u00e9gance et de la bonne humeur.<\/p>\n<p>D\u00e8s 21h, la caserne se m\u00e9tamorphose en piste de danse : guirlandes lumineuses, DJ set entra\u00eenant, buvette, petite restauration et surtout, une ambiance unique m\u00ealant habitants du quartier, familles, amis, curieux et bien s\u00fbr, les pompiers eux-m\u00eames.<\/p>\n<p>Une soir\u00e9e pour c\u00e9l\u00e9brer\u2026 mais aussi remercier. En effet, ce bal est aussi l&rsquo;occasion de <b>rendre hommage<\/b> \u00e0 celles et ceux qui \u0153uvrent toute l&rsquo;ann\u00e9e au service de la population. En participant, vous soutenez indirectement les actions de la caserne et contribuez \u00e0 renforcer les liens entre citoyens et pompiers.<\/p>\n<p><b>Tenue blanche exig\u00e9e<\/b> (ou tr\u00e8s fortement conseill\u00e9e !) pour cr\u00e9er une atmosph\u00e8re chic et estivale. Sortez vos plus belles tenues l\u00e9g\u00e8res et venez danser sous les \u00e9toiles !<\/p>\n<p>Infos pratiques : <br \/>&#8211; La soir\u00e9e aura lieu le dimanche 13 juillet 2025, \u00e0 partir de 21h<br \/>&#8211; Dress code est une soir\u00e9e blanche.<br \/>&#8211; Pr\u00e9ventes disponibles ici : <a class=\"url\" href=\"https:\/\/shotgun.live\/fr\/events\/bal-des-pompiers-de-gerland\" target=\"_blank\" rel=\"noopener\">shotgun.live<\/a><\/p>\n<p>Plus d&rsquo;infos sur <a class=\"url\" href=\"https:\/\/www.facebook.com\/share\/1AvUvWSbNL\/\" target=\"_blank\" rel=\"noopener\">la page Facebook de l&rsquo;\u00e9v\u00e9nement<\/a><\/p>\n<tr>\n<td class=\"defaut\"><img loading=\"lazy\" decoding=\"async\" src=\"https:\/\/www.europesays.com\/fr\/wp-content\/uploads\/2025\/06\/1751274069_297_img\" width=\"339\" height=\"461\" border=\"0\" title=\"bal des pompiers\"\/><\/td>\n<\/tr>\n<p><\/p>\n","protected":false},"excerpt":{"rendered":"Envie de danser avec les pompiers ? Sortez vos plus beaux v\u00eatements blancs et venez danser \u00e0 la&hellip;\n","protected":false},"author":2,"featured_media":215282,"comment_status":"","ping_status":"","sticky":false,"template":"","format":"standard","meta":{"footnotes":""},"categories":[1889],"tags":[1111,11,2430,35503,1777,674,2087,1011,27,2428,35504,12,16338,25,35505],"class_list":{"0":"post-215281","1":"post","2":"type-post","3":"status-publish","4":"format-standard","5":"has-post-thumbnail","7":"category-lyon","8":"tag-actu","9":"tag-actualites","10":"tag-auvergne-rhone-alpes","11":"tag-bal-des-pompiers","12":"tag-eu","13":"tag-europe","14":"tag-evenement","15":"tag-fr","16":"tag-france","17":"tag-lyon","18":"tag-lyon-gerland","19":"tag-news","20":"tag-radio-scoop","21":"tag-republique-francaise","22":"tag-soire-blanche"},"share_on_mastodon":{"url":"https:\/\/pubeurope.com\/@fr\/114771504991547317","error":""},"_links":{"self":[{"href":"https:\/\/www.europesays.com\/fr\/wp-json\/wp\/v2\/posts\/215281","targetHints":{"allow":["GET"]}}],"collection":[{"href":"https:\/\/www.europesays.com\/fr\/wp-json\/wp\/v2\/posts"}],"about":[{"href":"https:\/\/www.europesays.com\/fr\/wp-json\/wp\/v2\/types\/post"}],"author":[{"embeddable":true,"href":"https:\/\/www.europesays.com\/fr\/wp-json\/wp\/v2\/users\/2"}],"replies":[{"embeddable":true,"href":"https:\/\/www.europesays.com\/fr\/wp-json\/wp\/v2\/comments?post=215281"}],"version-history":[{"count":0,"href":"https:\/\/www.europesays.com\/fr\/wp-json\/wp\/v2\/posts\/215281\/revisions"}],"wp:featuredmedia":[{"embeddable":true,"href":"https:\/\/www.europesays.com\/fr\/wp-json\/wp\/v2\/media\/215282"}],"wp:attachment":[{"href":"https:\/\/www.europesays.com\/fr\/wp-json\/wp\/v2\/media?parent=215281"}],"wp:term":[{"taxonomy":"category","embeddable":true,"href":"https:\/\/www.europesays.com\/fr\/wp-json\/wp\/v2\/categories?post=215281"},{"taxonomy":"post_tag","embeddable":true,"href":"https:\/\/www.europesays.com\/fr\/wp-json\/wp\/v2\/tags?post=215281"}],"curies":[{"name":"wp","href":"https:\/\/api.w.org\/{rel}","templated":true}]}}