{"id":215283,"date":"2025-06-30T09:02:09","date_gmt":"2025-06-30T09:02:09","guid":{"rendered":"https:\/\/www.europesays.com\/fr\/215283\/"},"modified":"2025-06-30T09:02:09","modified_gmt":"2025-06-30T09:02:09","slug":"lyon-un-nouveau-radar-automatique-a-30-km-h-debarque-en-plein-centre-voici-ou","status":"publish","type":"post","link":"https:\/\/www.europesays.com\/fr\/215283\/","title":{"rendered":"Lyon. Un nouveau radar automatique \u00e0 30 km\/h d\u00e9barque en plein centre, voici o\u00f9"},"content":{"rendered":"<p>            Par<br \/>\n        <strong><br \/>\n            <a href=\"https:\/\/actu.fr\/auteur\/julien-damboise\" title=\"Consulter tous les articles de Julien Damboise\" target=\"_blank\" rel=\"noopener\">Julien Damboise<\/a><br \/>\n        <\/strong><\/p>\n<p>        Publi\u00e9 le<\/p>\n<p>            30 juin 2025 \u00e0 10h18        <\/p>\n<p>Un <strong>nouveau radar automatique<\/strong> a \u00e9t\u00e9 mis en place en plein centre-ville de <a href=\"https:\/\/actu.fr\/auvergne-rhone-alpes\/lyon_69123\" target=\"_blank\" rel=\"noopener\">Lyon<\/a>, sur les quais de Sa\u00f4ne, au niveau du 2e arrondissement. L\u2019appareil est install\u00e9 entre les quais Tilsitt et Mar\u00e9chal-Joffre, un axe particuli\u00e8rement accidentog\u00e8ne.\u00a0<\/p>\n<p class=\" wall-content\">Tous les usagers \u00e0 plus de <strong>30 km\/h<\/strong> seront bient\u00f4t flash\u00e9s.<\/p>\n<p>    <a href=\"https:\/\/www.google.com\/maps\/embed?pb=!1m18!1m12!1m3!1d1745.9363056349462!2d4.823468844384143!3d45.752926600002844!2m3!1f0!2f0!3f0!3m2!1i1024!2i768!4f13.1!3m3!1m2!1s0x47f4ebb251323f97%3A0x1605c6c5fa7a7549!2sQuai%20du%20Mar%C3%A9chal%20Joffre%2C%2069002%20Lyon!5e1!3m2!1sfr!2sfr!4v1751268394587!5m2!1sfr!2sfr\" title=\"Ouvrie le lien\" target=\"_blank\" rel=\"noopener\">Cliquez ici pour visualiser le contenu<\/a><\/p>\n<p>Une route tr\u00e8s dangereuse<\/p>\n<p class=\" wall-content\">C\u2019est sur ce quai que des accidents mortels se sont enchain\u00e9s depuis quelques ann\u00e9es. En ao\u00fbt 2022, les deux adolescents <a href=\"https:\/\/actu.fr\/auvergne-rhone-alpes\/lyon_69123\/lyon-les-mamans-d-iris-et-warren-ados-tues-a-trottinette-reclament-justice_61546202.html\" target=\"_blank\" rel=\"noopener\">Iris et Warren<\/a> avaient notamment \u00e9t\u00e9 percut\u00e9s de plein fouet par une ambulance alors qu\u2019ils circulaient sur une m\u00eame trottinette \u00e9lectrique.<\/p>\n<p class=\" wall-content\">Quelques mois avant, le conducteur d\u2019un scooter qui roulait \u00e0 vive allure avec trouv\u00e9 la mort en percutant une <a href=\"https:\/\/actu.fr\/auvergne-rhone-alpes\/lyon_69123\/lyon-cette-route-pour-2-300-cyclistes-par-jour-restera-a-sens-unique-des-travaux-annonces_62835340.html\" target=\"_blank\" rel=\"noopener\">cycliste<\/a> dans le m\u00eame secteur tr\u00e8s emprunt\u00e9.<\/p>\n<p class=\" wall-content\">Des drames qui ont pouss\u00e9 les autorit\u00e9s \u00e0 agir, sous la pression des riverains dans ce quartier qui accueille de nombreuses \u00e9coles. Apr\u00e8s de premiers am\u00e9nagements pour s\u00e9parer les voies avec <a href=\"https:\/\/actu.fr\/auvergne-rhone-alpes\/lyon_69123\/lyon-le-projet-de-reamenagement-des-quais-les-plus-mortels-pour-les-cyclistes-devoile_61667371.html\" target=\"_blank\" rel=\"noopener\">un rail de s\u00e9curit\u00e9<\/a>, une d\u00e9cision forte a \u00e9t\u00e9 prise.<\/p>\n<p>Vid\u00e9os : en ce moment sur ActuUn radar de chantier<\/p>\n<p class=\" wall-content\">Un radar automatique a \u00e9t\u00e9 mis en place au niveau du croisement avec la <strong>rue Franklin<\/strong>, c\u00f4t\u00e9 fa\u00e7ades d\u2019immeubles. Un appareil imposant, comme ceux que l\u2019on retrouve sur les chantiers.<\/p>\n<p class=\" wall-content\">\n<p class=\" wall-content\">Et comme la large majorit\u00e9 des rues de Lyon qui sont pass\u00e9s \u00e0 30 km\/h il y a quelques mois, le radar flashera <strong>tous les usagers<\/strong> qui ne respecteront pas cette vitesse.<\/p>\n<p class=\" wall-content\">Sa mise en service devrait intervenir dans les prochains jours.<\/p>\n<p class=\" wall-content\">Suivez toute l\u2019actualit\u00e9 de vos villes et m\u00e9dias favoris en vous inscrivant \u00e0 <a href=\"https:\/\/moncompte.actu.fr\" title=\"D\u00e9couvez Mon Actu\" rel=\"nofollow noopener\" data-trk=\"{&quot;cta&quot;:{&quot;action&quot;:&quot;https:\\\/\\\/moncompte.actu.fr&quot;,&quot;category&quot;:&quot;mon compte&quot;,&quot;from&quot;:&quot;article footer&quot;,&quot;name&quot;:&quot;Mon actu&quot;,&quot;type&quot;:&quot;cta&quot;}}\" target=\"_blank\">Mon Actu<\/a>.<\/p>\n<ul class=\"ac-article-tag wall-content\">\n<li><a href=\"https:\/\/actu.fr\/tag\/exces-de-vitesse\" data-trk=\"{&quot;cta&quot;:{&quot;action&quot;:&quot;Exc\\u00e8s de vitesse&quot;,&quot;category&quot;:&quot;tag&quot;,&quot;from&quot;:&quot;article footer&quot;,&quot;name&quot;:&quot;Exc\\u00e8s de vitesse&quot;,&quot;type&quot;:&quot;cta&quot;}}\" target=\"_blank\" rel=\"noopener\">#Exc\u00e8s de vitesse<\/a><\/li>\n<li><a href=\"https:\/\/actu.fr\/tag\/radars\" data-trk=\"{&quot;cta&quot;:{&quot;action&quot;:&quot;Radars&quot;,&quot;category&quot;:&quot;tag&quot;,&quot;from&quot;:&quot;article footer&quot;,&quot;name&quot;:&quot;Radars&quot;,&quot;type&quot;:&quot;cta&quot;}}\" target=\"_blank\" rel=\"noopener\">#Radars<\/a><\/li>\n<\/ul>\n","protected":false},"excerpt":{"rendered":"Par Julien Damboise Publi\u00e9 le 30 juin 2025 \u00e0 10h18 Un nouveau radar automatique a \u00e9t\u00e9 mis en&hellip;\n","protected":false},"author":2,"featured_media":215284,"comment_status":"","ping_status":"","sticky":false,"template":"","format":"standard","meta":{"footnotes":""},"categories":[1889],"tags":[1111,11,2430,1777,674,5915,1011,27,2428,12,6957,25,104],"class_list":{"0":"post-215283","1":"post","2":"type-post","3":"status-publish","4":"format-standard","5":"has-post-thumbnail","7":"category-lyon","8":"tag-actu","9":"tag-actualites","10":"tag-auvergne-rhone-alpes","11":"tag-eu","12":"tag-europe","13":"tag-exces-de-vitesse","14":"tag-fr","15":"tag-france","16":"tag-lyon","17":"tag-news","18":"tag-radars","19":"tag-republique-francaise","20":"tag-societe"},"share_on_mastodon":{"url":"https:\/\/pubeurope.com\/@fr\/114771508837078221","error":""},"_links":{"self":[{"href":"https:\/\/www.europesays.com\/fr\/wp-json\/wp\/v2\/posts\/215283","targetHints":{"allow":["GET"]}}],"collection":[{"href":"https:\/\/www.europesays.com\/fr\/wp-json\/wp\/v2\/posts"}],"about":[{"href":"https:\/\/www.europesays.com\/fr\/wp-json\/wp\/v2\/types\/post"}],"author":[{"embeddable":true,"href":"https:\/\/www.europesays.com\/fr\/wp-json\/wp\/v2\/users\/2"}],"replies":[{"embeddable":true,"href":"https:\/\/www.europesays.com\/fr\/wp-json\/wp\/v2\/comments?post=215283"}],"version-history":[{"count":0,"href":"https:\/\/www.europesays.com\/fr\/wp-json\/wp\/v2\/posts\/215283\/revisions"}],"wp:featuredmedia":[{"embeddable":true,"href":"https:\/\/www.europesays.com\/fr\/wp-json\/wp\/v2\/media\/215284"}],"wp:attachment":[{"href":"https:\/\/www.europesays.com\/fr\/wp-json\/wp\/v2\/media?parent=215283"}],"wp:term":[{"taxonomy":"category","embeddable":true,"href":"https:\/\/www.europesays.com\/fr\/wp-json\/wp\/v2\/categories?post=215283"},{"taxonomy":"post_tag","embeddable":true,"href":"https:\/\/www.europesays.com\/fr\/wp-json\/wp\/v2\/tags?post=215283"}],"curies":[{"name":"wp","href":"https:\/\/api.w.org\/{rel}","templated":true}]}}