{"id":215289,"date":"2025-06-30T09:05:11","date_gmt":"2025-06-30T09:05:11","guid":{"rendered":"https:\/\/www.europesays.com\/fr\/215289\/"},"modified":"2025-06-30T09:05:11","modified_gmt":"2025-06-30T09:05:11","slug":"la-vitesse-reduite-sur-les-routes-a-paris-et-en-ile-de-france","status":"publish","type":"post","link":"https:\/\/www.europesays.com\/fr\/215289\/","title":{"rendered":"la vitesse r\u00e9duite sur les routes \u00e0 Paris et en \u00cele-de-France"},"content":{"rendered":"<p>            Par<br \/>\n        <strong><br \/>\n            <a href=\"https:\/\/actu.fr\/auteur\/redaction-paris\" title=\"Consulter tous les articles de R\u00e9daction Paris\" target=\"_blank\" rel=\"noopener\">R\u00e9daction Paris<\/a><br \/>\n        <\/strong><\/p>\n<p>        Publi\u00e9 le<\/p>\n<p>            30 juin 2025 \u00e0 8h47        <\/p>\n<p>Chaleur +\u00a0soleil =\u00a0augmentation des concentrations en ozone. La canicule qui touche la France en ce d\u00e9but de semaine entra\u00eene une hausse de la <a href=\"https:\/\/actu.fr\/paris\/pollution\" target=\"_blank\" rel=\"noopener\">pollution<\/a> de l\u2019air, n\u2019\u00e9pargne pas Paris et l\u2019\u00cele-de-France o\u00f9 la pollution de l\u2019air \u00e0 <strong>l\u2019ozone<\/strong> est au-dessus de la norme ce lundi 30\u00a0juin 2025. La <a href=\"https:\/\/actu.fr\/tag\/prefecture-de-police-de-paris\" target=\"_blank\" rel=\"noopener\">pr\u00e9fecture de Police de Paris<\/a> a donc pris des mesures afin d\u2019en limiter les cons\u00e9quences.<\/p>\n<p>La concentration en ozone \u00ab\u2009comprise entre 180 et 210 \u03bcg\/m\u00b3\u00bb<\/p>\n<p class=\" wall-content\">Selon les pr\u00e9dictions d\u2019Airparif, la qualit\u00e9 de l\u2019air en \u00cele-de-France aura une concentration en ozone \u00ab\u2009comprise entre <strong>180 et 210 \u03bcg\/m\u00b3<\/strong>, soit un d\u00e9passement du seuil d\u2019information-recommandation pour ce polluant, fix\u00e9 \u00e0 180 \u03bcg\/m\u00b3\u00bb. Tous les jours, pendant la vague de chaleur, entre 5h30 et minuit, la vitesse maximale autoris\u00e9e \u00e0 l\u2019int\u00e9rieur du p\u00e9rim\u00e8tre d\u00e9limit\u00e9 par l\u2019A86, \u00e0 l\u2019exclusion de celle-ci\u2009:<\/p>\n<p class=\" wall-content\">\u2013 \u00e0 <strong>110\u00a0km\/h<\/strong> sur les portions d\u2019autoroutes normalement limit\u00e9es \u00e0 130\u00a0km\/h\u2009;<br \/>\u2013 \u00e0 <strong>90\u00a0km\/h<\/strong> sur les portions d\u2019autoroutes et de voies rapides normalement limit\u00e9es \u00e0<br \/>110\u00a0km\/h\u2009;<br \/>\u2013 \u00e0 <strong>70\u00a0km\/h<\/strong> sur les portions d\u2019autoroutes et de voies rapides normalement limit\u00e9es \u00e0<br \/>90\u00a0km\/h, ainsi que sur les routes nationales et d\u00e9partementales limit\u00e9es \u00e0 80\u00a0km\/h ou \u00e0 90\u00a0km\/h.<\/p>\n<p class=\" wall-content\">Les v\u00e9hicules en transit dont le PTAC exc\u00e8de <strong>3,5 tonnes<\/strong> ont l\u2019obligation de contourner la rocade francilienne.<\/p>\n<p class=\" wall-content\">D\u2019autres mesures ont \u00e9t\u00e9 prises par les autorit\u00e9s\u2009:<\/p>\n<p>Vid\u00e9os : en ce moment sur Actu<\/p>\n<p class=\" wall-content\">\u2013 Interdiction des <strong>op\u00e9rations de br\u00fblage<\/strong> \u00e0 l\u2019air libre des d\u00e9chets verts<br \/>\u2013 Report des <strong>travaux<\/strong> d\u2019entretien ou de nettoyage \u00e9metteurs de compos\u00e9s organiques volatils (outils \u00e0 moteur thermique, solvants, vernis, colles, peintures\u2026)<br \/>\u2013 Pour le secteur industriel, les installations class\u00e9es pour la protection de l\u2019environnement mettent en \u0153uvre les prescriptions particuli\u00e8res dans leurs arr\u00eat\u00e9s d\u2019autorisation d\u2019exploitation en cas de d\u00e9clenchement de la proc\u00e9dure d\u2019alerte pollution.<\/p>\n<p class=\" wall-content\">La pr\u00e9fecture de Police de Paris recommande \u00e9galement de limiter, dans la mesure du possible \u00ab\u2009les d\u00e9placements en voiture, de <strong>privil\u00e9gier le t\u00e9l\u00e9travail<\/strong> et, en cas de n\u00e9cessit\u00e9, de pratiquer le covoiturage.\u2009\u00bb<\/p>\n<p class=\" wall-content\">Suivez toute l\u2019actualit\u00e9 de vos villes et m\u00e9dias favoris en vous inscrivant \u00e0 <a href=\"https:\/\/moncompte.actu.fr\" title=\"D\u00e9couvez Mon Actu\" rel=\"nofollow noopener\" data-trk=\"{&quot;cta&quot;:{&quot;action&quot;:&quot;https:\\\/\\\/moncompte.actu.fr&quot;,&quot;category&quot;:&quot;mon compte&quot;,&quot;from&quot;:&quot;article footer&quot;,&quot;name&quot;:&quot;Mon actu&quot;,&quot;type&quot;:&quot;cta&quot;}}\" target=\"_blank\">Mon Actu<\/a>.<\/p>\n","protected":false},"excerpt":{"rendered":"Par R\u00e9daction Paris Publi\u00e9 le 30 juin 2025 \u00e0 8h47 Chaleur +\u00a0soleil =\u00a0augmentation des concentrations en ozone. La&hellip;\n","protected":false},"author":2,"featured_media":215290,"comment_status":"","ping_status":"","sticky":false,"template":"","format":"standard","meta":{"footnotes":""},"categories":[1888],"tags":[1111,1928,11,1927,3542,1777,674,1011,27,12,1926,626,1925,1800,1931,25,104],"class_list":{"0":"post-215289","1":"post","2":"type-post","3":"status-publish","4":"format-standard","5":"has-post-thumbnail","7":"category-paris","8":"tag-actu","9":"tag-actu-paris","10":"tag-actualites","11":"tag-actualites-paris","12":"tag-circulation","13":"tag-eu","14":"tag-europe","15":"tag-fr","16":"tag-france","17":"tag-news","18":"tag-news-paris","19":"tag-paris","20":"tag-paris-news","21":"tag-pollution","22":"tag-prefecture-de-police-de-paris","23":"tag-republique-francaise","24":"tag-societe"},"share_on_mastodon":{"url":"https:\/\/pubeurope.com\/@fr\/114771520694369185","error":""},"_links":{"self":[{"href":"https:\/\/www.europesays.com\/fr\/wp-json\/wp\/v2\/posts\/215289","targetHints":{"allow":["GET"]}}],"collection":[{"href":"https:\/\/www.europesays.com\/fr\/wp-json\/wp\/v2\/posts"}],"about":[{"href":"https:\/\/www.europesays.com\/fr\/wp-json\/wp\/v2\/types\/post"}],"author":[{"embeddable":true,"href":"https:\/\/www.europesays.com\/fr\/wp-json\/wp\/v2\/users\/2"}],"replies":[{"embeddable":true,"href":"https:\/\/www.europesays.com\/fr\/wp-json\/wp\/v2\/comments?post=215289"}],"version-history":[{"count":0,"href":"https:\/\/www.europesays.com\/fr\/wp-json\/wp\/v2\/posts\/215289\/revisions"}],"wp:featuredmedia":[{"embeddable":true,"href":"https:\/\/www.europesays.com\/fr\/wp-json\/wp\/v2\/media\/215290"}],"wp:attachment":[{"href":"https:\/\/www.europesays.com\/fr\/wp-json\/wp\/v2\/media?parent=215289"}],"wp:term":[{"taxonomy":"category","embeddable":true,"href":"https:\/\/www.europesays.com\/fr\/wp-json\/wp\/v2\/categories?post=215289"},{"taxonomy":"post_tag","embeddable":true,"href":"https:\/\/www.europesays.com\/fr\/wp-json\/wp\/v2\/tags?post=215289"}],"curies":[{"name":"wp","href":"https:\/\/api.w.org\/{rel}","templated":true}]}}